{"id":3182,"date":"2016-08-29T22:55:24","date_gmt":"2016-08-29T22:55:24","guid":{"rendered":"http:\/\/www.jornaldaconstrucaocivil.com.br\/?p=3182"},"modified":"2016-08-29T22:55:24","modified_gmt":"2016-08-29T22:55:24","slug":"pedro-e-florinda-wickbold-exibem-exposicao-embarque-luz-na-la-lampe","status":"publish","type":"post","link":"https:\/\/construcaocivil.siriusmarketingedesign.com.br\/?p=3182","title":{"rendered":"Pedro e Florinda Wickbold exibem exposi\u00e7\u00e3o Embarque Luz na La Lampe"},"content":{"rendered":"<p><span style=\"color: #993300;\">Arte e Cultura\u00a0<\/span><\/p>\n<p><span style=\"color: #000000;\"><span style=\"color: #0000ff;\"><a href=\"http:\/\/www.jornaldaconstrucaocivil.com.br\/wp-content\/uploads\/2016\/08\/Velas.jpg\"><img loading=\"lazy\" decoding=\"async\" class=\"size-full wp-image-3185 alignleft\" src=\"http:\/\/www.jornaldaconstrucaocivil.com.br\/wp-content\/uploads\/2016\/08\/Velas.jpg\" alt=\"Velas\" width=\"200\" height=\"300\" \/><\/a>Agosto, 2016<\/span> &#8211; Viajar um ano pelo mundo requer, antes de tudo, abertura para o inesperado. Foi esse sentimento que fez Pedro e Florinda Wickbold embarcarem em uma aventura que passou por 37 pa\u00edses e mais de 120 cidades, tudo registrado para a exposi\u00e7\u00e3o Embarque Luz, aberta ao p\u00fablico de 25 de agosto a 10 de setembro, na La Lampe (Al. Gabriel Monteiro da Silva, 1258).<\/span><\/p>\n<p>&nbsp;<\/p>\n<p><span style=\"color: #000000;\">A ideia surgiu em um caf\u00e9 da manh\u00e3. Um m\u00eas depois de ter vendido a importadora de rel\u00f3gios que tinha, Pedro sugeriu a viagem para a esposa. <em>\u201cN\u00e3o sei de onde tive a inspira\u00e7\u00e3o para propor isso. Acho que foi simplesmente uma intui\u00e7\u00e3o\u201d<\/em>.<\/span><\/p>\n<p><span style=\"color: #000000;\">Depois disso, compraram a passagem e partiram rumo \u00e0 \u00c1sia, onde o percurso se iniciou. Dos cinco continentes, voltaram com uma mistura de sentimentos que os fizeram repensar em todas aquelas verdades absolutas de suas vidas.<\/span><\/p>\n<p>&nbsp;<\/p>\n<p><a href=\"http:\/\/www.jornaldaconstrucaocivil.com.br\/wp-content\/uploads\/2016\/08\/BLACK.jpg\"><img loading=\"lazy\" decoding=\"async\" class=\"size-full wp-image-3184 alignright\" src=\"http:\/\/www.jornaldaconstrucaocivil.com.br\/wp-content\/uploads\/2016\/08\/BLACK.jpg\" alt=\"BLACK\" width=\"200\" height=\"300\" \/><\/a><\/p>\n<p><span style=\"color: #000000;\">Das experi\u00eancias mais marcantes, pegaram o in\u00edcio da crise imigrat\u00f3ria, na Ilha de Kos, na Gr\u00e9cia; viram a reabertura dos bancos em Atenas em uma das maiores crises financeiras recentes da Uni\u00e3o Europ\u00e9ia; estiveram no Nepal 10 dias antes do terremoto terr\u00edvel que assolou o pa\u00eds; enfrentaram a pior seca do s\u00e9culo na Eti\u00f3pia; subiram um vulc\u00e3o em atividade escoltados pelo ex\u00e9rcito da ONU na fronteira do mesmo pa\u00eds com a Eritr\u00e9ia (onde quatro cientistas foram assassinados por rebeldes do pa\u00eds vizinho em 2012); dormiram a c\u00e9u aberto em uma estrutura de bambu em um povoado no meio do deserto com temperaturas que chegavam a 52\u00ba graus durante o dia; participaram do festival Holi na India e viram a beleza inesgot\u00e1vel das cerejeiras no Jap\u00e3o.<\/span><\/p>\n<p><a href=\"http:\/\/www.jornaldaconstrucaocivil.com.br\/wp-content\/uploads\/2016\/08\/EXPOSI\u00c7\u00c2O.jpg\"><img loading=\"lazy\" decoding=\"async\" class=\"size-full wp-image-3183 alignleft\" src=\"http:\/\/www.jornaldaconstrucaocivil.com.br\/wp-content\/uploads\/2016\/08\/EXPOSI\u00c7\u00c2O.jpg\" alt=\"EXPOSI\u00c7\u00c2O\" width=\"200\" height=\"300\" \/><\/a><\/p>\n<p><span style=\"color: #000000;\"><em>\u201cDepois de passar por tudo isso, \u00e9 imposs\u00edvel n\u00e3o se dar conta do tamanho da nossa insignific\u00e2ncia. Tudo que t\u00ednhamos certeza foi se desconstruindo com a percep\u00e7\u00e3o de que a sociedade mensura nosso sucesso pelas coisas erradas. Cobram para sermos bem-sucedidos profissionalmente, criarmos uma fam\u00edlia de comercial de margarina, mas a felicidade est\u00e1 no dia-a-dia, na incerteza, no frio na barriga, no olhar ao pr\u00f3ximo, na coer\u00eancia de nossos atos. Ela \u00e9 simplesmente o desenrolar do processo de evolu\u00e7\u00e3o\u201d<\/em>, conclui Pedro.<\/span><\/p>\n<p><span style=\"color: #000000;\">Ap\u00f3s esse per\u00edodo, o intuito do casal \u00e9 levar a exposi\u00e7\u00e3o para escolas e mostrar aos alunos a import\u00e2ncia de conviver com as diferen\u00e7as e como respeitar as decis\u00f5es do outro torna a vida mais tolerante e feliz.<\/span><\/p>\n<p><span style=\"color: #993300;\"><strong>O Embarque<\/strong><\/span><\/p>\n<p><span style=\"color: #000000;\">Levando na mala apenas hist\u00f3rias, cren\u00e7as e uma vida toda de verdades absolutas, o casal economizou tudo o que precisariam em 20 quilos para embarcar. No meio do caminho descobriram que n\u00e3o era necess\u00e1rio mais que isso. Fundamental mesmo era deixar parte da bagagem acumulada, coisas que n\u00e3o faziam mais parte do essencial, que os distra\u00edam na loucura do cotidiano.<\/span><\/p>\n<p><span style=\"color: #800080;\">Informa\u00e7\u00f5es:<\/span><\/p>\n<p><span style=\"color: #800080;\">Embarque Luz<\/span><\/p>\n<p><span style=\"color: #800080;\">Local: La Lampe \u2013 Rua Gabriel Monteiro da Silva, 1258<\/span><\/p>\n<p><span style=\"color: #800080;\">Data: 25 de agosto a 10 de setembro<\/span><\/p>\n","protected":false},"excerpt":{"rendered":"<p>Arte e Cultura\u00a0 Agosto, 2016 &#8211; Viajar um ano pelo mundo requer, antes de tudo, abertura para o inesperado. Foi esse sentimento que fez Pedro e Florinda Wickbold embarcarem em uma aventura que passou por 37 pa\u00edses e mais de 120 cidades, tudo registrado para a exposi\u00e7\u00e3o Embarque Luz, aberta ao p\u00fablico de 25 de [&hellip;]<\/p>\n","protected":false},"author":1,"featured_media":0,"comment_status":"open","ping_status":"open","sticky":false,"template":"","format":"standard","meta":{"_uag_custom_page_level_css":"","footnotes":""},"categories":[37],"tags":[4091,4439,4771,5886,8097,8779,10668],"class_list":["post-3182","post","type-post","status-publish","format-standard","hentry","category-sustentabilidade","tag-embarque-luz","tag-eritreia","tag-exposicao","tag-ilha-de-kos","tag-nepal","tag-pedro-e-florinda-wickbold","tag-sao-paulo"],"blocksy_meta":[],"spectra_blocks_featured_image_url":null,"spectra_blocks_author_info":{"display_name":"Jornal da Constru\u00e7\u00e3o Civil","avatar_url":"https:\/\/secure.gravatar.com\/avatar\/973c9774fd44ddaceb026973c4962faa70fc512bc4c9da68e8ebb40fecee6540?s=96&d=mm&r=g","author_link":"https:\/\/construcaocivil.siriusmarketingedesign.com.br\/?author=1","description":"Desde de 2013, levando muitas informa\u00e7\u00f5es, lan\u00e7amentos e produtos de qualidade para toda cadeia produtiva da constru\u00e7\u00e3o. O Futuro da constru\u00e7\u00e3o passa por aqui,"},"uagb_featured_image_src":{"full":false,"thumbnail":false,"medium":false,"medium_large":false,"large":false,"1536x1536":false,"2048x2048":false},"uagb_author_info":{"display_name":"Jornal da Constru\u00e7\u00e3o Civil","author_link":"https:\/\/construcaocivil.siriusmarketingedesign.com.br\/?author=1"},"uagb_comment_info":0,"uagb_excerpt":"Arte e Cultura\u00a0 Agosto, 2016 &#8211; Viajar um ano pelo mundo requer, antes de tudo, abertura para o inesperado. Foi esse sentimento que fez Pedro e Florinda Wickbold embarcarem em uma aventura que passou por 37 pa\u00edses e mais de 120 cidades, tudo registrado para a exposi\u00e7\u00e3o Embarque Luz, aberta ao p\u00fablico de 25 de&hellip;","_links":{"self":[{"href":"https:\/\/construcaocivil.siriusmarketingedesign.com.br\/index.php?rest_route=\/wp\/v2\/posts\/3182","targetHints":{"allow":["GET"]}}],"collection":[{"href":"https:\/\/construcaocivil.siriusmarketingedesign.com.br\/index.php?rest_route=\/wp\/v2\/posts"}],"about":[{"href":"https:\/\/construcaocivil.siriusmarketingedesign.com.br\/index.php?rest_route=\/wp\/v2\/types\/post"}],"author":[{"embeddable":true,"href":"https:\/\/construcaocivil.siriusmarketingedesign.com.br\/index.php?rest_route=\/wp\/v2\/users\/1"}],"replies":[{"embeddable":true,"href":"https:\/\/construcaocivil.siriusmarketingedesign.com.br\/index.php?rest_route=%2Fwp%2Fv2%2Fcomments&post=3182"}],"version-history":[{"count":0,"href":"https:\/\/construcaocivil.siriusmarketingedesign.com.br\/index.php?rest_route=\/wp\/v2\/posts\/3182\/revisions"}],"wp:attachment":[{"href":"https:\/\/construcaocivil.siriusmarketingedesign.com.br\/index.php?rest_route=%2Fwp%2Fv2%2Fmedia&parent=3182"}],"wp:term":[{"taxonomy":"category","embeddable":true,"href":"https:\/\/construcaocivil.siriusmarketingedesign.com.br\/index.php?rest_route=%2Fwp%2Fv2%2Fcategories&post=3182"},{"taxonomy":"post_tag","embeddable":true,"href":"https:\/\/construcaocivil.siriusmarketingedesign.com.br\/index.php?rest_route=%2Fwp%2Fv2%2Ftags&post=3182"}],"curies":[{"name":"wp","href":"https:\/\/api.w.org\/{rel}","templated":true}]}}