{"id":3201,"date":"2016-08-31T00:00:15","date_gmt":"2016-08-31T00:00:15","guid":{"rendered":"http:\/\/www.jornaldaconstrucaocivil.com.br\/?p=3201"},"modified":"2016-08-31T00:00:15","modified_gmt":"2016-08-31T00:00:15","slug":"11-milhoes-de-desempregados-e-sinal-de-alerta-para-o-governo","status":"publish","type":"post","link":"https:\/\/construcaocivil.siriusmarketingedesign.com.br\/?p=3201","title":{"rendered":"11 milh\u00f5es de desempregados vira sinal de alerta para o governo federal"},"content":{"rendered":"<p><span style=\"color: #000080;\"><strong>O IBGE divulgou hoje o tamanho da crise no Brasil: 11 milh\u00f5es de desempregados.<\/strong><\/span><\/p>\n<p><a href=\"http:\/\/www.jornaldaconstrucaocivil.com.br\/wp-content\/uploads\/2016\/07\/A\u00e7\u00f5es-trabalhistas-500x350-FRAUDE.jpg\"><img loading=\"lazy\" decoding=\"async\" class=\" wp-image-2471 alignleft\" src=\"http:\/\/www.jornaldaconstrucaocivil.com.br\/wp-content\/uploads\/2016\/07\/A\u00e7\u00f5es-trabalhistas-500x350-FRAUDE.jpg\" alt=\"A\u00e7\u00f5es-trabalhistas-500x350 FRAUDE\" width=\"413\" height=\"289\" \/><\/a><\/p>\n<p><span style=\"color: #000000;\">De acordo com a PNA, a taxa de desocupa\u00e7\u00e3o foi estimada 11,6% no trimestre m\u00f3vel encerrado em julho de 2016, ficando 0,4 ponto percentual (p.p.) acima da observada no trimestre m\u00f3vel que vai de fevereiro a abril (11,2%). Na compara\u00e7\u00e3o com o mesmo trimestre do ano anterior, quando a taxa foi estimada em 8,6%, o quadro tamb\u00e9m foi de eleva\u00e7\u00e3o (3,0 pontos percentuais).<\/span><\/p>\n<p><span style=\"color: #000000;\">A popula\u00e7\u00e3o desocupada (11,8 milh\u00f5es de pessoas) cresceu 3,8% na compara\u00e7\u00e3o com o trimestre fevereiro-abril (11,4 milh\u00f5es), um acr\u00e9scimo de 436 mil pessoas. No confronto com igual trimestre do ano passado, esta estimativa subiu 37,4%, significando um aumento de 3,2 milh\u00f5es de pessoas.<\/span><\/p>\n<p>&nbsp;<\/p>\n<figure id=\"attachment_3208\" aria-describedby=\"caption-attachment-3208\" style=\"width: 428px\" class=\"wp-caption alignright\"><a href=\"http:\/\/www.jornaldaconstrucaocivil.com.br\/wp-content\/uploads\/2016\/08\/DESEMPREGO-II.jpg\"><img loading=\"lazy\" decoding=\"async\" class=\"wp-image-3208\" src=\"http:\/\/www.jornaldaconstrucaocivil.com.br\/wp-content\/uploads\/2016\/08\/DESEMPREGO-II.jpg\" alt=\"DESEMPREGO II\" width=\"428\" height=\"241\" \/><\/a><figcaption id=\"caption-attachment-3208\" class=\"wp-caption-text\"><span style=\"color: #ff0000;\">Imagem: Internet<\/span><\/figcaption><\/figure>\n<p><span style=\"color: #000000;\">J\u00e1 a popula\u00e7\u00e3o ocupada (90,5 milh\u00f5es) ficou est\u00e1vel quando comparada com o trimestre de fevereiro a abril de 2016 (apesar de ter havido um decr\u00e9scimo de 146 mil pessoas, esta queda n\u00e3o foi estatisticamente significativa). Em compara\u00e7\u00e3o com igual trimestre do ano passado, quando o total de ocupados era de 92,2 milh\u00f5es de pessoas, foi registrado decl\u00ednio de 1,8%, significando, aproximadamente, menos 1,7 milh\u00e3o de pessoas no contingente de ocupados.<\/span><\/p>\n<p><span style=\"color: #000000;\">O n\u00famero de empregados com carteira assinada (34,3 milh\u00f5es) n\u00e3o apresentou varia\u00e7\u00e3o estatisticamente significativa em compara\u00e7\u00e3o com trimestre de fevereiro a abril de 2016. Contudo, frente ao trimestre de maio a julho de 2015, houve queda de 3,9%, uma perda de 1,4 milh\u00e3o de pessoas com carteira assinada.<\/span><\/p>\n<p><span style=\"color: #000000;\">O rendimento m\u00e9dio real habitualmente recebido em todos os trabalhos (R$ 1.985) registrou estabilidade frente ao trimestre de fevereiro a abril de 2016 (R$ 1.997) e decl\u00ednio de 3,0% em rela\u00e7\u00e3o ao mesmo trimestre do ano anterior (R$ 2.048).<\/span><\/p>\n<p><span style=\"color: #000000;\">A massa de rendimento real habitualmente recebida em todos os trabalhos (R$ 175,3 bilh\u00f5es) n\u00e3o mostrou varia\u00e7\u00e3o significativa em rela\u00e7\u00e3o ao trimestre de fevereiro a abril de 2016, e recuo de 4,0% frente ao mesmo trimestre do ano anterior.<\/span><\/p>\n<p><span style=\"color: #993300;\">Fonte: IBGE\u00a0<\/span><\/p>\n<p>&nbsp;<\/p>\n","protected":false},"excerpt":{"rendered":"<p>O IBGE divulgou hoje o tamanho da crise no Brasil: 11 milh\u00f5es de desempregados. De acordo com a PNA, a taxa de desocupa\u00e7\u00e3o foi estimada 11,6% no trimestre m\u00f3vel encerrado em julho de 2016, ficando 0,4 ponto percentual (p.p.) acima da observada no trimestre m\u00f3vel que vai de fevereiro a abril (11,2%). Na compara\u00e7\u00e3o com [&hellip;]<\/p>\n","protected":false},"author":1,"featured_media":3208,"comment_status":"open","ping_status":"open","sticky":false,"template":"","format":"standard","meta":{"_uag_custom_page_level_css":"","footnotes":""},"categories":[27],"tags":[1535,3198,3501,4018,4838,5554,11844],"class_list":["post-3201","post","type-post","status-publish","format-standard","has-post-thumbnail","hentry","category-acontece","tag-brasil","tag-crise","tag-desemprego","tag-eleicoes-2016","tag-falencia-rio-de-janeiro","tag-governo-federal","tag-trabalhadores"],"blocksy_meta":[],"spectra_blocks_featured_image_url":[],"spectra_blocks_author_info":{"display_name":"Jornal da Constru\u00e7\u00e3o Civil","avatar_url":"https:\/\/secure.gravatar.com\/avatar\/973c9774fd44ddaceb026973c4962faa70fc512bc4c9da68e8ebb40fecee6540?s=96&d=mm&r=g","author_link":"https:\/\/construcaocivil.siriusmarketingedesign.com.br\/?author=1","description":"Desde de 2013, levando muitas informa\u00e7\u00f5es, lan\u00e7amentos e produtos de qualidade para toda cadeia produtiva da constru\u00e7\u00e3o. O Futuro da constru\u00e7\u00e3o passa por aqui,"},"uagb_featured_image_src":{"full":false,"thumbnail":false,"medium":false,"medium_large":false,"large":false,"1536x1536":false,"2048x2048":false},"uagb_author_info":{"display_name":"Jornal da Constru\u00e7\u00e3o Civil","author_link":"https:\/\/construcaocivil.siriusmarketingedesign.com.br\/?author=1"},"uagb_comment_info":0,"uagb_excerpt":"O IBGE divulgou hoje o tamanho da crise no Brasil: 11 milh\u00f5es de desempregados. De acordo com a PNA, a taxa de desocupa\u00e7\u00e3o foi estimada 11,6% no trimestre m\u00f3vel encerrado em julho de 2016, ficando 0,4 ponto percentual (p.p.) acima da observada no trimestre m\u00f3vel que vai de fevereiro a abril (11,2%). Na compara\u00e7\u00e3o com&hellip;","_links":{"self":[{"href":"https:\/\/construcaocivil.siriusmarketingedesign.com.br\/index.php?rest_route=\/wp\/v2\/posts\/3201","targetHints":{"allow":["GET"]}}],"collection":[{"href":"https:\/\/construcaocivil.siriusmarketingedesign.com.br\/index.php?rest_route=\/wp\/v2\/posts"}],"about":[{"href":"https:\/\/construcaocivil.siriusmarketingedesign.com.br\/index.php?rest_route=\/wp\/v2\/types\/post"}],"author":[{"embeddable":true,"href":"https:\/\/construcaocivil.siriusmarketingedesign.com.br\/index.php?rest_route=\/wp\/v2\/users\/1"}],"replies":[{"embeddable":true,"href":"https:\/\/construcaocivil.siriusmarketingedesign.com.br\/index.php?rest_route=%2Fwp%2Fv2%2Fcomments&post=3201"}],"version-history":[{"count":0,"href":"https:\/\/construcaocivil.siriusmarketingedesign.com.br\/index.php?rest_route=\/wp\/v2\/posts\/3201\/revisions"}],"wp:attachment":[{"href":"https:\/\/construcaocivil.siriusmarketingedesign.com.br\/index.php?rest_route=%2Fwp%2Fv2%2Fmedia&parent=3201"}],"wp:term":[{"taxonomy":"category","embeddable":true,"href":"https:\/\/construcaocivil.siriusmarketingedesign.com.br\/index.php?rest_route=%2Fwp%2Fv2%2Fcategories&post=3201"},{"taxonomy":"post_tag","embeddable":true,"href":"https:\/\/construcaocivil.siriusmarketingedesign.com.br\/index.php?rest_route=%2Fwp%2Fv2%2Ftags&post=3201"}],"curies":[{"name":"wp","href":"https:\/\/api.w.org\/{rel}","templated":true}]}}