{"id":3203,"date":"2016-08-31T00:07:12","date_gmt":"2016-08-31T00:07:12","guid":{"rendered":"http:\/\/www.jornaldaconstrucaocivil.com.br\/?p=3203"},"modified":"2016-08-31T00:07:12","modified_gmt":"2016-08-31T00:07:12","slug":"inovacao-e-instrumento-para-sair-da-crise-diz-vice-presidente-da-fiep-em-seminario-de-eletroquimica","status":"publish","type":"post","link":"https:\/\/construcaocivil.siriusmarketingedesign.com.br\/?p=3203","title":{"rendered":"Inova\u00e7\u00e3o \u00e9 instrumento para sair da crise, diz vice-presidente da Fiep em semin\u00e1rio de eletroqu\u00edmica"},"content":{"rendered":"<p><strong><span style=\"color: #000000;\"><em>Evento internacional re\u00fane especialistas da \u00e1rea de eletroqu\u00edmica em Curitiba para debates sobre inova\u00e7\u00e3o<\/em><\/span><\/strong><\/p>\n<p><span style=\"color: #000000;\">Nesta ter\u00e7a-feira (30), durante a abertura do 2\u00b0 Semin\u00e1rio Internacional de Inova\u00e7\u00e3o Industrial em Eletroqu\u00edmica, que acontece em Curitiba e \u00e9 promovido pelo Instituto Senai de Inova\u00e7\u00e3o em Eletroqu\u00edmica, o vice-presidente da Federa\u00e7\u00e3o das Ind\u00fastrias do Estado do Paran\u00e1 (Fiep), Rodrigo Martins, destacou a import\u00e2ncia da inova\u00e7\u00e3o para que momentos de crise econ\u00f4mica, como o que o Brasil passa, sejam superados.<em> &#8220;A nossa miss\u00e3o \u00e9 aproximar as empresas e as pesquisas da inova\u00e7\u00e3o. Independente da crise, a inova\u00e7\u00e3o \u00e9 fundamental para a competitividade das empresas. Ela \u00e9 um instrumento para a sa\u00edda da crise&#8221;<\/em>, disse, sobre o trabalho do instituto e da Fiep.<\/span><\/p>\n<p><span style=\"color: #000000;\">O semin\u00e1rio re\u00fane especialistas de universidades e institutos que realizam pesquisas em eletroqu\u00edmica no Brasil e no mundo, com autoridades de pa\u00edses como Alemanha, Espanha, Portugal, Fran\u00e7a e Canad\u00e1, al\u00e9m de brasileiros de Minas Gerais, S\u00e3o Paulo e Paran\u00e1. Durante a ter\u00e7a e quarta-feira (31), os palestrantes e participantes v\u00e3o debater sobre diversos temas relacionados \u00e0 eletroqu\u00edmica, como baterias, corros\u00e3o, c\u00e9lulas a combust\u00edvel, al\u00e9m dos projetos de inova\u00e7\u00e3o na \u00e1rea.<\/span><\/p>\n<p><span style=\"color: #000000;\">Tamb\u00e9m em seu discurso de abertura, o diretor regional do Senai no Paran\u00e1 e superintendente do Sesi e IEL no estado, Jos\u00e9 Ant\u00f4nio Fares, disse que o evento oferece experi\u00eancias bem-sucedidas do instituto aos participantes.<\/span><\/p>\n<p><span style=\"color: #000000;\">&#8220;O nosso desafio \u00e9 consolidar o Senai na inova\u00e7\u00e3o tecnol\u00f3gica, tanto que, em 2017, teremos um grande plano de divulga\u00e7\u00e3o do programa de inova\u00e7\u00e3o tecnol\u00f3gica. Eu fui cliente do Senai por 15 anos em uma empresa e, se perguntarmos para as empresas quais s\u00e3o os tr\u00eas parceiros vitais para o crescimento sustent\u00e1vel, certamente, entre os tr\u00eas citados estar\u00e1 o nome do Senai&#8221;, destacou.<\/span><\/p>\n<p><span style=\"color: #000000;\">Segundo o diretor do Instituto Senai de Inova\u00e7\u00e3o em Eletroqu\u00edmica, Luiz Carlos Ferracin, \u00e9 importante o debate sobre a inova\u00e7\u00e3o na \u00e1rea de eletroqu\u00edmica, tanto pela abrang\u00eancia que o tema possui, quanto pelo envolvimento de especialistas de universidades com a ind\u00fastria.<em> &#8220;O semin\u00e1rio \u00e9 um momento importante para aproximar a universidade, ser parceiro dela. E de tal forma, que se possa adequar a tecnologia desenvolvida na universidade para a ind\u00fastria para que ela possa conseguir um retorno com esse investimento&#8221;<\/em>.<\/span><\/p>\n<p><span style=\"color: #993300;\"><strong>Servi\u00e7o<\/strong><\/span><\/p>\n<p><span style=\"color: #993300;\">Semin\u00e1rio Internacional de Inova\u00e7\u00e3o Industrial em Eletroqu\u00edmica<\/span><\/p>\n<p><span style=\"color: #993300;\">Endere\u00e7o: Campus da Ind\u00fastria &#8211; Avenida Comendador Franco, 1341, Jd Bot\u00e2nico, Curitiba<\/span><\/p>\n<p><span style=\"color: #993300;\">Dias: 30 e 31 de agosto<\/span><\/p>\n<p>&nbsp;<\/p>\n","protected":false},"excerpt":{"rendered":"<p>Evento internacional re\u00fane especialistas da \u00e1rea de eletroqu\u00edmica em Curitiba para debates sobre inova\u00e7\u00e3o Nesta ter\u00e7a-feira (30), durante a abertura do 2\u00b0 Semin\u00e1rio Internacional de Inova\u00e7\u00e3o Industrial em Eletroqu\u00edmica, que acontece em Curitiba e \u00e9 promovido pelo Instituto Senai de Inova\u00e7\u00e3o em Eletroqu\u00edmica, o vice-presidente da Federa\u00e7\u00e3o das Ind\u00fastrias do Estado do Paran\u00e1 (Fiep), Rodrigo [&hellip;]<\/p>\n","protected":false},"author":1,"featured_media":0,"comment_status":"open","ping_status":"open","sticky":false,"template":"","format":"standard","meta":{"_uag_custom_page_level_css":"","footnotes":""},"categories":[27],"tags":[],"class_list":["post-3203","post","type-post","status-publish","format-standard","hentry","category-acontece"],"blocksy_meta":[],"spectra_blocks_featured_image_url":null,"spectra_blocks_author_info":{"display_name":"Jornal da Constru\u00e7\u00e3o Civil","avatar_url":"https:\/\/secure.gravatar.com\/avatar\/973c9774fd44ddaceb026973c4962faa70fc512bc4c9da68e8ebb40fecee6540?s=96&d=mm&r=g","author_link":"https:\/\/construcaocivil.siriusmarketingedesign.com.br\/?author=1","description":"Desde de 2013, levando muitas informa\u00e7\u00f5es, lan\u00e7amentos e produtos de qualidade para toda cadeia produtiva da constru\u00e7\u00e3o. O Futuro da constru\u00e7\u00e3o passa por aqui,"},"uagb_featured_image_src":{"full":false,"thumbnail":false,"medium":false,"medium_large":false,"large":false,"1536x1536":false,"2048x2048":false},"uagb_author_info":{"display_name":"Jornal da Constru\u00e7\u00e3o Civil","author_link":"https:\/\/construcaocivil.siriusmarketingedesign.com.br\/?author=1"},"uagb_comment_info":0,"uagb_excerpt":"Evento internacional re\u00fane especialistas da \u00e1rea de eletroqu\u00edmica em Curitiba para debates sobre inova\u00e7\u00e3o Nesta ter\u00e7a-feira (30), durante a abertura do 2\u00b0 Semin\u00e1rio Internacional de Inova\u00e7\u00e3o Industrial em Eletroqu\u00edmica, que acontece em Curitiba e \u00e9 promovido pelo Instituto Senai de Inova\u00e7\u00e3o em Eletroqu\u00edmica, o vice-presidente da Federa\u00e7\u00e3o das Ind\u00fastrias do Estado do Paran\u00e1 (Fiep), Rodrigo&hellip;","_links":{"self":[{"href":"https:\/\/construcaocivil.siriusmarketingedesign.com.br\/index.php?rest_route=\/wp\/v2\/posts\/3203","targetHints":{"allow":["GET"]}}],"collection":[{"href":"https:\/\/construcaocivil.siriusmarketingedesign.com.br\/index.php?rest_route=\/wp\/v2\/posts"}],"about":[{"href":"https:\/\/construcaocivil.siriusmarketingedesign.com.br\/index.php?rest_route=\/wp\/v2\/types\/post"}],"author":[{"embeddable":true,"href":"https:\/\/construcaocivil.siriusmarketingedesign.com.br\/index.php?rest_route=\/wp\/v2\/users\/1"}],"replies":[{"embeddable":true,"href":"https:\/\/construcaocivil.siriusmarketingedesign.com.br\/index.php?rest_route=%2Fwp%2Fv2%2Fcomments&post=3203"}],"version-history":[{"count":0,"href":"https:\/\/construcaocivil.siriusmarketingedesign.com.br\/index.php?rest_route=\/wp\/v2\/posts\/3203\/revisions"}],"wp:attachment":[{"href":"https:\/\/construcaocivil.siriusmarketingedesign.com.br\/index.php?rest_route=%2Fwp%2Fv2%2Fmedia&parent=3203"}],"wp:term":[{"taxonomy":"category","embeddable":true,"href":"https:\/\/construcaocivil.siriusmarketingedesign.com.br\/index.php?rest_route=%2Fwp%2Fv2%2Fcategories&post=3203"},{"taxonomy":"post_tag","embeddable":true,"href":"https:\/\/construcaocivil.siriusmarketingedesign.com.br\/index.php?rest_route=%2Fwp%2Fv2%2Ftags&post=3203"}],"curies":[{"name":"wp","href":"https:\/\/api.w.org\/{rel}","templated":true}]}}