{"id":3216,"date":"2016-08-31T22:50:08","date_gmt":"2016-08-31T22:50:08","guid":{"rendered":"http:\/\/www.jornaldaconstrucaocivil.com.br\/?p=3216"},"modified":"2016-08-31T22:50:08","modified_gmt":"2016-08-31T22:50:08","slug":"10o-premio-ozires-silva-de-empreendedorismo-sustentavel","status":"publish","type":"post","link":"https:\/\/construcaocivil.siriusmarketingedesign.com.br\/?p=3216","title":{"rendered":"10\u00ba Pr\u00eamio Ozires Silva de Empreendedorismo Sustent\u00e1vel"},"content":{"rendered":"<p><span style=\"color: #000080;\">A premia\u00e7\u00e3o reconhece os melhores projetos nas \u00e1reas de empreendedorismo e sustentabilidade de todo o pa\u00eds<\/span><\/p>\n<p><span style=\"color: #993300;\">CURITIBA &#8211;\u00a0<\/span>\u00a0J\u00e1 est\u00e3o abertas as inscri\u00e7\u00f5es para a 10\u00aa edi\u00e7\u00e3o do Pr\u00eamio Ozires Silva de Empreendedorismo Sustent\u00e1vel, iniciativa do Instituto Superior de Administra\u00e7\u00e3o e Economia (ISAE). Realizado anualmente, o pr\u00eamio homenageia um dos grandes empreendedores da hist\u00f3ria brasileira e \u00e9 considerado uma das grandes celebra\u00e7\u00f5es do empreendedorismo sustent\u00e1vel, reunindo projetos de todos os cantos do pa\u00eds que contribuam para o desenvolvimento da sociedade.<\/p>\n<p><a href=\"http:\/\/www.jornaldaconstrucaocivil.com.br\/wp-content\/uploads\/2016\/08\/OZIRES.jpg\"><img loading=\"lazy\" decoding=\"async\" class=\" wp-image-3217 alignleft\" src=\"http:\/\/www.jornaldaconstrucaocivil.com.br\/wp-content\/uploads\/2016\/08\/OZIRES.jpg\" alt=\"OZIRES\" width=\"337\" height=\"230\" \/><\/a><\/p>\n<p>Em sua d\u00e9cima edi\u00e7\u00e3o, o Pr\u00eamio Ozires Silva de Empreendedorismo Sustent\u00e1vel est\u00e1 dividido em quatro categorias (Empreendedorismo Social, Empreendedorismo Ambiental, Empreendedorismo na Educa\u00e7\u00e3o e Empreendedorismo Econ\u00f4mico) que abrangem tr\u00eas modalidades: Empresarial (Empresa de Micro e Pequeno porte, Empresa de M\u00e9dio porte, Empresa de Grande-M\u00e9dio e Grande porte), Comunidade Acad\u00eamica (Gradua\u00e7\u00e3o e P\u00f3s-Gradua\u00e7\u00e3o) e Pessoa F\u00edsica. Al\u00e9m disso, nessa edi\u00e7\u00e3o o pr\u00eamio apoia os 17 Objetivos de Desenvolvimento Sustent\u00e1vel (ODS), lan\u00e7ados pela Organiza\u00e7\u00e3o das Na\u00e7\u00f5es Unidas (ONU).<\/p>\n<p><span style=\"color: #000000;\">O Pr\u00eamio Ozires Silva de Empreendedorismo Sustent\u00e1vel chega ao seu d\u00e9cimo ano de hist\u00f3ria reconhecendo ideias e projetos que contribuem para a melhoria de vida de milhares de brasileiros.<em> \u201cAo longo desses anos, ficou claro para n\u00f3s que o conjunto das iniciativas destacadas pela premia\u00e7\u00e3o traz uma mudan\u00e7a de paradigmas. Isso \u00e9 motivador e nos empolga, dando a certeza de que com criatividade e incentivo, os empreendedores brasileiros podem construir uma sociedade digna e justa para todos\u201d,<\/em> comemora Norman de Paula Arruda Filho, presidente do Instituto Superior de Administra\u00e7\u00e3o e Economia (ISAE).<\/span><\/p>\n<p><strong>Sobre Ozires Silva<\/strong><\/p>\n<p><span style=\"color: #000000;\">Formado em engenharia pelo Instituto Tecnol\u00f3gico de Aeron\u00e1utica (ITA), Ozires Silva traz um longo hist\u00f3rico de contribui\u00e7\u00e3o para o desenvolvimento do pa\u00eds, principalmente para o avan\u00e7o da ind\u00fastria aeron\u00e1utica brasileira. Foi um dos fundadores da Embraer, presidente da Petrobras e, posteriormente, ministro da Infraestrutura. J\u00e1 publicou cinco livros e recebeu diversas condecora\u00e7\u00f5es internacionais.<\/span><\/p>\n<p><span style=\"color: #000000;\">As inscri\u00e7\u00f5es para o 10\u00ba Pr\u00eamio Ozires Silva de Empreendedorismo Sustent\u00e1vel s\u00e3o gratuitas e podem ser realizadas at\u00e9 o dia 07 de dezembro por meio do site do pr\u00eamio\u00a0<span style=\"color: #0000ff;\">(www.isaebrasil.com.br\/premio)<\/span>. Os grandes vencedores ser\u00e3o conhecidos na festa de premia\u00e7\u00e3o, que ser\u00e1 realizada em Curitiba, no dia 08 de fevereiro de 2017. Mais informa\u00e7\u00f5es pelo<span style=\"color: #0000ff;\"> e-mailpremio@isaebrasil.com.br<\/span> ou <span style=\"color: #0000ff;\">(41) 3388-7817<\/span>.<\/span><\/p>\n","protected":false},"excerpt":{"rendered":"<p>A premia\u00e7\u00e3o reconhece os melhores projetos nas \u00e1reas de empreendedorismo e sustentabilidade de todo o pa\u00eds CURITIBA &#8211;\u00a0\u00a0J\u00e1 est\u00e3o abertas as inscri\u00e7\u00f5es para a 10\u00aa edi\u00e7\u00e3o do Pr\u00eamio Ozires Silva de Empreendedorismo Sustent\u00e1vel, iniciativa do Instituto Superior de Administra\u00e7\u00e3o e Economia (ISAE). Realizado anualmente, o pr\u00eamio homenageia um dos grandes empreendedores da hist\u00f3ria brasileira e [&hellip;]<\/p>\n","protected":false},"author":1,"featured_media":3217,"comment_status":"open","ping_status":"open","sticky":false,"template":"","format":"standard","meta":{"_uag_custom_page_level_css":"","footnotes":""},"categories":[37],"tags":[4114,4116,4118,6408,9341,9369],"class_list":["post-3216","post","type-post","status-publish","format-standard","has-post-thumbnail","hentry","category-sustentabilidade","tag-empreendedorismo-ambiental","tag-empreendedorismo-economico","tag-empreendedorismo-na-educacao","tag-isae-brasil","tag-premio-ozires-silva-de-empreendedorismo-sustentavel","tag-presidente-da-petrobras"],"blocksy_meta":[],"spectra_blocks_featured_image_url":[],"spectra_blocks_author_info":{"display_name":"Jornal da Constru\u00e7\u00e3o Civil","avatar_url":"https:\/\/secure.gravatar.com\/avatar\/973c9774fd44ddaceb026973c4962faa70fc512bc4c9da68e8ebb40fecee6540?s=96&d=mm&r=g","author_link":"https:\/\/construcaocivil.siriusmarketingedesign.com.br\/?author=1","description":"Desde de 2013, levando muitas informa\u00e7\u00f5es, lan\u00e7amentos e produtos de qualidade para toda cadeia produtiva da constru\u00e7\u00e3o. O Futuro da constru\u00e7\u00e3o passa por aqui,"},"uagb_featured_image_src":{"full":false,"thumbnail":false,"medium":false,"medium_large":false,"large":false,"1536x1536":false,"2048x2048":false},"uagb_author_info":{"display_name":"Jornal da Constru\u00e7\u00e3o Civil","author_link":"https:\/\/construcaocivil.siriusmarketingedesign.com.br\/?author=1"},"uagb_comment_info":0,"uagb_excerpt":"A premia\u00e7\u00e3o reconhece os melhores projetos nas \u00e1reas de empreendedorismo e sustentabilidade de todo o pa\u00eds CURITIBA &#8211;\u00a0\u00a0J\u00e1 est\u00e3o abertas as inscri\u00e7\u00f5es para a 10\u00aa edi\u00e7\u00e3o do Pr\u00eamio Ozires Silva de Empreendedorismo Sustent\u00e1vel, iniciativa do Instituto Superior de Administra\u00e7\u00e3o e Economia (ISAE). Realizado anualmente, o pr\u00eamio homenageia um dos grandes empreendedores da hist\u00f3ria brasileira e&hellip;","_links":{"self":[{"href":"https:\/\/construcaocivil.siriusmarketingedesign.com.br\/index.php?rest_route=\/wp\/v2\/posts\/3216","targetHints":{"allow":["GET"]}}],"collection":[{"href":"https:\/\/construcaocivil.siriusmarketingedesign.com.br\/index.php?rest_route=\/wp\/v2\/posts"}],"about":[{"href":"https:\/\/construcaocivil.siriusmarketingedesign.com.br\/index.php?rest_route=\/wp\/v2\/types\/post"}],"author":[{"embeddable":true,"href":"https:\/\/construcaocivil.siriusmarketingedesign.com.br\/index.php?rest_route=\/wp\/v2\/users\/1"}],"replies":[{"embeddable":true,"href":"https:\/\/construcaocivil.siriusmarketingedesign.com.br\/index.php?rest_route=%2Fwp%2Fv2%2Fcomments&post=3216"}],"version-history":[{"count":0,"href":"https:\/\/construcaocivil.siriusmarketingedesign.com.br\/index.php?rest_route=\/wp\/v2\/posts\/3216\/revisions"}],"wp:attachment":[{"href":"https:\/\/construcaocivil.siriusmarketingedesign.com.br\/index.php?rest_route=%2Fwp%2Fv2%2Fmedia&parent=3216"}],"wp:term":[{"taxonomy":"category","embeddable":true,"href":"https:\/\/construcaocivil.siriusmarketingedesign.com.br\/index.php?rest_route=%2Fwp%2Fv2%2Fcategories&post=3216"},{"taxonomy":"post_tag","embeddable":true,"href":"https:\/\/construcaocivil.siriusmarketingedesign.com.br\/index.php?rest_route=%2Fwp%2Fv2%2Ftags&post=3216"}],"curies":[{"name":"wp","href":"https:\/\/api.w.org\/{rel}","templated":true}]}}