{"id":3219,"date":"2016-08-31T22:58:20","date_gmt":"2016-08-31T22:58:20","guid":{"rendered":"http:\/\/www.jornaldaconstrucaocivil.com.br\/?p=3219"},"modified":"2016-08-31T22:58:20","modified_gmt":"2016-08-31T22:58:20","slug":"iab-contra-o-loteamento-politico-do-iphan","status":"publish","type":"post","link":"https:\/\/construcaocivil.siriusmarketingedesign.com.br\/?p=3219","title":{"rendered":"IAB contra o loteamento pol\u00edtico do Iphan"},"content":{"rendered":"<p><span style=\"color: #800000;\">Brasil\u00a0<\/span><\/p>\n<p><span style=\"color: #000000;\"><span style=\"color: #ff0000;\">Rio &#8211;<\/span> O Instituto de Arquitetos do Brasil (IAB) enviou, na quarta-feira, 31 de agosto, of\u00edcio ao ministro da Cultura, Marcelo Calero, preocupado com as substitui\u00e7\u00f5es de chefias das superintend\u00eancias estaduais do Instituto do Patrim\u00f4nio Hist\u00f3rico Nacional (Iphan). O IAB critica as mudan\u00e7as que demonstram atender a acordos pol\u00edtico-partid\u00e1rios sem respaldo t\u00e9cnico. No dia 29 de agosto, o ministro nomeou Jos\u00e9 Lacerda Neto, pol\u00edtico profissional de 11 mandatos de deputado e com 83 anos, para assumir a superintend\u00eancia da Para\u00edba.<\/span><\/p>\n<p><span style=\"color: #000000;\">Para o IAB, o processo de exonera\u00e7\u00e3o de t\u00e9cnicos qualificados e sua substitui\u00e7\u00e3o por pessoas alheias \u00e0 \u00e1rea do patrim\u00f4nio nas superintend\u00eancias estaduais do \u00f3rg\u00e3o \u00e9 de extrema gravidade, e pode levar pela sua reitera\u00e7\u00e3o ao aviltamento da institui\u00e7\u00e3o.<\/span><\/p>\n<p><span style=\"color: #000000;\">No documento encaminhado ao ministro da Cultura, o IAB ressalta que, desde 1937, a autonomia intelectual do Iphan tem sido condi\u00e7\u00e3o indispens\u00e1vel para o desempenho eficaz de suas responsabilidades no que diz respeito \u00e0 preserva\u00e7\u00e3o dos bens culturais brasileiros.<\/span><\/p>\n<p><span style=\"color: #993300;\">Fonte: Assessoria de Imprensa IAB<\/span><\/p>\n<p>&nbsp;<\/p>\n","protected":false},"excerpt":{"rendered":"<p>Brasil\u00a0 Rio &#8211; O Instituto de Arquitetos do Brasil (IAB) enviou, na quarta-feira, 31 de agosto, of\u00edcio ao ministro da Cultura, Marcelo Calero, preocupado com as substitui\u00e7\u00f5es de chefias das superintend\u00eancias estaduais do Instituto do Patrim\u00f4nio Hist\u00f3rico Nacional (Iphan). O IAB critica as mudan\u00e7as que demonstram atender a acordos pol\u00edtico-partid\u00e1rios sem respaldo t\u00e9cnico. No dia [&hellip;]<\/p>\n","protected":false},"author":1,"featured_media":0,"comment_status":"open","ping_status":"open","sticky":false,"template":"","format":"standard","meta":{"_uag_custom_page_level_css":"","footnotes":""},"categories":[27],"tags":[430,3217,6213,6226,7744,8721,9577],"class_list":["post-3219","post","type-post","status-publish","format-standard","hentry","category-acontece","tag-acordos-politicos","tag-crise-politica","tag-instituto-de-arquitetos-do-brasil-iab","tag-instituto-do-patrimonio-historico-nacional-iphan","tag-ministro-da-cultura","tag-patrimonio","tag-profissionalismo"],"blocksy_meta":[],"spectra_blocks_featured_image_url":null,"spectra_blocks_author_info":{"display_name":"Jornal da Constru\u00e7\u00e3o Civil","avatar_url":"https:\/\/secure.gravatar.com\/avatar\/973c9774fd44ddaceb026973c4962faa70fc512bc4c9da68e8ebb40fecee6540?s=96&d=mm&r=g","author_link":"https:\/\/construcaocivil.siriusmarketingedesign.com.br\/?author=1","description":"Desde de 2013, levando muitas informa\u00e7\u00f5es, lan\u00e7amentos e produtos de qualidade para toda cadeia produtiva da constru\u00e7\u00e3o. O Futuro da constru\u00e7\u00e3o passa por aqui,"},"uagb_featured_image_src":{"full":false,"thumbnail":false,"medium":false,"medium_large":false,"large":false,"1536x1536":false,"2048x2048":false},"uagb_author_info":{"display_name":"Jornal da Constru\u00e7\u00e3o Civil","author_link":"https:\/\/construcaocivil.siriusmarketingedesign.com.br\/?author=1"},"uagb_comment_info":0,"uagb_excerpt":"Brasil\u00a0 Rio &#8211; O Instituto de Arquitetos do Brasil (IAB) enviou, na quarta-feira, 31 de agosto, of\u00edcio ao ministro da Cultura, Marcelo Calero, preocupado com as substitui\u00e7\u00f5es de chefias das superintend\u00eancias estaduais do Instituto do Patrim\u00f4nio Hist\u00f3rico Nacional (Iphan). O IAB critica as mudan\u00e7as que demonstram atender a acordos pol\u00edtico-partid\u00e1rios sem respaldo t\u00e9cnico. No dia&hellip;","_links":{"self":[{"href":"https:\/\/construcaocivil.siriusmarketingedesign.com.br\/index.php?rest_route=\/wp\/v2\/posts\/3219","targetHints":{"allow":["GET"]}}],"collection":[{"href":"https:\/\/construcaocivil.siriusmarketingedesign.com.br\/index.php?rest_route=\/wp\/v2\/posts"}],"about":[{"href":"https:\/\/construcaocivil.siriusmarketingedesign.com.br\/index.php?rest_route=\/wp\/v2\/types\/post"}],"author":[{"embeddable":true,"href":"https:\/\/construcaocivil.siriusmarketingedesign.com.br\/index.php?rest_route=\/wp\/v2\/users\/1"}],"replies":[{"embeddable":true,"href":"https:\/\/construcaocivil.siriusmarketingedesign.com.br\/index.php?rest_route=%2Fwp%2Fv2%2Fcomments&post=3219"}],"version-history":[{"count":0,"href":"https:\/\/construcaocivil.siriusmarketingedesign.com.br\/index.php?rest_route=\/wp\/v2\/posts\/3219\/revisions"}],"wp:attachment":[{"href":"https:\/\/construcaocivil.siriusmarketingedesign.com.br\/index.php?rest_route=%2Fwp%2Fv2%2Fmedia&parent=3219"}],"wp:term":[{"taxonomy":"category","embeddable":true,"href":"https:\/\/construcaocivil.siriusmarketingedesign.com.br\/index.php?rest_route=%2Fwp%2Fv2%2Fcategories&post=3219"},{"taxonomy":"post_tag","embeddable":true,"href":"https:\/\/construcaocivil.siriusmarketingedesign.com.br\/index.php?rest_route=%2Fwp%2Fv2%2Ftags&post=3219"}],"curies":[{"name":"wp","href":"https:\/\/api.w.org\/{rel}","templated":true}]}}