{"id":3225,"date":"2016-08-31T23:35:45","date_gmt":"2016-08-31T23:35:45","guid":{"rendered":"http:\/\/www.jornaldaconstrucaocivil.com.br\/?p=3225"},"modified":"2016-08-31T23:35:45","modified_gmt":"2016-08-31T23:35:45","slug":"grupo-tha-foi-um-dos-destaques-da-25-feira-de-imoveis-da-ademi","status":"publish","type":"post","link":"https:\/\/construcaocivil.siriusmarketingedesign.com.br\/?p=3225","title":{"rendered":"Grupo Th\u00e1 foi um dos destaques da 25\u00b0 Feira de Im\u00f3veis da Ademi"},"content":{"rendered":"<p><span style=\"color: #000080;\"><strong>Incorporadora levou dois futuros lan\u00e7amentos em regi\u00f5es nobres de Curitiba e instigou a curiosidade do p\u00fablico<\/strong><\/span><\/p>\n<figure id=\"attachment_3226\" aria-describedby=\"caption-attachment-3226\" style=\"width: 303px\" class=\"wp-caption alignleft\"><a href=\"http:\/\/www.jornaldaconstrucaocivil.com.br\/wp-content\/uploads\/2016\/08\/THA-I.jpg\"><img loading=\"lazy\" decoding=\"async\" class=\"wp-image-3226\" src=\"http:\/\/www.jornaldaconstrucaocivil.com.br\/wp-content\/uploads\/2016\/08\/THA-I.jpg\" alt=\"Foto: Priscilla Fiedler\" width=\"303\" height=\"202\" \/><\/a><figcaption id=\"caption-attachment-3226\" class=\"wp-caption-text\"><span style=\"color: #993300;\">Fernanda Krause &#8211; Gerente de MKT, Arsenio de Almeida Neto &#8211; CEO, Rodolfo Baggio. Foto: Priscilla Fiedler<\/span><\/figcaption><\/figure>\n<p><span style=\"color: #000000;\"><span style=\"color: #993300;\">Curitiba<\/span> &#8211; O Grupo Th\u00e1 foi um dos destaques da 25\u00b0 Feira de Im\u00f3veis da Ademi, que aconteceu no ExpoRenault Barigui, entre os dias 24 e 28 de agosto. O stand da Th\u00e1 foi um dos mais movimentados. Os corretores fizeram mais de 300 atendimentos, al\u00e9m de realizar cerca de 40 cadastros de pessoas que se interessaram em receber informa\u00e7\u00f5es de lan\u00e7amentos e demais empreendimentos do Grupo.<\/span><\/p>\n<p><strong><span style=\"color: #000000;\">Futuros lan\u00e7amentos fizeram sucesso<\/span><\/strong><\/p>\n<p><span style=\"color: #000000;\">Duas maquetes cobertas, das quais se podiam enxergar as r\u00e9plicas dos futuros lan\u00e7amentos em duas regi\u00f5es nobres da cidade, chamaram a aten\u00e7\u00e3o de quem passou pelo stand da Th\u00e1. Os dois empreendimentos ser\u00e3o constru\u00eddos em regi\u00f5es nobres de Curitiba.<\/span><\/p>\n<figure id=\"attachment_3227\" aria-describedby=\"caption-attachment-3227\" style=\"width: 293px\" class=\"wp-caption alignright\"><a href=\"http:\/\/www.jornaldaconstrucaocivil.com.br\/wp-content\/uploads\/2016\/08\/ADEMI-GRUPO-THA.jpg\"><img loading=\"lazy\" decoding=\"async\" class=\" wp-image-3227\" src=\"http:\/\/www.jornaldaconstrucaocivil.com.br\/wp-content\/uploads\/2016\/08\/ADEMI-GRUPO-THA.jpg\" alt=\"Foto: Priscilla Fiedler\" width=\"293\" height=\"196\" \/><\/a><figcaption id=\"caption-attachment-3227\" class=\"wp-caption-text\"><span style=\"color: #993300;\">Foto: Priscilla Fiedler<\/span><\/figcaption><\/figure>\n<p><span style=\"color: #000000;\">Com localiza\u00e7\u00e3o privilegiada, na Rua Bento Viana, 1078, o empreendimento no bairro Batel contar\u00e1 com \u00e1reas privativas de 295 a 633 m\u00b2, com quatro dormit\u00f3rios e at\u00e9 seis vagas de garagem.<\/span><\/p>\n<p><span style=\"color: #000000;\">J\u00e1 o empreendimento localizado nas Merc\u00eas, Rua Desembargador Motta, 3147, contar\u00e1 com dois a quatro dormit\u00f3rios, dispon\u00edveis em \u00e1reas privativas de 83 a 159 m\u00b2, al\u00e9m de duas a tr\u00eas vagas de garagem.<\/span><\/p>\n<p><span style=\"color: #000000;\">Os empreendimentos oferecidos pela Th\u00e1 levam em conta al\u00e9m da localiza\u00e7\u00e3o privilegiada, o padr\u00e3o de qualidade da constru\u00e7\u00e3o.<\/span><\/p>\n<p><span style=\"color: #000000;\">De acordo com o coordenador comercial do Grupo Th\u00e1, Bruno Pardo, a participa\u00e7\u00e3o da incorporadora na Feira foi bastante positiva. <em>\u201cA Feira possibilitou apresentarmos nossos futuros lan\u00e7amentos e sentirmos do cliente potencial as suas expectativas em rela\u00e7\u00e3o ao mercado imobili\u00e1rio, principalmente nesse momento em que ele aponta um reaquecimento\u201d<\/em>, diz Pardo.<\/span><\/p>\n<p><span style=\"color: #000000;\">Al\u00e9m dos futuros lan\u00e7amentos apresentados na Feira da Ademi, at\u00e9 o final de 2017 a incorporadora ter\u00e1 pelo menos quatro novos produtos no mercado.<\/span><\/p>\n","protected":false},"excerpt":{"rendered":"<p>Incorporadora levou dois futuros lan\u00e7amentos em regi\u00f5es nobres de Curitiba e instigou a curiosidade do p\u00fablico Curitiba &#8211; O Grupo Th\u00e1 foi um dos destaques da 25\u00b0 Feira de Im\u00f3veis da Ademi, que aconteceu no ExpoRenault Barigui, entre os dias 24 e 28 de agosto. O stand da Th\u00e1 foi um dos mais movimentados. Os [&hellip;]<\/p>\n","protected":false},"author":1,"featured_media":3226,"comment_status":"open","ping_status":"open","sticky":false,"template":"","format":"standard","meta":{"_uag_custom_page_level_css":"","footnotes":""},"categories":[33],"tags":[2933,3269,4755,4922,5693,5921],"class_list":["post-3225","post","type-post","status-publish","format-standard","has-post-thumbnail","hentry","category-mercado","tag-construtora","tag-curitiba-pr","tag-exporenault","tag-feira-da-ademi","tag-grupo-tha","tag-imoveis"],"blocksy_meta":[],"spectra_blocks_featured_image_url":[],"spectra_blocks_author_info":{"display_name":"Jornal da Constru\u00e7\u00e3o Civil","avatar_url":"https:\/\/secure.gravatar.com\/avatar\/973c9774fd44ddaceb026973c4962faa70fc512bc4c9da68e8ebb40fecee6540?s=96&d=mm&r=g","author_link":"https:\/\/construcaocivil.siriusmarketingedesign.com.br\/?author=1","description":"Desde de 2013, levando muitas informa\u00e7\u00f5es, lan\u00e7amentos e produtos de qualidade para toda cadeia produtiva da constru\u00e7\u00e3o. O Futuro da constru\u00e7\u00e3o passa por aqui,"},"uagb_featured_image_src":{"full":false,"thumbnail":false,"medium":false,"medium_large":false,"large":false,"1536x1536":false,"2048x2048":false},"uagb_author_info":{"display_name":"Jornal da Constru\u00e7\u00e3o Civil","author_link":"https:\/\/construcaocivil.siriusmarketingedesign.com.br\/?author=1"},"uagb_comment_info":0,"uagb_excerpt":"Incorporadora levou dois futuros lan\u00e7amentos em regi\u00f5es nobres de Curitiba e instigou a curiosidade do p\u00fablico Curitiba &#8211; O Grupo Th\u00e1 foi um dos destaques da 25\u00b0 Feira de Im\u00f3veis da Ademi, que aconteceu no ExpoRenault Barigui, entre os dias 24 e 28 de agosto. O stand da Th\u00e1 foi um dos mais movimentados. Os&hellip;","_links":{"self":[{"href":"https:\/\/construcaocivil.siriusmarketingedesign.com.br\/index.php?rest_route=\/wp\/v2\/posts\/3225","targetHints":{"allow":["GET"]}}],"collection":[{"href":"https:\/\/construcaocivil.siriusmarketingedesign.com.br\/index.php?rest_route=\/wp\/v2\/posts"}],"about":[{"href":"https:\/\/construcaocivil.siriusmarketingedesign.com.br\/index.php?rest_route=\/wp\/v2\/types\/post"}],"author":[{"embeddable":true,"href":"https:\/\/construcaocivil.siriusmarketingedesign.com.br\/index.php?rest_route=\/wp\/v2\/users\/1"}],"replies":[{"embeddable":true,"href":"https:\/\/construcaocivil.siriusmarketingedesign.com.br\/index.php?rest_route=%2Fwp%2Fv2%2Fcomments&post=3225"}],"version-history":[{"count":0,"href":"https:\/\/construcaocivil.siriusmarketingedesign.com.br\/index.php?rest_route=\/wp\/v2\/posts\/3225\/revisions"}],"wp:attachment":[{"href":"https:\/\/construcaocivil.siriusmarketingedesign.com.br\/index.php?rest_route=%2Fwp%2Fv2%2Fmedia&parent=3225"}],"wp:term":[{"taxonomy":"category","embeddable":true,"href":"https:\/\/construcaocivil.siriusmarketingedesign.com.br\/index.php?rest_route=%2Fwp%2Fv2%2Fcategories&post=3225"},{"taxonomy":"post_tag","embeddable":true,"href":"https:\/\/construcaocivil.siriusmarketingedesign.com.br\/index.php?rest_route=%2Fwp%2Fv2%2Ftags&post=3225"}],"curies":[{"name":"wp","href":"https:\/\/api.w.org\/{rel}","templated":true}]}}