{"id":3229,"date":"2016-08-31T23:40:26","date_gmt":"2016-08-31T23:40:26","guid":{"rendered":"http:\/\/www.jornaldaconstrucaocivil.com.br\/?p=3229"},"modified":"2016-08-31T23:40:26","modified_gmt":"2016-08-31T23:40:26","slug":"aeerj-mobiliza-candidatos-a-prefeitura-do-rio-de-janeiro-para-discutir-politicas-publicas-para-construcao-civil","status":"publish","type":"post","link":"https:\/\/construcaocivil.siriusmarketingedesign.com.br\/?p=3229","title":{"rendered":"AEERJ mobiliza candidatos \u00e0 prefeitura do Rio de Janeiro para discutir pol\u00edticas p\u00fablicas para Constru\u00e7\u00e3o civil"},"content":{"rendered":"<p><span style=\"color: #993300;\">Elei\u00e7\u00f5es 2016\u00a0<\/span><\/p>\n<p><span style=\"color: #000000;\"><span style=\"color: #ff0000;\">Rio<\/span> &#8211; Passada a Ol\u00edmpiada come\u00e7a para valer a corrida municipal. Para a Associa\u00e7\u00e3o das Empresas de Engenharia de do Rio de Janeiro (AEERJ), chegou a hora da cidade &#8211; que durante oito anos foi um verdadeiro canteiro de obras- discutir pol\u00edticas p\u00fablicas para a constru\u00e7\u00e3o civil. Para tanto, a entidade redigiu uma carta-proposta com cinco pontos fundamentais para regular o setor e vai apresentar aos candidatos.\u00a0 \u00cdndio da Costa (PSB) participa da discuss\u00e3o no dia 1 de setembro e Alexandre Molon (REDE) no dia 05 de setembro. Carlos Os\u00f3rio participou no dia 26 de julho. A AEERJ aguarda, ainda, as confirma\u00e7\u00f5es demais candidatos.<\/span><\/p>\n<p><span style=\"color: #000000;\">No documento, redigido pela AEERJ, s\u00e3o abordados temas como a necessidade do respeito aos contratos, melhoria nos processos de licita\u00e7\u00e3o e de gest\u00e3o p\u00fablica, defini\u00e7\u00e3o de prioridades para obras em andamento e para conserva\u00e7\u00e3o da cidade. A ideia \u00e9 que os candidatos conhe\u00e7am as propostas, se posicionem e apresentem de que forma enxergam a quest\u00e3o e como pretendem inserir a tem\u00e1tica em seus planos de governo. As empresas, por meio da AEERJ, abrem este importante canal de comunica\u00e7\u00e3o direta entre o poder p\u00fablico e a sociedade.<\/span><\/p>\n<p><strong><span style=\"color: #000000;\">SERVI\u00c7O:<\/span><\/strong><\/p>\n<p><span style=\"color: #000000;\">Debate: Propostas da AEERJ para o setor com \u00cdndio da Costa (PSB), candidato \u00e0 prefeito da cidade do Rio de Janeiro<\/span><\/p>\n<p><span style=\"color: #000000;\">Data: 01 de setembro<\/span><\/p>\n<p><span style=\"color: #000000;\">Local: Av. Rio Branco, 124 \u2013 7\u00ba andar &#8211; Audit\u00f3rio<\/span><\/p>\n<p><span style=\"color: #000000;\">Hor\u00e1rio: \u00e0s 16h<\/span><\/p>\n<p><span style=\"color: #000000;\">O evento \u00e9 aberto. Para confirmar presen\u00e7a: <span style=\"color: #0000ff;\">eventos@aeerj.org.br<\/span><\/span><\/p>\n","protected":false},"excerpt":{"rendered":"<p>Elei\u00e7\u00f5es 2016\u00a0 Rio &#8211; Passada a Ol\u00edmpiada come\u00e7a para valer a corrida municipal. Para a Associa\u00e7\u00e3o das Empresas de Engenharia de do Rio de Janeiro (AEERJ), chegou a hora da cidade &#8211; que durante oito anos foi um verdadeiro canteiro de obras- discutir pol\u00edticas p\u00fablicas para a constru\u00e7\u00e3o civil. Para tanto, a entidade redigiu uma [&hellip;]<\/p>\n","protected":false},"author":1,"featured_media":0,"comment_status":"open","ping_status":"open","sticky":false,"template":"","format":"standard","meta":{"_uag_custom_page_level_css":"","footnotes":""},"categories":[27],"tags":[1026,2826,4018,6014,9069,10375],"class_list":["post-3229","post","type-post","status-publish","format-standard","hentry","category-acontece","tag-associacao-das-empresas-de-engenharia-de-do-rio-de-janeiro-aeerj","tag-construcao-civil","tag-eleicoes-2016","tag-indio-da-costa-psb","tag-politicas-para-construcao-civil","tag-rio-de-janeiro"],"blocksy_meta":[],"spectra_blocks_featured_image_url":null,"spectra_blocks_author_info":{"display_name":"Jornal da Constru\u00e7\u00e3o Civil","avatar_url":"https:\/\/secure.gravatar.com\/avatar\/973c9774fd44ddaceb026973c4962faa70fc512bc4c9da68e8ebb40fecee6540?s=96&d=mm&r=g","author_link":"https:\/\/construcaocivil.siriusmarketingedesign.com.br\/?author=1","description":"Desde de 2013, levando muitas informa\u00e7\u00f5es, lan\u00e7amentos e produtos de qualidade para toda cadeia produtiva da constru\u00e7\u00e3o. O Futuro da constru\u00e7\u00e3o passa por aqui,"},"uagb_featured_image_src":{"full":false,"thumbnail":false,"medium":false,"medium_large":false,"large":false,"1536x1536":false,"2048x2048":false},"uagb_author_info":{"display_name":"Jornal da Constru\u00e7\u00e3o Civil","author_link":"https:\/\/construcaocivil.siriusmarketingedesign.com.br\/?author=1"},"uagb_comment_info":0,"uagb_excerpt":"Elei\u00e7\u00f5es 2016\u00a0 Rio &#8211; Passada a Ol\u00edmpiada come\u00e7a para valer a corrida municipal. Para a Associa\u00e7\u00e3o das Empresas de Engenharia de do Rio de Janeiro (AEERJ), chegou a hora da cidade &#8211; que durante oito anos foi um verdadeiro canteiro de obras- discutir pol\u00edticas p\u00fablicas para a constru\u00e7\u00e3o civil. Para tanto, a entidade redigiu uma&hellip;","_links":{"self":[{"href":"https:\/\/construcaocivil.siriusmarketingedesign.com.br\/index.php?rest_route=\/wp\/v2\/posts\/3229","targetHints":{"allow":["GET"]}}],"collection":[{"href":"https:\/\/construcaocivil.siriusmarketingedesign.com.br\/index.php?rest_route=\/wp\/v2\/posts"}],"about":[{"href":"https:\/\/construcaocivil.siriusmarketingedesign.com.br\/index.php?rest_route=\/wp\/v2\/types\/post"}],"author":[{"embeddable":true,"href":"https:\/\/construcaocivil.siriusmarketingedesign.com.br\/index.php?rest_route=\/wp\/v2\/users\/1"}],"replies":[{"embeddable":true,"href":"https:\/\/construcaocivil.siriusmarketingedesign.com.br\/index.php?rest_route=%2Fwp%2Fv2%2Fcomments&post=3229"}],"version-history":[{"count":0,"href":"https:\/\/construcaocivil.siriusmarketingedesign.com.br\/index.php?rest_route=\/wp\/v2\/posts\/3229\/revisions"}],"wp:attachment":[{"href":"https:\/\/construcaocivil.siriusmarketingedesign.com.br\/index.php?rest_route=%2Fwp%2Fv2%2Fmedia&parent=3229"}],"wp:term":[{"taxonomy":"category","embeddable":true,"href":"https:\/\/construcaocivil.siriusmarketingedesign.com.br\/index.php?rest_route=%2Fwp%2Fv2%2Fcategories&post=3229"},{"taxonomy":"post_tag","embeddable":true,"href":"https:\/\/construcaocivil.siriusmarketingedesign.com.br\/index.php?rest_route=%2Fwp%2Fv2%2Ftags&post=3229"}],"curies":[{"name":"wp","href":"https:\/\/api.w.org\/{rel}","templated":true}]}}