{"id":3231,"date":"2016-09-01T20:21:44","date_gmt":"2016-09-01T20:21:44","guid":{"rendered":"http:\/\/www.jornaldaconstrucaocivil.com.br\/?p=3231"},"modified":"2016-09-01T20:21:44","modified_gmt":"2016-09-01T20:21:44","slug":"bim-trends-and-innovation-acontece-neste-mes-na-cidade-do-porto","status":"publish","type":"post","link":"https:\/\/construcaocivil.siriusmarketingedesign.com.br\/?p=3231","title":{"rendered":"BIM &#8211; TRENDS AND INNOVATION, acontece neste m\u00eas na cidade do Porto."},"content":{"rendered":"<p><span style=\"color: #000080;\"><strong>Promovido pelo\u00a0Instituto Superior de Engenharia do Porto o evento promete movimentar o setor da Constru\u00e7\u00e3o de Portugal.<\/strong><\/span><\/p>\n<p><a href=\"http:\/\/www.jornaldaconstrucaocivil.com.br\/wp-content\/uploads\/2016\/09\/BIMTI_imagem2.png\"><img loading=\"lazy\" decoding=\"async\" class=\"wp-image-3232 aligncenter\" src=\"http:\/\/www.jornaldaconstrucaocivil.com.br\/wp-content\/uploads\/2016\/09\/BIMTI_imagem2.png\" alt=\"BIMTI_imagem2\" width=\"840\" height=\"180\" \/><\/a><\/p>\n<p><span style=\"color: #993300;\">Porto, Agosto, 2016<\/span> &#8211;\u00a0<span style=\"color: #000000;\">O ISEPBIM juntou-se ao RTC numa parceria sem precedentes com o objectivo de potenciar a dissemina\u00e7\u00e3o do BIM em Portugal, sobretudo por meio da organiza\u00e7\u00e3o de eventos e forma\u00e7\u00f5es especializadas que ter\u00e3o um impacto significativo na comunidade t\u00e9cnica do nosso pa\u00eds.\u00a0O primeiro destes eventos \u00e9 a confer\u00eancia<\/span> <span style=\"color: #0000ff;\"><a style=\"color: #0000ff;\" href=\"http:\/\/www.isep.ipp.pt\/page\/viewpage\/bimti\" target=\"_blank\"><b>BIM \u2013 Trends and Innovations<\/b> <b>(BIMTI)<\/b><\/a> <\/span><span style=\"color: #000000;\">e, a ter lugar no dia 14 de setembro nas instala\u00e7\u00f5es do ISEP, no Porto.<\/span><\/p>\n<p><span style=\"color: #000000;\">O BIMTI contar\u00e1 com a presen\u00e7a de oradores nacionais e internacionais de renome e que constituem refer\u00eancias na \u00e1rea do BIM, em representa\u00e7\u00e3o de universidades e empresas. Entre as empresas importa destacar a presen\u00e7a de oradores estrangeiros da multinacional Autodesk, al\u00e9m de oradores de empresas como a EDP, a Siemens e a Leica. O programa detalhado do evento est\u00e1 dispon\u00edvel em:<\/span><strong>\u00a0<span style=\"color: #0000ff;\">http:\/\/www.isep.ipp.pt\/page\/viewpage\/bimpr<\/span><\/strong><\/p>\n<p><span style=\"color: #000000;\">O BIMTI foi pensado para esclarecer os decisores, influenciadores-chave e profissionais do setor AEC, acerca das tecnologias mais utilizadas em BIM, incluindo os aspetos de normaliza\u00e7\u00e3o internacional, tendo em vista um trabalho colaborativo eficaz. A confer\u00eancia incluir\u00e1 tamb\u00e9m uma sess\u00e3o de estado da arte que visa captar uma gama mais alargada de participantes, sobretudo os estudantes e profissionais menos familiarizados com as tecnologias BIM.<\/span><\/p>\n<p><span style=\"color: #000000;\">No evento est\u00e1 previsto o sorteio de um GOLDEN TICKET no valor de 2091 EUR e que dar\u00e1 livre acesso ao evento RTC Europe 2016, um dos mais prestigiados eventos BIM a n\u00edvel mundial e que ir\u00e1 decorrer entre 20 e 22 de outubro no Porto.<\/span><\/p>\n<p><a href=\"http:\/\/www.jornaldaconstrucaocivil.com.br\/wp-content\/uploads\/2016\/09\/BIM.png\"><img loading=\"lazy\" decoding=\"async\" class=\"size-full wp-image-3250 alignleft\" src=\"http:\/\/www.jornaldaconstrucaocivil.com.br\/wp-content\/uploads\/2016\/09\/BIM.png\" alt=\"BIM\" width=\"297\" height=\"145\" \/><\/a><\/p>\n<p><span style=\"color: #993300;\">No evento est\u00e1 previsto o sorteio de um <b>GOLDEN TICKET<\/b> no valor de <b>2091 EUR<\/b> e que dar\u00e1 livre acesso ao<\/span> <span style=\"color: #993300;\">evento<\/span><span style=\"color: #0000ff;\"> <a style=\"color: #0000ff;\" href=\"http:\/\/www.rtcevents.com\/rtc2016eur\/\" target=\"_blank\">RTC Europe 2016<\/a>,<\/span> <span style=\"color: #993300;\">um dos mais prestigiados eventos BIM a n\u00edvel mundial e que ir\u00e1 decorrer entre 20 e 22 de outubro no Porto.<\/span><\/p>\n<p class=\"ecxMsoNormal\"><span style=\"color: #000000;\">A inscri\u00e7\u00e3o na confer\u00eancia BIMTI pode ser realizada atrav\u00e9s da seguinte liga\u00e7\u00e3o: <\/span><span style=\"color: #0000ff;\"><a style=\"color: #0000ff;\" href=\"http:\/\/www.isep.ipp.pt\/page\/viewpage\/bimin\" target=\"_blank\">http:\/\/www.isep.ipp.pt\/page\/viewpage\/bimin<\/a><\/span><\/p>\n<p class=\"ecxMsoNormal\"><span style=\"color: #000000;\">+ INFO:<\/span><span style=\"color: #0000ff;\"> <a style=\"color: #0000ff;\" href=\"mailto:isepbim@isep.ipp.pt\">isepbim@isep.ipp.pt<\/a><\/span><\/p>\n","protected":false},"excerpt":{"rendered":"<p>Promovido pelo\u00a0Instituto Superior de Engenharia do Porto o evento promete movimentar o setor da Constru\u00e7\u00e3o de Portugal. Porto, Agosto, 2016 &#8211;\u00a0O ISEPBIM juntou-se ao RTC numa parceria sem precedentes com o objectivo de potenciar a dissemina\u00e7\u00e3o do BIM em Portugal, sobretudo por meio da organiza\u00e7\u00e3o de eventos e forma\u00e7\u00f5es especializadas que ter\u00e3o um impacto significativo [&hellip;]<\/p>\n","protected":false},"author":1,"featured_media":0,"comment_status":"open","ping_status":"open","sticky":false,"template":"","format":"standard","meta":{"_uag_custom_page_level_css":"","footnotes":""},"categories":[27],"tags":[911,1395,2821,4339,6257,9155,10517,11576],"class_list":["post-3231","post","type-post","status-publish","format-standard","hentry","category-acontece","tag-arquitetura","tag-bim-trends-and-innovation","tag-construcao","tag-engenharia","tag-instituto-superior-de-engenharia-do-porto","tag-portugal","tag-rtc-europe-2016","tag-tecnologia-bim"],"blocksy_meta":[],"spectra_blocks_featured_image_url":null,"spectra_blocks_author_info":{"display_name":"Jornal da Constru\u00e7\u00e3o Civil","avatar_url":"https:\/\/secure.gravatar.com\/avatar\/973c9774fd44ddaceb026973c4962faa70fc512bc4c9da68e8ebb40fecee6540?s=96&d=mm&r=g","author_link":"https:\/\/construcaocivil.siriusmarketingedesign.com.br\/?author=1","description":"Desde de 2013, levando muitas informa\u00e7\u00f5es, lan\u00e7amentos e produtos de qualidade para toda cadeia produtiva da constru\u00e7\u00e3o. O Futuro da constru\u00e7\u00e3o passa por aqui,"},"uagb_featured_image_src":{"full":false,"thumbnail":false,"medium":false,"medium_large":false,"large":false,"1536x1536":false,"2048x2048":false},"uagb_author_info":{"display_name":"Jornal da Constru\u00e7\u00e3o Civil","author_link":"https:\/\/construcaocivil.siriusmarketingedesign.com.br\/?author=1"},"uagb_comment_info":0,"uagb_excerpt":"Promovido pelo\u00a0Instituto Superior de Engenharia do Porto o evento promete movimentar o setor da Constru\u00e7\u00e3o de Portugal. Porto, Agosto, 2016 &#8211;\u00a0O ISEPBIM juntou-se ao RTC numa parceria sem precedentes com o objectivo de potenciar a dissemina\u00e7\u00e3o do BIM em Portugal, sobretudo por meio da organiza\u00e7\u00e3o de eventos e forma\u00e7\u00f5es especializadas que ter\u00e3o um impacto significativo&hellip;","_links":{"self":[{"href":"https:\/\/construcaocivil.siriusmarketingedesign.com.br\/index.php?rest_route=\/wp\/v2\/posts\/3231","targetHints":{"allow":["GET"]}}],"collection":[{"href":"https:\/\/construcaocivil.siriusmarketingedesign.com.br\/index.php?rest_route=\/wp\/v2\/posts"}],"about":[{"href":"https:\/\/construcaocivil.siriusmarketingedesign.com.br\/index.php?rest_route=\/wp\/v2\/types\/post"}],"author":[{"embeddable":true,"href":"https:\/\/construcaocivil.siriusmarketingedesign.com.br\/index.php?rest_route=\/wp\/v2\/users\/1"}],"replies":[{"embeddable":true,"href":"https:\/\/construcaocivil.siriusmarketingedesign.com.br\/index.php?rest_route=%2Fwp%2Fv2%2Fcomments&post=3231"}],"version-history":[{"count":0,"href":"https:\/\/construcaocivil.siriusmarketingedesign.com.br\/index.php?rest_route=\/wp\/v2\/posts\/3231\/revisions"}],"wp:attachment":[{"href":"https:\/\/construcaocivil.siriusmarketingedesign.com.br\/index.php?rest_route=%2Fwp%2Fv2%2Fmedia&parent=3231"}],"wp:term":[{"taxonomy":"category","embeddable":true,"href":"https:\/\/construcaocivil.siriusmarketingedesign.com.br\/index.php?rest_route=%2Fwp%2Fv2%2Fcategories&post=3231"},{"taxonomy":"post_tag","embeddable":true,"href":"https:\/\/construcaocivil.siriusmarketingedesign.com.br\/index.php?rest_route=%2Fwp%2Fv2%2Ftags&post=3231"}],"curies":[{"name":"wp","href":"https:\/\/api.w.org\/{rel}","templated":true}]}}