{"id":3247,"date":"2016-09-01T21:13:39","date_gmt":"2016-09-01T21:13:39","guid":{"rendered":"http:\/\/www.jornaldaconstrucaocivil.com.br\/?p=3247"},"modified":"2016-09-01T21:13:39","modified_gmt":"2016-09-01T21:13:39","slug":"semana-da-mobilidade-coletivos-organizam-o-desafio-semanamultimodal","status":"publish","type":"post","link":"https:\/\/construcaocivil.siriusmarketingedesign.com.br\/?p=3247","title":{"rendered":"Semana da Mobilidade: coletivos organizam o desafio #SemanaMultimodal"},"content":{"rendered":"<p><span style=\"color: #000080;\"><strong>Corrida Amiga, Mobilize e v\u00e1rias organiza\u00e7\u00f5es do pa\u00eds convidam as pessoas a experimentar uma forma de transporte a cada dia, de prefer\u00eancia, modos ativos. E depois, registrar suas impress\u00f5es sobre as viagens cotidianas<\/strong><\/span><\/p>\n<p><span style=\"color: #000000;\">Bicicleta, carro, \u00f4nibus, metr\u00f4, trem, barco, skate ou a p\u00e9? Qual \u00e9 a melhor forma de deslocar-se nas cidades? E qual \u00e9 a mais prazerosa? Dentro das atividades da Semana da Mobilidade (19 a 23 de setembro) o Corrida Amiga e v\u00e1rias organiza\u00e7\u00f5es do Brasil chamam pessoas de todo o pa\u00eds a experimentarem um meio de transporte diferente a cada dia e a registrar suas impress\u00f5es nas redes sociais.<\/span><\/p>\n<p><span style=\"color: #000000;\">O desafio da<span style=\"color: #333300;\"> #SemanaMultimodal<\/span> pretende que durante aquela semana as pessoas se coloquem em m\u00faltiplas perspectivas: do pedestre ao ciclista, do ciclista ao motorista, do motorista ao passageiro, podendo experimentar formas diversas de se deslocar.\u00a0 Ser\u00e1 uma oportunidade de redescobrir a cidade por meio do caminhar, da bicicleta, da janela do \u00f4nibus, do compartilhamento de caminhos e de novas conex\u00f5es. E tamb\u00e9m de avaliar como est\u00e3o as cal\u00e7adas, as ciclovias, o transporte p\u00fablico, e lutar pela humaniza\u00e7\u00e3o das cidades. Por isso, o Mobilize Brasil apoia e participa da a\u00e7\u00e3o coletiva.<\/span><\/p>\n<p><span style=\"color: #993300;\"><strong>Veja como participar da Semana Multimodal 2016:<\/strong><\/span><\/p>\n<p><span style=\"color: #000000;\">@ Mude seu perfil no Facebook Twitter e mostre para todo mundo que voc\u00ea participa da #SemanaMultimodal<\/span><\/p>\n<p><span style=\"color: #000000;\">@ Utilize diferentes meios de deslocamento durante os cinco dias da #SemanaMultimodal (de 19 a 23 de setembro)<\/span><\/p>\n<p><span style=\"color: #000000;\">@ Experimente, ao menos, um modo de transporte ativo (a p\u00e9, bike, skate, patins, patinete)<\/span><\/p>\n<p><span style=\"color: #000000;\">@ Organize e compare\u00e7a aos eventos da #SemanaMultimodal. Em S\u00e3o Paulo, o encontro de abertura acontece na tarde do dia 14 de setembro no MobiLab, rua Boa Vista, 136 (Mezanino) &#8211; Centro<\/span><\/p>\n<p><span style=\"color: #000000;\">@ Monitore todos os dias da #SemanaMultimodal:\u00a0 dist\u00e2ncia&#8230; tempo&#8230;e custos<\/span><\/p>\n<p><span style=\"color: #000000;\">@ Compartilhe sua experi\u00eancia nas m\u00eddias sociais com a hashtag #SemanaMultimodal<\/span><\/p>\n<p><span style=\"color: #000000;\">@ No dia 23 de setembro, Dia Mundial sem Carro, Registre suas percep\u00e7\u00f5es e sensa\u00e7\u00f5es no Formul\u00e1rio da #SemanaMultimodal<\/span><\/p>\n<p><span style=\"color: #000000;\">@ Seja um parceiro da Semana Multimodal (escreva para <span style=\"color: #800080;\">contato@corridaamiga.com.br<\/span>)<\/span><\/p>\n<p><strong><span style=\"color: #0000ff;\">Gostou? Quer participar?<\/span><\/strong><\/p>\n<p><span style=\"color: #0000ff;\">Site: www.corridaamiga.org<\/span><\/p>\n<p><span style=\"color: #0000ff;\">https:\/\/www.facebook.com\/Corridaamiga<\/span><\/p>\n<p><span style=\"color: #993300;\">Contato: contato@corridaamiga.com.br<\/span><\/p>\n<p><span style=\"color: #993300;\">Tel. (11) 9 4155 5993 \/ (11) 9 8221 2131<\/span><\/p>\n","protected":false},"excerpt":{"rendered":"<p>Corrida Amiga, Mobilize e v\u00e1rias organiza\u00e7\u00f5es do pa\u00eds convidam as pessoas a experimentar uma forma de transporte a cada dia, de prefer\u00eancia, modos ativos. E depois, registrar suas impress\u00f5es sobre as viagens cotidianas Bicicleta, carro, \u00f4nibus, metr\u00f4, trem, barco, skate ou a p\u00e9? Qual \u00e9 a melhor forma de deslocar-se nas cidades? E qual \u00e9 [&hellip;]<\/p>\n","protected":false},"author":1,"featured_media":0,"comment_status":"open","ping_status":"open","sticky":false,"template":"","format":"standard","meta":{"_uag_custom_page_level_css":"","footnotes":""},"categories":[37],"tags":[3095,3623,7773,7777,10668,10839],"class_list":["post-3247","post","type-post","status-publish","format-standard","hentry","category-sustentabilidade","tag-corrida-amiga","tag-dia-mundial-sem-carro","tag-mobilidade-urbana","tag-mobilize","tag-sao-paulo","tag-semana-multimodal"],"blocksy_meta":[],"spectra_blocks_featured_image_url":null,"spectra_blocks_author_info":{"display_name":"Jornal da Constru\u00e7\u00e3o Civil","avatar_url":"https:\/\/secure.gravatar.com\/avatar\/973c9774fd44ddaceb026973c4962faa70fc512bc4c9da68e8ebb40fecee6540?s=96&d=mm&r=g","author_link":"https:\/\/construcaocivil.siriusmarketingedesign.com.br\/?author=1","description":"Desde de 2013, levando muitas informa\u00e7\u00f5es, lan\u00e7amentos e produtos de qualidade para toda cadeia produtiva da constru\u00e7\u00e3o. O Futuro da constru\u00e7\u00e3o passa por aqui,"},"uagb_featured_image_src":{"full":false,"thumbnail":false,"medium":false,"medium_large":false,"large":false,"1536x1536":false,"2048x2048":false},"uagb_author_info":{"display_name":"Jornal da Constru\u00e7\u00e3o Civil","author_link":"https:\/\/construcaocivil.siriusmarketingedesign.com.br\/?author=1"},"uagb_comment_info":0,"uagb_excerpt":"Corrida Amiga, Mobilize e v\u00e1rias organiza\u00e7\u00f5es do pa\u00eds convidam as pessoas a experimentar uma forma de transporte a cada dia, de prefer\u00eancia, modos ativos. E depois, registrar suas impress\u00f5es sobre as viagens cotidianas Bicicleta, carro, \u00f4nibus, metr\u00f4, trem, barco, skate ou a p\u00e9? Qual \u00e9 a melhor forma de deslocar-se nas cidades? E qual \u00e9&hellip;","_links":{"self":[{"href":"https:\/\/construcaocivil.siriusmarketingedesign.com.br\/index.php?rest_route=\/wp\/v2\/posts\/3247","targetHints":{"allow":["GET"]}}],"collection":[{"href":"https:\/\/construcaocivil.siriusmarketingedesign.com.br\/index.php?rest_route=\/wp\/v2\/posts"}],"about":[{"href":"https:\/\/construcaocivil.siriusmarketingedesign.com.br\/index.php?rest_route=\/wp\/v2\/types\/post"}],"author":[{"embeddable":true,"href":"https:\/\/construcaocivil.siriusmarketingedesign.com.br\/index.php?rest_route=\/wp\/v2\/users\/1"}],"replies":[{"embeddable":true,"href":"https:\/\/construcaocivil.siriusmarketingedesign.com.br\/index.php?rest_route=%2Fwp%2Fv2%2Fcomments&post=3247"}],"version-history":[{"count":0,"href":"https:\/\/construcaocivil.siriusmarketingedesign.com.br\/index.php?rest_route=\/wp\/v2\/posts\/3247\/revisions"}],"wp:attachment":[{"href":"https:\/\/construcaocivil.siriusmarketingedesign.com.br\/index.php?rest_route=%2Fwp%2Fv2%2Fmedia&parent=3247"}],"wp:term":[{"taxonomy":"category","embeddable":true,"href":"https:\/\/construcaocivil.siriusmarketingedesign.com.br\/index.php?rest_route=%2Fwp%2Fv2%2Fcategories&post=3247"},{"taxonomy":"post_tag","embeddable":true,"href":"https:\/\/construcaocivil.siriusmarketingedesign.com.br\/index.php?rest_route=%2Fwp%2Fv2%2Ftags&post=3247"}],"curies":[{"name":"wp","href":"https:\/\/api.w.org\/{rel}","templated":true}]}}