{"id":3260,"date":"2016-09-02T15:46:50","date_gmt":"2016-09-02T15:46:50","guid":{"rendered":"http:\/\/www.jornaldaconstrucaocivil.com.br\/?p=3260"},"modified":"2016-09-02T15:46:50","modified_gmt":"2016-09-02T15:46:50","slug":"eleicoes-2016-com-desemprego-em-alta-populacao-nao-se-anima-com-campanhas-politicas-na-tv-radio-e-internet","status":"publish","type":"post","link":"https:\/\/construcaocivil.siriusmarketingedesign.com.br\/?p=3260","title":{"rendered":"Elei\u00e7\u00f5es 2016 \u2013 Com desemprego em alta popula\u00e7\u00e3o n\u00e3o se anima com campanhas politicas na TV, R\u00e1dio e Internet."},"content":{"rendered":"<p><span style=\"color: #ff0000;\">Elei\u00e7\u00f5es 2016\u00a0<\/span><\/p>\n<p><span style=\"color: #0000ff;\">Rio &#8211;<\/span> <span style=\"color: #000000;\">Toda elei\u00e7\u00e3o \u00e9 a mesma coisa. Candidatos prometem fundos e mundos e na hora do vamos v\u00ea fazem outras a\u00e7\u00f5es. A\u00e7\u00f5es essas, que na maioria das vezes n\u00e3o s\u00e3o de interesse da popula\u00e7\u00e3o.<\/span><\/p>\n<figure id=\"attachment_3261\" aria-describedby=\"caption-attachment-3261\" style=\"width: 365px\" class=\"wp-caption alignleft\"><a href=\"http:\/\/www.jornaldaconstrucaocivil.com.br\/wp-content\/uploads\/2016\/09\/CAMARA-RIO-DE-JANEIRO.jpg\"><img loading=\"lazy\" decoding=\"async\" class=\"wp-image-3261\" src=\"http:\/\/www.jornaldaconstrucaocivil.com.br\/wp-content\/uploads\/2016\/09\/CAMARA-RIO-DE-JANEIRO.jpg\" alt=\"CAMARA RIO DE JANEIRO\" width=\"365\" height=\"205\" \/><\/a><figcaption id=\"caption-attachment-3261\" class=\"wp-caption-text\"><span style=\"color: #993300;\">C\u00e2mara de vereadores do Rio vazia durante sess\u00e3o. Foto: Internet. <\/span><\/figcaption><\/figure>\n<p><span style=\"color: #000000;\">Nas elei\u00e7\u00f5es deste ano teremos um cap\u00edtulo diferente, com a crise que assola o pa\u00eds, desemprego em alta \u2013 hoje s\u00e3o mais de 11 milh\u00f5es de desempregados, com\u00e9rcio retra\u00eddo e a ind\u00fastria que ainda sofre com os efeitos da retra\u00e7\u00e3o econ\u00f4mica no Brasil e no mundo, o estado do Rio de Janeiro falido e o munic\u00edpio com o caixa financeiro baixo, quem quiser pleitear uma das 51 vagas de vereador ou uma cadeira de prefeito na cidade do Rio, ou nos 5.570 munic\u00edpios brasileiros, n\u00e3o ter\u00e1 tarefa f\u00e1cil pela frente. T\u00e1 dif\u00edcil convencer o povo. \u00a0<\/span><\/p>\n<p><span style=\"color: #000000;\">Tem candidato a prefeito fazendo trabalho de pedreiro para ganhar voto, tem vereador comprando votos antes do dia das elei\u00e7\u00f5es, e tem programa na TV, no qual candidatos a prefeitos prometem que v\u00e3o construir milhares Cl\u00ednicas da Fam\u00edlia, novas creches, v\u00e3o investir em saneamento b\u00e1sico e em novos corredores dos BRT\u00b4s. Tudo isso, sem nenhuma plataforma real da onde sair\u00e1 o dinheiro?<\/span><\/p>\n<p><span style=\"color: #000000;\">Contrapondo a tudo isso, a realidade nas principais cidades brasileiras, \u00e9 de crise aguda. Al\u00e9m das cidades, alguns estados tamb\u00e9m est\u00e3o decretando fal\u00eancia, como Rio de Janeiro e Rio Grande do Sul entre outros estados que passam por s\u00e9rias dificuldades financeiras para pagar seus funcion\u00e1rios p\u00fablicos e fornecedores.<\/span><\/p>\n<p><span style=\"color: #000000;\">Ronildo Martins, 37, ambulante, trabalha na regi\u00e3o do centro do Rio, perguntado sobre quem ele iria votar nestas elei\u00e7\u00f5es de 2016, disse:<span style=\"color: #993300;\"><em> &#8220;J\u00e1 votei 08 vezes seguidas nestes pol\u00edticos, s\u00f3 me enganaram. Neste ano n\u00e3o votarei em ningu\u00e9m\u201d.<\/em><\/span><\/span><\/p>\n<p><span style=\"color: #000000;\">J\u00e1 para Antonio Jos\u00e9 Barbosa, 41, morador da zona oeste do Rio, que trabalhava na obra do Complexo Petroqu\u00edmico da Petrobras (COMPERJ), como serralheiro, e que ficou sem receber seus 08 meses de sal\u00e1rios e benef\u00edcios trabalhistas, comenta:<em><span style=\"color: #993300;\"> &#8220;At\u00e9 hoje passo por dificuldades, recebia R$ 3,500 por m\u00eas e com hora extra recebia um pouco mais. Eu, meus filhos e minha esposa passamos na ocasi\u00e3o por muitas necessidades, com a paralisa\u00e7\u00e3o das obras do COMPERJ. Fomos ajudados por parentes, amigos e vizinhos para n\u00e3o ficar sem comer e sem casa para morar. Ent\u00e3o, nessas elei\u00e7\u00f5es ando revoltado com esses pol\u00edticos\u201d<\/span>.<\/em><\/span><\/p>\n<p><span style=\"color: #000000;\">Nas pr\u00f3ximas reportagens entrevistaremos os candidatos para sabermos suas opini\u00f5es sobre essa imagem negativa que a popula\u00e7\u00e3o tem no momento sobre a crise pol\u00edtica nacional e o que, eles &#8211; pol\u00edticos, pretendem fazer para mudar este quadro.<\/span><\/p>\n","protected":false},"excerpt":{"rendered":"<p>Elei\u00e7\u00f5es 2016\u00a0 Rio &#8211; Toda elei\u00e7\u00e3o \u00e9 a mesma coisa. Candidatos prometem fundos e mundos e na hora do vamos v\u00ea fazem outras a\u00e7\u00f5es. A\u00e7\u00f5es essas, que na maioria das vezes n\u00e3o s\u00e3o de interesse da popula\u00e7\u00e3o. Nas elei\u00e7\u00f5es deste ano teremos um cap\u00edtulo diferente, com a crise que assola o pa\u00eds, desemprego em alta [&hellip;]<\/p>\n","protected":false},"author":1,"featured_media":3261,"comment_status":"open","ping_status":"open","sticky":false,"template":"","format":"standard","meta":{"_uag_custom_page_level_css":"","footnotes":""},"categories":[27],"tags":[1535,3217,3508,4018,4852,9099,9778,12352],"class_list":["post-3260","post","type-post","status-publish","format-standard","has-post-thumbnail","hentry","category-acontece","tag-brasil","tag-crise-politica","tag-desemprego-em-alta","tag-eleicoes-2016","tag-falta-de-grana","tag-populacao","tag-projetos-ruins","tag-vereadores"],"blocksy_meta":[],"spectra_blocks_featured_image_url":[],"spectra_blocks_author_info":{"display_name":"Jornal da Constru\u00e7\u00e3o Civil","avatar_url":"https:\/\/secure.gravatar.com\/avatar\/973c9774fd44ddaceb026973c4962faa70fc512bc4c9da68e8ebb40fecee6540?s=96&d=mm&r=g","author_link":"https:\/\/construcaocivil.siriusmarketingedesign.com.br\/?author=1","description":"Desde de 2013, levando muitas informa\u00e7\u00f5es, lan\u00e7amentos e produtos de qualidade para toda cadeia produtiva da constru\u00e7\u00e3o. O Futuro da constru\u00e7\u00e3o passa por aqui,"},"uagb_featured_image_src":{"full":false,"thumbnail":false,"medium":false,"medium_large":false,"large":false,"1536x1536":false,"2048x2048":false},"uagb_author_info":{"display_name":"Jornal da Constru\u00e7\u00e3o Civil","author_link":"https:\/\/construcaocivil.siriusmarketingedesign.com.br\/?author=1"},"uagb_comment_info":0,"uagb_excerpt":"Elei\u00e7\u00f5es 2016\u00a0 Rio &#8211; Toda elei\u00e7\u00e3o \u00e9 a mesma coisa. Candidatos prometem fundos e mundos e na hora do vamos v\u00ea fazem outras a\u00e7\u00f5es. A\u00e7\u00f5es essas, que na maioria das vezes n\u00e3o s\u00e3o de interesse da popula\u00e7\u00e3o. Nas elei\u00e7\u00f5es deste ano teremos um cap\u00edtulo diferente, com a crise que assola o pa\u00eds, desemprego em alta&hellip;","_links":{"self":[{"href":"https:\/\/construcaocivil.siriusmarketingedesign.com.br\/index.php?rest_route=\/wp\/v2\/posts\/3260","targetHints":{"allow":["GET"]}}],"collection":[{"href":"https:\/\/construcaocivil.siriusmarketingedesign.com.br\/index.php?rest_route=\/wp\/v2\/posts"}],"about":[{"href":"https:\/\/construcaocivil.siriusmarketingedesign.com.br\/index.php?rest_route=\/wp\/v2\/types\/post"}],"author":[{"embeddable":true,"href":"https:\/\/construcaocivil.siriusmarketingedesign.com.br\/index.php?rest_route=\/wp\/v2\/users\/1"}],"replies":[{"embeddable":true,"href":"https:\/\/construcaocivil.siriusmarketingedesign.com.br\/index.php?rest_route=%2Fwp%2Fv2%2Fcomments&post=3260"}],"version-history":[{"count":0,"href":"https:\/\/construcaocivil.siriusmarketingedesign.com.br\/index.php?rest_route=\/wp\/v2\/posts\/3260\/revisions"}],"wp:attachment":[{"href":"https:\/\/construcaocivil.siriusmarketingedesign.com.br\/index.php?rest_route=%2Fwp%2Fv2%2Fmedia&parent=3260"}],"wp:term":[{"taxonomy":"category","embeddable":true,"href":"https:\/\/construcaocivil.siriusmarketingedesign.com.br\/index.php?rest_route=%2Fwp%2Fv2%2Fcategories&post=3260"},{"taxonomy":"post_tag","embeddable":true,"href":"https:\/\/construcaocivil.siriusmarketingedesign.com.br\/index.php?rest_route=%2Fwp%2Fv2%2Ftags&post=3260"}],"curies":[{"name":"wp","href":"https:\/\/api.w.org\/{rel}","templated":true}]}}