{"id":3265,"date":"2016-09-02T15:56:37","date_gmt":"2016-09-02T15:56:37","guid":{"rendered":"http:\/\/www.jornaldaconstrucaocivil.com.br\/?p=3265"},"modified":"2016-09-02T15:56:37","modified_gmt":"2016-09-02T15:56:37","slug":"varejo-de-material-de-construcao-cresceu-8-no-ultimo-quadrimestre","status":"publish","type":"post","link":"https:\/\/construcaocivil.siriusmarketingedesign.com.br\/?p=3265","title":{"rendered":"Varejo de material de constru\u00e7\u00e3o cresceu 8% no \u00faltimo quadrimestre"},"content":{"rendered":"<p><span style=\"color: #000080;\"><strong>Setor teve desempenho superior ao registrado nos meses de maio a agosto de 2015. Regi\u00e3o Sul foi a que mais cresceu no \u00faltimo m\u00eas.<\/strong><\/span><\/p>\n<figure id=\"attachment_3267\" aria-describedby=\"caption-attachment-3267\" style=\"width: 296px\" class=\"wp-caption alignleft\"><a href=\"http:\/\/www.jornaldaconstrucaocivil.com.br\/wp-content\/uploads\/2016\/09\/M\u00e1quinas-e-Pe\u00e7as.jpg\"><img loading=\"lazy\" decoding=\"async\" class=\"wp-image-3267\" src=\"http:\/\/www.jornaldaconstrucaocivil.com.br\/wp-content\/uploads\/2016\/09\/M\u00e1quinas-e-Pe\u00e7as.jpg\" alt=\"M\u00e1quinas e Pe\u00e7as\" width=\"296\" height=\"303\" \/><\/a><figcaption id=\"caption-attachment-3267\" class=\"wp-caption-text\"><span style=\"color: #993300;\">Liquida\u00e7\u00e3o e pagamento no cart\u00e3o tem sido a sa\u00edda para muitos lojistas no pa\u00eds. Foto:JCC<\/span><\/figcaption><\/figure>\n<p><span style=\"color: #000000;\">Nos meses de maio a agosto de 2016, o varejo de material de constru\u00e7\u00e3o teve um desempenho 8% superior ao registrado no mesmo per\u00edodo de 2015, segundo pesquisa mensal da Anamaco (Associa\u00e7\u00e3o Nacional dos Comerciantes de Material de Construc\u00e3o). Realizado pelo Instituto de Pesquisas da Anamaco, com o apoio da Abrafati, Instituto Crisotila Brasil, Anfacer e Siamfesp, o estudo ouviu 530 lojistas de todas as regi\u00f5es do pa\u00eds entre os dias 24 a 30 de agosto. A margem de erro \u00e9 de 4,3%.<\/span><\/p>\n<p><span style=\"color: #000000;\">De acordo com a pesquisa, em agosto o setor teve retra\u00e7\u00e3o de 9%, \u00edndice que foi 2% superior ao registrado no mesmo m\u00eas do ano passado. No acumulado do ano, o setor apresenta queda de 5% com rela\u00e7\u00e3o ao mesmo per\u00edodo de 2015 e, no acumulado dos \u00faltimos 12 meses, a queda \u00e9 de 7%.<em> \u201cO m\u00eas de agosto \u00e9 tradicionalmente um m\u00eas ruim, mas esse ano sofremos com os impactos dos Jogos Ol\u00edmpicos, que praticamente pararam o pa\u00eds durante quase tr\u00eas semanas. Menos consumidores foram \u00e0s lojas e, consequentemente, nossos n\u00fameros ca\u00edram. Ainda assim, v\u00ednhamos de tr\u00eas meses consecutivos de crescimento e com um indicativo muito forte de retomadas de obras em todo o pa\u00eds\u201d<\/em>, explica o presidente da Anamaco, Cl\u00e1udio Conz.<\/span><\/p>\n<p><span style=\"color: #000000;\">Segundo ele, a expectativa da entidade \u00e9 que o varejo de material de constru\u00e7\u00e3o encerre o ano com um crescimento de 3 a 5% sobre o faturamento de R$ 115 bilh\u00f5es registrado em 2015. <em>\u201cContinuamos otimistas, sobretudo porque a quest\u00e3o pol\u00edtica foi encaminhada, independente de seu resultado, e isso significa que o pa\u00eds est\u00e1 pronto para continuar buscando sua retomada. N\u00f3s estamos trabalhando para que medidas de incentivo ao nosso setor sejam aprovadas, incluindo acesso ao cr\u00e9dito e condi\u00e7\u00f5es para que possamos criar novas vagas de emprego, que devem ser impactadas positivamente com a reforma trabalhista j\u00e1 anunciada pelo governo\u201d<\/em>.<\/span><\/p>\n<p><span style=\"color: #000000;\">Cerca de 54% lojistas que participaram da pesquisa demonstraram otimismo com as a\u00e7\u00f5es do Governo nos pr\u00f3ximos 12 meses e 64% dos respondentes acreditam que recuperar\u00e3o parte das vendas j\u00e1 no m\u00eas de setembro.<\/span><\/p>\n<p><span style=\"color: #000000;\">A pesquisa da Anamaco tamb\u00e9m indicou que a regi\u00e3o Sul foi a que mais se destacou no m\u00eas de agosto, com crescimento de 8% nas vendas. O Centro-Oeste registrou desempenho est\u00e1vel no m\u00eas, enquanto Norte e Nordeste tiveram queda de 6% e 9%, respectivamente.\u00a0No levantamento por categorias, as vendas de telhas de fibrocimento ficaram est\u00e1veis no m\u00eas, enquanto revestimentos cer\u00e2micos tiveram retra\u00e7\u00e3o de 5%, lou\u00e7as sanit\u00e1rias queda de 6%, e tintas registraram desempenho de -9%.<\/span><\/p>\n","protected":false},"excerpt":{"rendered":"<p>Setor teve desempenho superior ao registrado nos meses de maio a agosto de 2015. Regi\u00e3o Sul foi a que mais cresceu no \u00faltimo m\u00eas. Nos meses de maio a agosto de 2016, o varejo de material de constru\u00e7\u00e3o teve um desempenho 8% superior ao registrado no mesmo per\u00edodo de 2015, segundo pesquisa mensal da Anamaco [&hellip;]<\/p>\n","protected":false},"author":1,"featured_media":3267,"comment_status":"open","ping_status":"open","sticky":false,"template":"","format":"standard","meta":{"_uag_custom_page_level_css":"","footnotes":""},"categories":[33],"tags":[2079,2331,7005,7362,8144,8170,11433,11438,12211],"class_list":["post-3265","post","type-post","status-publish","format-standard","has-post-thumbnail","hentry","category-mercado","tag-centro-oeste","tag-claudio-conz-presidente-da-anamaco","tag-lojas-de-material-de-construcao","tag-material-de-construcao","tag-nordeste","tag-norte","tag-sudeste","tag-sul","tag-varejo"],"blocksy_meta":[],"spectra_blocks_featured_image_url":[],"spectra_blocks_author_info":{"display_name":"Jornal da Constru\u00e7\u00e3o Civil","avatar_url":"https:\/\/secure.gravatar.com\/avatar\/973c9774fd44ddaceb026973c4962faa70fc512bc4c9da68e8ebb40fecee6540?s=96&d=mm&r=g","author_link":"https:\/\/construcaocivil.siriusmarketingedesign.com.br\/?author=1","description":"Desde de 2013, levando muitas informa\u00e7\u00f5es, lan\u00e7amentos e produtos de qualidade para toda cadeia produtiva da constru\u00e7\u00e3o. O Futuro da constru\u00e7\u00e3o passa por aqui,"},"uagb_featured_image_src":{"full":false,"thumbnail":false,"medium":false,"medium_large":false,"large":false,"1536x1536":false,"2048x2048":false},"uagb_author_info":{"display_name":"Jornal da Constru\u00e7\u00e3o Civil","author_link":"https:\/\/construcaocivil.siriusmarketingedesign.com.br\/?author=1"},"uagb_comment_info":0,"uagb_excerpt":"Setor teve desempenho superior ao registrado nos meses de maio a agosto de 2015. Regi\u00e3o Sul foi a que mais cresceu no \u00faltimo m\u00eas. Nos meses de maio a agosto de 2016, o varejo de material de constru\u00e7\u00e3o teve um desempenho 8% superior ao registrado no mesmo per\u00edodo de 2015, segundo pesquisa mensal da Anamaco&hellip;","_links":{"self":[{"href":"https:\/\/construcaocivil.siriusmarketingedesign.com.br\/index.php?rest_route=\/wp\/v2\/posts\/3265","targetHints":{"allow":["GET"]}}],"collection":[{"href":"https:\/\/construcaocivil.siriusmarketingedesign.com.br\/index.php?rest_route=\/wp\/v2\/posts"}],"about":[{"href":"https:\/\/construcaocivil.siriusmarketingedesign.com.br\/index.php?rest_route=\/wp\/v2\/types\/post"}],"author":[{"embeddable":true,"href":"https:\/\/construcaocivil.siriusmarketingedesign.com.br\/index.php?rest_route=\/wp\/v2\/users\/1"}],"replies":[{"embeddable":true,"href":"https:\/\/construcaocivil.siriusmarketingedesign.com.br\/index.php?rest_route=%2Fwp%2Fv2%2Fcomments&post=3265"}],"version-history":[{"count":0,"href":"https:\/\/construcaocivil.siriusmarketingedesign.com.br\/index.php?rest_route=\/wp\/v2\/posts\/3265\/revisions"}],"wp:attachment":[{"href":"https:\/\/construcaocivil.siriusmarketingedesign.com.br\/index.php?rest_route=%2Fwp%2Fv2%2Fmedia&parent=3265"}],"wp:term":[{"taxonomy":"category","embeddable":true,"href":"https:\/\/construcaocivil.siriusmarketingedesign.com.br\/index.php?rest_route=%2Fwp%2Fv2%2Fcategories&post=3265"},{"taxonomy":"post_tag","embeddable":true,"href":"https:\/\/construcaocivil.siriusmarketingedesign.com.br\/index.php?rest_route=%2Fwp%2Fv2%2Ftags&post=3265"}],"curies":[{"name":"wp","href":"https:\/\/api.w.org\/{rel}","templated":true}]}}