{"id":3271,"date":"2016-09-02T17:21:42","date_gmt":"2016-09-02T17:21:42","guid":{"rendered":"http:\/\/www.jornaldaconstrucaocivil.com.br\/?p=3271"},"modified":"2016-09-02T17:21:42","modified_gmt":"2016-09-02T17:21:42","slug":"asa-vogue-apresenta-exposicao-utopias-cariocas-durante-a-semana-design-rio","status":"publish","type":"post","link":"https:\/\/construcaocivil.siriusmarketingedesign.com.br\/?p=3271","title":{"rendered":"Casa Vogue apresenta exposi\u00e7\u00e3o &#8220;Utopias Cariocas&#8221; durante a Semana Design Rio"},"content":{"rendered":"<p><span style=\"color: #ff0000;\">Rio &#8211;\u00a0<\/span><strong>\u00a0A Casa Vogue, uma das mais conceituadas revistas de arquitetura e design do pa\u00eds, preparou com exclusividade para a Semana Design Rio a exposi\u00e7\u00e3o <span style=\"color: #993300;\">\u201cUtopias Cariocas\u201d<\/span>, que acontece de 1 a 4 de setembro, no centro do Rio de Janeiro.<\/strong><\/p>\n<p><span style=\"color: #000000;\">Com 10 dos arquitetos mais renomados do Rio de Janeiro, a<span style=\"color: #993300;\"> \u201cUtopias Cariocas\u201d<\/span> apresenta a cria\u00e7\u00e3o de 10 projetos ut\u00f3picos para a cidade, com abordagens que v\u00e3o desde transporte e turismo at\u00e9 sustentabilidade. Esses projetos estar\u00e3o expostos durante toda a Semana Design Rio, onde ser\u00e3o apresentadas as cria\u00e7\u00f5es dos sonhos de cada um desses arquitetos para a capital carioca.<\/span><\/p>\n<p><span style=\"color: #993300;\">Servi\u00e7o:<\/span><\/p>\n<p><span style=\"color: #993300;\">\u201cUtopias Cariocas \u2013 Casa Vogue na Semana Design Rio<\/span><\/p>\n<p><span style=\"color: #993300;\">Local: Armaz\u00e9m 6<\/span><\/p>\n<p><span style=\"color: #993300;\">Endere\u00e7o: Avenida. Rodrigues Alves, 1794 \u2013 Zona Portu\u00e1rio \u2013 Centro \u2013 RJ<\/span><\/p>\n<p><span style=\"color: #993300;\">Data: de 01 a 04 de setembro<\/span><\/p>\n<p><span style=\"color: #993300;\">Hor\u00e1rio: das 14:00 horas \u00e0s 22:00 horas<\/span><\/p>\n","protected":false},"excerpt":{"rendered":"<p>Rio &#8211;\u00a0\u00a0A Casa Vogue, uma das mais conceituadas revistas de arquitetura e design do pa\u00eds, preparou com exclusividade para a Semana Design Rio a exposi\u00e7\u00e3o \u201cUtopias Cariocas\u201d, que acontece de 1 a 4 de setembro, no centro do Rio de Janeiro. Com 10 dos arquitetos mais renomados do Rio de Janeiro, a \u201cUtopias Cariocas\u201d apresenta [&hellip;]<\/p>\n","protected":false},"author":1,"featured_media":0,"comment_status":"open","ping_status":"open","sticky":false,"template":"","format":"standard","meta":{"_uag_custom_page_level_css":"","footnotes":""},"categories":[27],"tags":[911,1956,3534,10835,12174,12577],"class_list":["post-3271","post","type-post","status-publish","format-standard","hentry","category-acontece","tag-arquitetura","tag-casa-vogue","tag-design","tag-semana-design-rio","tag-utopias-cariocas","tag-zona-portuaria"],"blocksy_meta":[],"spectra_blocks_featured_image_url":null,"spectra_blocks_author_info":{"display_name":"Jornal da Constru\u00e7\u00e3o Civil","avatar_url":"https:\/\/secure.gravatar.com\/avatar\/973c9774fd44ddaceb026973c4962faa70fc512bc4c9da68e8ebb40fecee6540?s=96&d=mm&r=g","author_link":"https:\/\/construcaocivil.siriusmarketingedesign.com.br\/?author=1","description":"Desde de 2013, levando muitas informa\u00e7\u00f5es, lan\u00e7amentos e produtos de qualidade para toda cadeia produtiva da constru\u00e7\u00e3o. O Futuro da constru\u00e7\u00e3o passa por aqui,"},"uagb_featured_image_src":{"full":false,"thumbnail":false,"medium":false,"medium_large":false,"large":false,"1536x1536":false,"2048x2048":false},"uagb_author_info":{"display_name":"Jornal da Constru\u00e7\u00e3o Civil","author_link":"https:\/\/construcaocivil.siriusmarketingedesign.com.br\/?author=1"},"uagb_comment_info":0,"uagb_excerpt":"Rio &#8211;\u00a0\u00a0A Casa Vogue, uma das mais conceituadas revistas de arquitetura e design do pa\u00eds, preparou com exclusividade para a Semana Design Rio a exposi\u00e7\u00e3o \u201cUtopias Cariocas\u201d, que acontece de 1 a 4 de setembro, no centro do Rio de Janeiro. Com 10 dos arquitetos mais renomados do Rio de Janeiro, a \u201cUtopias Cariocas\u201d apresenta&hellip;","_links":{"self":[{"href":"https:\/\/construcaocivil.siriusmarketingedesign.com.br\/index.php?rest_route=\/wp\/v2\/posts\/3271","targetHints":{"allow":["GET"]}}],"collection":[{"href":"https:\/\/construcaocivil.siriusmarketingedesign.com.br\/index.php?rest_route=\/wp\/v2\/posts"}],"about":[{"href":"https:\/\/construcaocivil.siriusmarketingedesign.com.br\/index.php?rest_route=\/wp\/v2\/types\/post"}],"author":[{"embeddable":true,"href":"https:\/\/construcaocivil.siriusmarketingedesign.com.br\/index.php?rest_route=\/wp\/v2\/users\/1"}],"replies":[{"embeddable":true,"href":"https:\/\/construcaocivil.siriusmarketingedesign.com.br\/index.php?rest_route=%2Fwp%2Fv2%2Fcomments&post=3271"}],"version-history":[{"count":0,"href":"https:\/\/construcaocivil.siriusmarketingedesign.com.br\/index.php?rest_route=\/wp\/v2\/posts\/3271\/revisions"}],"wp:attachment":[{"href":"https:\/\/construcaocivil.siriusmarketingedesign.com.br\/index.php?rest_route=%2Fwp%2Fv2%2Fmedia&parent=3271"}],"wp:term":[{"taxonomy":"category","embeddable":true,"href":"https:\/\/construcaocivil.siriusmarketingedesign.com.br\/index.php?rest_route=%2Fwp%2Fv2%2Fcategories&post=3271"},{"taxonomy":"post_tag","embeddable":true,"href":"https:\/\/construcaocivil.siriusmarketingedesign.com.br\/index.php?rest_route=%2Fwp%2Fv2%2Ftags&post=3271"}],"curies":[{"name":"wp","href":"https:\/\/api.w.org\/{rel}","templated":true}]}}