{"id":3274,"date":"2016-09-02T23:20:59","date_gmt":"2016-09-02T23:20:59","guid":{"rendered":"http:\/\/www.jornaldaconstrucaocivil.com.br\/?p=3274"},"modified":"2016-09-02T23:20:59","modified_gmt":"2016-09-02T23:20:59","slug":"dia-nacional-da-construcao-social-dcns-alcanca-objetivo-mostrar-a-importancia-dos-trabalhadores-da-construcao-civil-para-o-pais","status":"publish","type":"post","link":"https:\/\/construcaocivil.siriusmarketingedesign.com.br\/?p=3274","title":{"rendered":"Dia Nacional da Constru\u00e7\u00e3o Social (DCNS) alcan\u00e7a objetivo: mostrar a import\u00e2ncia dos trabalhadores da constru\u00e7\u00e3o civil para o Pa\u00eds"},"content":{"rendered":"<p><span style=\"color: #000000;\"><span style=\"color: #0000ff;\">Cidadania<\/span>\u00a0<\/span><\/p>\n<p><span style=\"color: #000000;\"><span style=\"color: #993300;\">Setembro, 2016<\/span> &#8211; A ind\u00fastria da constru\u00e7\u00e3o mais uma vez se uniu e comemorou no \u00faltimo s\u00e1bado (27\/08), em 32 localidades do Pa\u00eds, a import\u00e2ncia dos colaboradores do setor para o Brasil. O Dia Nacional da Constru\u00e7\u00e3o Social (DNCS) 2016 foi um dia de festa para trabalhadores e familiares. <\/span><\/p>\n<p><a href=\"http:\/\/www.jornaldaconstrucaocivil.com.br\/wp-content\/uploads\/2016\/09\/CBIC.jpg\"><img loading=\"lazy\" decoding=\"async\" class=\"wp-image-3275 alignleft\" src=\"http:\/\/www.jornaldaconstrucaocivil.com.br\/wp-content\/uploads\/2016\/09\/CBIC.jpg\" alt=\"CBIC\" width=\"357\" height=\"198\" \/><\/a><\/p>\n<p><span style=\"color: #000000;\">Promovido pela C\u00e2mara Brasileira da Ind\u00fastria da Constru\u00e7\u00e3o, por meio do F\u00f3rum de A\u00e7\u00e3o Social e Cidadania (Fasc) da CBIC, e pelo SESI Nacional, o DNCS 2016 adotou a campanha <span style=\"color: #993300;\">#ValoresConstroem<\/span> e numa grande corrente de cultivo a valores como respeito, \u00e9tica, generosidade, honestidade e trabalho realizou 254.027 atendimentos a 68.312 trabalhadores e familiares do setor da constru\u00e7\u00e3o.Para alcan\u00e7ar esse importante resultado, o setor contou com a colabora\u00e7\u00e3o de 959 parceiros e 6.537 volunt\u00e1rios. Para o presidente da CBIC, Jos\u00e9 Carlos Martins, h\u00e1 10 anos o setor se une para essa grande festa. <em>\u201cCuidar do nosso trabalhador \u00e9 a nossa miss\u00e3o e fazemos isso com empenho, para que ele se sinta valorizado e motivado a trabalhar na constru\u00e7\u00e3o do nosso Brasil\u201d<\/em>, destaca Martins.<\/span><\/p>\n<p><span style=\"color: #ff0000;\">Fonte: Boletim CBIC<\/span><\/p>\n","protected":false},"excerpt":{"rendered":"<p>Cidadania\u00a0 Setembro, 2016 &#8211; A ind\u00fastria da constru\u00e7\u00e3o mais uma vez se uniu e comemorou no \u00faltimo s\u00e1bado (27\/08), em 32 localidades do Pa\u00eds, a import\u00e2ncia dos colaboradores do setor para o Brasil. O Dia Nacional da Constru\u00e7\u00e3o Social (DNCS) 2016 foi um dia de festa para trabalhadores e familiares. Promovido pela C\u00e2mara Brasileira da [&hellip;]<\/p>\n","protected":false},"author":1,"featured_media":3275,"comment_status":"open","ping_status":"open","sticky":false,"template":"","format":"standard","meta":{"_uag_custom_page_level_css":"","footnotes":""},"categories":[37],"tags":[1709,2826,3626,6557,10965],"class_list":["post-3274","post","type-post","status-publish","format-standard","has-post-thumbnail","hentry","category-sustentabilidade","tag-camara-brasileira-da-industria-da-construcaocbic","tag-construcao-civil","tag-dia-nacional-da-construcao-social-dncs","tag-jose-carlos-martins-presidente-da-cbic","tag-sesi-nacional"],"blocksy_meta":[],"spectra_blocks_featured_image_url":[],"spectra_blocks_author_info":{"display_name":"Jornal da Constru\u00e7\u00e3o Civil","avatar_url":"https:\/\/secure.gravatar.com\/avatar\/973c9774fd44ddaceb026973c4962faa70fc512bc4c9da68e8ebb40fecee6540?s=96&d=mm&r=g","author_link":"https:\/\/construcaocivil.siriusmarketingedesign.com.br\/?author=1","description":"Desde de 2013, levando muitas informa\u00e7\u00f5es, lan\u00e7amentos e produtos de qualidade para toda cadeia produtiva da constru\u00e7\u00e3o. O Futuro da constru\u00e7\u00e3o passa por aqui,"},"uagb_featured_image_src":{"full":false,"thumbnail":false,"medium":false,"medium_large":false,"large":false,"1536x1536":false,"2048x2048":false},"uagb_author_info":{"display_name":"Jornal da Constru\u00e7\u00e3o Civil","author_link":"https:\/\/construcaocivil.siriusmarketingedesign.com.br\/?author=1"},"uagb_comment_info":0,"uagb_excerpt":"Cidadania\u00a0 Setembro, 2016 &#8211; A ind\u00fastria da constru\u00e7\u00e3o mais uma vez se uniu e comemorou no \u00faltimo s\u00e1bado (27\/08), em 32 localidades do Pa\u00eds, a import\u00e2ncia dos colaboradores do setor para o Brasil. O Dia Nacional da Constru\u00e7\u00e3o Social (DNCS) 2016 foi um dia de festa para trabalhadores e familiares. Promovido pela C\u00e2mara Brasileira da&hellip;","_links":{"self":[{"href":"https:\/\/construcaocivil.siriusmarketingedesign.com.br\/index.php?rest_route=\/wp\/v2\/posts\/3274","targetHints":{"allow":["GET"]}}],"collection":[{"href":"https:\/\/construcaocivil.siriusmarketingedesign.com.br\/index.php?rest_route=\/wp\/v2\/posts"}],"about":[{"href":"https:\/\/construcaocivil.siriusmarketingedesign.com.br\/index.php?rest_route=\/wp\/v2\/types\/post"}],"author":[{"embeddable":true,"href":"https:\/\/construcaocivil.siriusmarketingedesign.com.br\/index.php?rest_route=\/wp\/v2\/users\/1"}],"replies":[{"embeddable":true,"href":"https:\/\/construcaocivil.siriusmarketingedesign.com.br\/index.php?rest_route=%2Fwp%2Fv2%2Fcomments&post=3274"}],"version-history":[{"count":0,"href":"https:\/\/construcaocivil.siriusmarketingedesign.com.br\/index.php?rest_route=\/wp\/v2\/posts\/3274\/revisions"}],"wp:attachment":[{"href":"https:\/\/construcaocivil.siriusmarketingedesign.com.br\/index.php?rest_route=%2Fwp%2Fv2%2Fmedia&parent=3274"}],"wp:term":[{"taxonomy":"category","embeddable":true,"href":"https:\/\/construcaocivil.siriusmarketingedesign.com.br\/index.php?rest_route=%2Fwp%2Fv2%2Fcategories&post=3274"},{"taxonomy":"post_tag","embeddable":true,"href":"https:\/\/construcaocivil.siriusmarketingedesign.com.br\/index.php?rest_route=%2Fwp%2Fv2%2Ftags&post=3274"}],"curies":[{"name":"wp","href":"https:\/\/api.w.org\/{rel}","templated":true}]}}