{"id":3277,"date":"2016-09-02T23:30:53","date_gmt":"2016-09-02T23:30:53","guid":{"rendered":"http:\/\/www.jornaldaconstrucaocivil.com.br\/?p=3277"},"modified":"2016-09-02T23:30:53","modified_gmt":"2016-09-02T23:30:53","slug":"aeerj-segue-serie-de-debates-com-candidatos-a-prefeitura-do-rio","status":"publish","type":"post","link":"https:\/\/construcaocivil.siriusmarketingedesign.com.br\/?p=3277","title":{"rendered":"AEERJ segue s\u00e9rie de debates com candidatos \u00e0 prefeitura do Rio"},"content":{"rendered":"<p><span style=\"color: #800000;\">Elei\u00e7\u00f5es 2016\u00a0<\/span><\/p>\n<p><strong><span style=\"color: #000080;\">Segunda-feira (5) Alessandro Molon (REDE) candidato \u00e0 prefeitura do Rio discute pol\u00edticas p\u00fablicas para constru\u00e7\u00e3o civil com empresas de engenharia<\/span><\/strong><\/p>\n<p><span style=\"color: #000000;\">Na pr\u00f3xima segunda-feira, 05 de setembro, na sede da Associa\u00e7\u00e3o das Empresas de Engenharia do Rio de Janeiro (AEERJ), Alessandro Molon (REDE), candidato \u00e0 Prefeitura do Rio de Janeiro, ser\u00e1 o terceiro participante da sabatina promovida pela entidade para discutir pol\u00edticas p\u00fablicas para constru\u00e7\u00e3o civil.<\/span><\/p>\n<p><span style=\"color: #000000;\">A AEERJ convoca os candidatos e apresenta carta-proposta com vis\u00e3o das empresas associadas sobre pontos fundamentais para regular o setor e trazer maior seguran\u00e7a para execu\u00e7\u00e3o de obras p\u00fablicas no Munic\u00edpio.\u00a0 A ideia \u00e9 que os candidatos conhe\u00e7am as propostas, se posicionem e apresentem de que forma enxergam a quest\u00e3o e como pretendem inserir a tem\u00e1tica em seus planos de governo.<\/span><\/p>\n<p><span style=\"color: #000000;\">No documento, redigido pela AEERJ, s\u00e3o abordados temas como a necessidade do respeito aos contratos, melhoria nos processos de licita\u00e7\u00e3o e de gest\u00e3o p\u00fablica, defini\u00e7\u00e3o de prioridades para obras em andamento e para conserva\u00e7\u00e3o da cidade.<\/span><\/p>\n<p><span style=\"color: #993300;\">No dia 15 de setembro, ter\u00e7a-feira, \u00e0s 16h est\u00e1 confirmada a presen\u00e7a de Rodrigo Neves, candidato \u00e0 prefeitura de Niter\u00f3i.<\/span><\/p>\n<p>Fonte: Assessoria de Imprensa AEERJ<\/p>\n","protected":false},"excerpt":{"rendered":"<p>Elei\u00e7\u00f5es 2016\u00a0 Segunda-feira (5) Alessandro Molon (REDE) candidato \u00e0 prefeitura do Rio discute pol\u00edticas p\u00fablicas para constru\u00e7\u00e3o civil com empresas de engenharia Na pr\u00f3xima segunda-feira, 05 de setembro, na sede da Associa\u00e7\u00e3o das Empresas de Engenharia do Rio de Janeiro (AEERJ), Alessandro Molon (REDE), candidato \u00e0 Prefeitura do Rio de Janeiro, ser\u00e1 o terceiro participante [&hellip;]<\/p>\n","protected":false},"author":1,"featured_media":0,"comment_status":"open","ping_status":"open","sticky":false,"template":"","format":"standard","meta":{"_uag_custom_page_level_css":"","footnotes":""},"categories":[27],"tags":[467,1027,2826,3036,7824,9070,9298],"class_list":["post-3277","post","type-post","status-publish","format-standard","hentry","category-acontece","tag-aeerj","tag-associacao-das-empresas-de-engenharia-do-rio-de-janeiro-aeerj","tag-construcao-civil","tag-contratos","tag-molon","tag-politicas-para-o-setor","tag-prefeitura-do-rio"],"blocksy_meta":[],"spectra_blocks_featured_image_url":null,"spectra_blocks_author_info":{"display_name":"Jornal da Constru\u00e7\u00e3o Civil","avatar_url":"https:\/\/secure.gravatar.com\/avatar\/973c9774fd44ddaceb026973c4962faa70fc512bc4c9da68e8ebb40fecee6540?s=96&d=mm&r=g","author_link":"https:\/\/construcaocivil.siriusmarketingedesign.com.br\/?author=1","description":"Desde de 2013, levando muitas informa\u00e7\u00f5es, lan\u00e7amentos e produtos de qualidade para toda cadeia produtiva da constru\u00e7\u00e3o. O Futuro da constru\u00e7\u00e3o passa por aqui,"},"uagb_featured_image_src":{"full":false,"thumbnail":false,"medium":false,"medium_large":false,"large":false,"1536x1536":false,"2048x2048":false},"uagb_author_info":{"display_name":"Jornal da Constru\u00e7\u00e3o Civil","author_link":"https:\/\/construcaocivil.siriusmarketingedesign.com.br\/?author=1"},"uagb_comment_info":0,"uagb_excerpt":"Elei\u00e7\u00f5es 2016\u00a0 Segunda-feira (5) Alessandro Molon (REDE) candidato \u00e0 prefeitura do Rio discute pol\u00edticas p\u00fablicas para constru\u00e7\u00e3o civil com empresas de engenharia Na pr\u00f3xima segunda-feira, 05 de setembro, na sede da Associa\u00e7\u00e3o das Empresas de Engenharia do Rio de Janeiro (AEERJ), Alessandro Molon (REDE), candidato \u00e0 Prefeitura do Rio de Janeiro, ser\u00e1 o terceiro participante&hellip;","_links":{"self":[{"href":"https:\/\/construcaocivil.siriusmarketingedesign.com.br\/index.php?rest_route=\/wp\/v2\/posts\/3277","targetHints":{"allow":["GET"]}}],"collection":[{"href":"https:\/\/construcaocivil.siriusmarketingedesign.com.br\/index.php?rest_route=\/wp\/v2\/posts"}],"about":[{"href":"https:\/\/construcaocivil.siriusmarketingedesign.com.br\/index.php?rest_route=\/wp\/v2\/types\/post"}],"author":[{"embeddable":true,"href":"https:\/\/construcaocivil.siriusmarketingedesign.com.br\/index.php?rest_route=\/wp\/v2\/users\/1"}],"replies":[{"embeddable":true,"href":"https:\/\/construcaocivil.siriusmarketingedesign.com.br\/index.php?rest_route=%2Fwp%2Fv2%2Fcomments&post=3277"}],"version-history":[{"count":0,"href":"https:\/\/construcaocivil.siriusmarketingedesign.com.br\/index.php?rest_route=\/wp\/v2\/posts\/3277\/revisions"}],"wp:attachment":[{"href":"https:\/\/construcaocivil.siriusmarketingedesign.com.br\/index.php?rest_route=%2Fwp%2Fv2%2Fmedia&parent=3277"}],"wp:term":[{"taxonomy":"category","embeddable":true,"href":"https:\/\/construcaocivil.siriusmarketingedesign.com.br\/index.php?rest_route=%2Fwp%2Fv2%2Fcategories&post=3277"},{"taxonomy":"post_tag","embeddable":true,"href":"https:\/\/construcaocivil.siriusmarketingedesign.com.br\/index.php?rest_route=%2Fwp%2Fv2%2Ftags&post=3277"}],"curies":[{"name":"wp","href":"https:\/\/api.w.org\/{rel}","templated":true}]}}