{"id":330,"date":"2015-11-06T00:35:55","date_gmt":"2015-11-06T00:35:55","guid":{"rendered":"http:\/\/www.jornaldaconstrucaocivil.com.br\/?p=330"},"modified":"2015-11-06T00:35:55","modified_gmt":"2015-11-06T00:35:55","slug":"bndes-e-finep-lancam-edital-do-padiq-plano-de-inovacao-para-a-industria-quimica","status":"publish","type":"post","link":"https:\/\/construcaocivil.siriusmarketingedesign.com.br\/?p=330","title":{"rendered":"BNDES e Finep  lan\u00e7am edital do PADIQ,  plano de inova\u00e7\u00e3o para a ind\u00fastria qu\u00edmica"},"content":{"rendered":"<p><span style=\"color: #000000;\"><strong><span style=\"font-family: Arial; font-size: medium;\"><i>Com R$ 2,2 bilh\u00f5es em recursos, novo instrumento apoiar\u00e1 projetos do setor no per\u00edodo 2016\/2017<\/i><\/span> <\/strong><\/span><br \/>\n<span style=\"font-family: Arial; font-size: medium; color: #000000;\">\u00a0 <\/span><br \/>\n<span style=\"font-family: Arial; font-size: medium; color: #000000;\">Os presidentes do Banco Nacional de Desenvolvimento Econ\u00f4mico e Social (BNDES), Luciano Coutinho, e da Financiadora de Estudos e Projetos (Finep), Luis Manuel Rebelo Fernandes, lan\u00e7aram nesta quinta-feira, 5, o primeiro edital para sele\u00e7\u00e3o de projetos de investimento no \u00e2mbito do \u00a0Plano de Desenvolvimento e Inova\u00e7\u00e3o da Qu\u00edmica (PADIQ). <\/span><\/p>\n<p><span style=\"font-family: Arial; font-size: medium; color: #000000;\">O evento foi realizado na sede da Federa\u00e7\u00e3o das Ind\u00fastrias do Estado do Rio de Janeiro (Firjan), no encerramento do semin\u00e1rio<em> \u201cDesenvolvimento Produtivo e Inovativo: Oportunidades e Novas Pol\u00edticas\u201d. <\/em><\/span><\/p>\n<p><span style=\"font-family: Arial; font-size: medium; color: #000000;\">Com recursos de R$ 2,2 bilh\u00f5es para o per\u00edodo 2016\/2017, o PADIQ tem por objetivo apoiar projetos de desenvolvimento tecnol\u00f3gico e de investimento na fabrica\u00e7\u00e3o de produtos qu\u00edmicos. <\/span><\/p>\n<p><span style=\"font-family: Arial; font-size: medium; color: #000000;\"><em>\u201cO Brasil tem nichos industriais com capacita\u00e7\u00e3o consagrada para inovar e os investimentos em P,D&amp;I s\u00e3o o caminho para deslocar a fronteira da competitividade\u201d<\/em>, disse Coutinho. <\/span><\/p>\n<p><span style=\"font-family: Arial; font-size: medium; color: #000000;\">O PADIQ atuar\u00e1 em projetos de inova\u00e7\u00e3o, desenvolvimento de mercados e investimentos industriais em diversas linhas tem\u00e1ticas. As linhas tem\u00e1ticas escolhidas s\u00e3o resultado do diagn\u00f3stico realizado pelo Estudo de Diversifica\u00e7\u00e3o da Ind\u00fastria Qu\u00edmica, financiado pelo BNDES e conclu\u00eddo no final do ano passado. O estudo mapeou oportunidades de investimentos em diversos segmentos da ind\u00fastria qu\u00edmica, ap\u00f3s extensa coleta e an\u00e1lise de informa\u00e7\u00f5es e amplo debate com empresas e associa\u00e7\u00f5es do setor. <\/span><\/p>\n<p><span style=\"font-family: Arial; font-size: medium; color: #000000;\">O PADIQ ter\u00e1 tr\u00eas editais anuais (2015, 2016 e 2017). O primeiro, lan\u00e7ado hoje, contemplar\u00e1 seis linhas tem\u00e1ticas: aditivos para alimenta\u00e7\u00e3o animal; derivados de sil\u00edcio; materiais comp\u00f3sitos e fibras de carbono; aditivos qu\u00edmicos para explora\u00e7\u00e3o e produ\u00e7\u00e3o de petr\u00f3leo; insumos qu\u00edmicos para higiene pessoal, perfumaria e cosm\u00e9ticos (HPPC); e produtos qu\u00edmicos de fontes renov\u00e1veis de mat\u00e9rias-primas. <\/span><\/p>\n<p><span style=\"font-family: Arial; font-size: medium; color: #000000;\">As empresas interessadas poder\u00e3o participar do processo de sele\u00e7\u00e3o individualmente ou em parceria com outras companhias ou Institui\u00e7\u00f5es Cient\u00edficas Tecnol\u00f3gicas (ICTs). Os planos de neg\u00f3cio dever\u00e3o ter valor m\u00ednimo de R$ 10 milh\u00f5es. <\/span><\/p>\n<p><span style=\"color: #000000;\"><span style=\"font-family: Arial; font-size: medium;\">Este primeiro edital do PADIQ estar\u00e1 dispon\u00edvel para consulta nos sites da Finep e do BNDES a partir de amanh\u00e3, dia 6. O BNDES e a Finep realizar\u00e3o workshops de orienta\u00e7\u00e3o para a apresenta\u00e7\u00e3o dos Planos de Neg\u00f3cios, no Rio de Janeiro e em S\u00e3o Paulo, nos pr\u00f3ximos dias \u00a024, 25 e 26. <\/span><\/span><\/p>\n<p><span style=\"color: #000000;\"><span style=\"font-family: Arial; font-size: medium;\">As inscri\u00e7\u00f5es poder\u00e3o ser feitas pelos endere\u00e7os eletr\u00f4nicos <\/span><span style=\"color: #3366ff;\"><a style=\"color: #3366ff;\" href=\"http:\/\/www.bndes.gov.br\/padiq\" target=\"_blank\"><span style=\"font-family: Arial; font-size: medium;\"><u>www.bndes.gov.br\/padiq<\/u><\/span><\/a><\/span><span style=\"font-family: Arial; font-size: medium;\"> e <\/span><span style=\"color: #3366ff;\"><a style=\"color: #3366ff;\" href=\"http:\/\/www.finep.gov.br\/padiq\" target=\"_blank\"><span style=\"font-family: Arial; font-size: medium;\"><u>www.finep.gov.br\/padiq<\/u><\/span><\/a><span style=\"font-family: Arial; font-size: medium;\">.<\/span><\/span><\/span><\/p>\n<p><strong><span style=\"color: #000000;\"><span style=\"font-family: Arial; font-size: medium;\">Fonte:BNDES<\/span><\/span><\/strong><\/p>\n<p>&nbsp;<\/p>\n","protected":false},"excerpt":{"rendered":"<p>Com R$ 2,2 bilh\u00f5es em recursos, novo instrumento apoiar\u00e1 projetos do setor no per\u00edodo 2016\/2017 \u00a0 Os presidentes do Banco Nacional de Desenvolvimento Econ\u00f4mico e Social (BNDES), Luciano Coutinho, e da Financiadora de Estudos e Projetos (Finep), Luis Manuel Rebelo Fernandes, lan\u00e7aram nesta quinta-feira, 5, o primeiro edital para sele\u00e7\u00e3o de projetos de investimento no [&hellip;]<\/p>\n","protected":false},"author":1,"featured_media":0,"comment_status":"open","ping_status":"open","sticky":false,"template":"","format":"quote","meta":{"_uag_custom_page_level_css":"","footnotes":""},"categories":[33],"tags":[1464,3942,5089,8570],"class_list":["post-330","post","type-post","status-publish","format-quote","hentry","category-mercado","tag-bndes","tag-edital-2015","tag-finep","tag-padiq","post_format-post-format-quote"],"blocksy_meta":[],"spectra_blocks_featured_image_url":null,"spectra_blocks_author_info":{"display_name":"Jornal da Constru\u00e7\u00e3o Civil","avatar_url":"https:\/\/secure.gravatar.com\/avatar\/973c9774fd44ddaceb026973c4962faa70fc512bc4c9da68e8ebb40fecee6540?s=96&d=mm&r=g","author_link":"https:\/\/construcaocivil.siriusmarketingedesign.com.br\/?author=1","description":"Desde de 2013, levando muitas informa\u00e7\u00f5es, lan\u00e7amentos e produtos de qualidade para toda cadeia produtiva da constru\u00e7\u00e3o. O Futuro da constru\u00e7\u00e3o passa por aqui,"},"uagb_featured_image_src":{"full":false,"thumbnail":false,"medium":false,"medium_large":false,"large":false,"1536x1536":false,"2048x2048":false},"uagb_author_info":{"display_name":"Jornal da Constru\u00e7\u00e3o Civil","author_link":"https:\/\/construcaocivil.siriusmarketingedesign.com.br\/?author=1"},"uagb_comment_info":0,"uagb_excerpt":"Com R$ 2,2 bilh\u00f5es em recursos, novo instrumento apoiar\u00e1 projetos do setor no per\u00edodo 2016\/2017 \u00a0 Os presidentes do Banco Nacional de Desenvolvimento Econ\u00f4mico e Social (BNDES), Luciano Coutinho, e da Financiadora de Estudos e Projetos (Finep), Luis Manuel Rebelo Fernandes, lan\u00e7aram nesta quinta-feira, 5, o primeiro edital para sele\u00e7\u00e3o de projetos de investimento no&hellip;","_links":{"self":[{"href":"https:\/\/construcaocivil.siriusmarketingedesign.com.br\/index.php?rest_route=\/wp\/v2\/posts\/330","targetHints":{"allow":["GET"]}}],"collection":[{"href":"https:\/\/construcaocivil.siriusmarketingedesign.com.br\/index.php?rest_route=\/wp\/v2\/posts"}],"about":[{"href":"https:\/\/construcaocivil.siriusmarketingedesign.com.br\/index.php?rest_route=\/wp\/v2\/types\/post"}],"author":[{"embeddable":true,"href":"https:\/\/construcaocivil.siriusmarketingedesign.com.br\/index.php?rest_route=\/wp\/v2\/users\/1"}],"replies":[{"embeddable":true,"href":"https:\/\/construcaocivil.siriusmarketingedesign.com.br\/index.php?rest_route=%2Fwp%2Fv2%2Fcomments&post=330"}],"version-history":[{"count":0,"href":"https:\/\/construcaocivil.siriusmarketingedesign.com.br\/index.php?rest_route=\/wp\/v2\/posts\/330\/revisions"}],"wp:attachment":[{"href":"https:\/\/construcaocivil.siriusmarketingedesign.com.br\/index.php?rest_route=%2Fwp%2Fv2%2Fmedia&parent=330"}],"wp:term":[{"taxonomy":"category","embeddable":true,"href":"https:\/\/construcaocivil.siriusmarketingedesign.com.br\/index.php?rest_route=%2Fwp%2Fv2%2Fcategories&post=330"},{"taxonomy":"post_tag","embeddable":true,"href":"https:\/\/construcaocivil.siriusmarketingedesign.com.br\/index.php?rest_route=%2Fwp%2Fv2%2Ftags&post=330"}],"curies":[{"name":"wp","href":"https:\/\/api.w.org\/{rel}","templated":true}]}}