{"id":3312,"date":"2016-09-05T22:32:45","date_gmt":"2016-09-05T22:32:45","guid":{"rendered":"http:\/\/www.jornaldaconstrucaocivil.com.br\/?p=3312"},"modified":"2016-09-05T22:32:45","modified_gmt":"2016-09-05T22:32:45","slug":"ministro-bruno-araujo-participara-da-reuniao-da-comissao-de-obras-publicas-da-cbic-do-dia-15-de-setembro","status":"publish","type":"post","link":"https:\/\/construcaocivil.siriusmarketingedesign.com.br\/?p=3312","title":{"rendered":"Ministro Bruno Ara\u00fajo participar\u00e1 da reuni\u00e3o da Comiss\u00e3o de Obras P\u00fablicas da CBIC do dia 15 de setembro"},"content":{"rendered":"<p><span style=\"color: #ff0000;\">Infraestrutura\u00a0<\/span><\/p>\n<figure id=\"attachment_3313\" aria-describedby=\"caption-attachment-3313\" style=\"width: 346px\" class=\"wp-caption alignleft\"><a href=\"http:\/\/www.jornaldaconstrucaocivil.com.br\/wp-content\/uploads\/2016\/09\/CBIC-II.jpg\"><img loading=\"lazy\" decoding=\"async\" class=\" wp-image-3313\" src=\"http:\/\/www.jornaldaconstrucaocivil.com.br\/wp-content\/uploads\/2016\/09\/CBIC-II.jpg\" alt=\"Bras\u00edlia-DF. 18\/05\/2016. Foto: Bruno Peres\/Min. Cidades. O ministro das Cidades Bruno Ara\u00fajo concede entrevista coletiva para jornalistas.\" width=\"346\" height=\"230\" \/><\/a><figcaption id=\"caption-attachment-3313\" class=\"wp-caption-text\"><span style=\"color: #0000ff;\">Bras\u00edlia-DF. 18\/05\/2016. Foto: Bruno Peres\/Min. Cidades. O ministro das Cidades Bruno Ara\u00fajo concede entrevista coletiva para jornalistas.<\/span><\/figcaption><\/figure>\n<p><span style=\"color: #000000;\"><span style=\"color: #0000ff;\">Setembro, 2016 &#8211;<\/span> A reuni\u00e3o da Comiss\u00e3o de Obras P\u00fablicas, Privatiza\u00e7\u00f5es e Concess\u00f5es da C\u00e2mara Brasileira da Ind\u00fastria da Constru\u00e7\u00e3o (COP\/CBIC) do pr\u00f3ximo dia 15 de setembro contar\u00e1 com a participa\u00e7\u00e3o do ministro das Cidades Bruno Ara\u00fajo. O encontro ter\u00e1 in\u00edcio \u00e0s 10h, na sede da CBIC, em Bras\u00edlia. Durante a reuni\u00e3o, o ministro falar\u00e1 sobre os projetos do Programa de Acelera\u00e7\u00e3o do Crescimento (PAC) e o regramento definido pelo governo para sua continuidade. Destacar\u00e1 tamb\u00e9m o desenvolvimento de projetos de parcerias (Concess\u00f5es\/PPPs) nas \u00e1reas de Saneamento e de Mobilidade Urbana.<\/span><\/p>\n<p><span style=\"color: #000000;\">Na sequ\u00eancia, a COP\/CBIC apresentar\u00e1 seus trabalhos junto ao Senado Federal para a revis\u00e3o da Lei de Licita\u00e7\u00f5es e os pontos que v\u00eam defendendo junto \u00e0 Secretaria Executiva do Programa de Parcerias de Investimentos (PPI).<\/span><\/p>\n<p><span style=\"color: #993300;\">Fonte: Boletim CBIC<\/span><\/p>\n","protected":false},"excerpt":{"rendered":"<p>Infraestrutura\u00a0 Setembro, 2016 &#8211; A reuni\u00e3o da Comiss\u00e3o de Obras P\u00fablicas, Privatiza\u00e7\u00f5es e Concess\u00f5es da C\u00e2mara Brasileira da Ind\u00fastria da Constru\u00e7\u00e3o (COP\/CBIC) do pr\u00f3ximo dia 15 de setembro contar\u00e1 com a participa\u00e7\u00e3o do ministro das Cidades Bruno Ara\u00fajo. O encontro ter\u00e1 in\u00edcio \u00e0s 10h, na sede da CBIC, em Bras\u00edlia. Durante a reuni\u00e3o, o ministro [&hellip;]<\/p>\n","protected":false},"author":1,"featured_media":3313,"comment_status":"open","ping_status":"open","sticky":false,"template":"","format":"standard","meta":{"_uag_custom_page_level_css":"","footnotes":""},"categories":[27],"tags":[6096,7706,7743,7773,8393,9188,10593],"class_list":["post-3312","post","type-post","status-publish","format-standard","has-post-thumbnail","hentry","category-acontece","tag-infraestrutura","tag-ministerio-da-cidades","tag-ministro-bruno-araujo","tag-mobilidade-urbana","tag-obras-publicas","tag-ppi","tag-saneamento"],"blocksy_meta":[],"spectra_blocks_featured_image_url":[],"spectra_blocks_author_info":{"display_name":"Jornal da Constru\u00e7\u00e3o Civil","avatar_url":"https:\/\/secure.gravatar.com\/avatar\/973c9774fd44ddaceb026973c4962faa70fc512bc4c9da68e8ebb40fecee6540?s=96&d=mm&r=g","author_link":"https:\/\/construcaocivil.siriusmarketingedesign.com.br\/?author=1","description":"Desde de 2013, levando muitas informa\u00e7\u00f5es, lan\u00e7amentos e produtos de qualidade para toda cadeia produtiva da constru\u00e7\u00e3o. O Futuro da constru\u00e7\u00e3o passa por aqui,"},"uagb_featured_image_src":{"full":false,"thumbnail":false,"medium":false,"medium_large":false,"large":false,"1536x1536":false,"2048x2048":false},"uagb_author_info":{"display_name":"Jornal da Constru\u00e7\u00e3o Civil","author_link":"https:\/\/construcaocivil.siriusmarketingedesign.com.br\/?author=1"},"uagb_comment_info":0,"uagb_excerpt":"Infraestrutura\u00a0 Setembro, 2016 &#8211; A reuni\u00e3o da Comiss\u00e3o de Obras P\u00fablicas, Privatiza\u00e7\u00f5es e Concess\u00f5es da C\u00e2mara Brasileira da Ind\u00fastria da Constru\u00e7\u00e3o (COP\/CBIC) do pr\u00f3ximo dia 15 de setembro contar\u00e1 com a participa\u00e7\u00e3o do ministro das Cidades Bruno Ara\u00fajo. O encontro ter\u00e1 in\u00edcio \u00e0s 10h, na sede da CBIC, em Bras\u00edlia. Durante a reuni\u00e3o, o ministro&hellip;","_links":{"self":[{"href":"https:\/\/construcaocivil.siriusmarketingedesign.com.br\/index.php?rest_route=\/wp\/v2\/posts\/3312","targetHints":{"allow":["GET"]}}],"collection":[{"href":"https:\/\/construcaocivil.siriusmarketingedesign.com.br\/index.php?rest_route=\/wp\/v2\/posts"}],"about":[{"href":"https:\/\/construcaocivil.siriusmarketingedesign.com.br\/index.php?rest_route=\/wp\/v2\/types\/post"}],"author":[{"embeddable":true,"href":"https:\/\/construcaocivil.siriusmarketingedesign.com.br\/index.php?rest_route=\/wp\/v2\/users\/1"}],"replies":[{"embeddable":true,"href":"https:\/\/construcaocivil.siriusmarketingedesign.com.br\/index.php?rest_route=%2Fwp%2Fv2%2Fcomments&post=3312"}],"version-history":[{"count":0,"href":"https:\/\/construcaocivil.siriusmarketingedesign.com.br\/index.php?rest_route=\/wp\/v2\/posts\/3312\/revisions"}],"wp:attachment":[{"href":"https:\/\/construcaocivil.siriusmarketingedesign.com.br\/index.php?rest_route=%2Fwp%2Fv2%2Fmedia&parent=3312"}],"wp:term":[{"taxonomy":"category","embeddable":true,"href":"https:\/\/construcaocivil.siriusmarketingedesign.com.br\/index.php?rest_route=%2Fwp%2Fv2%2Fcategories&post=3312"},{"taxonomy":"post_tag","embeddable":true,"href":"https:\/\/construcaocivil.siriusmarketingedesign.com.br\/index.php?rest_route=%2Fwp%2Fv2%2Ftags&post=3312"}],"curies":[{"name":"wp","href":"https:\/\/api.w.org\/{rel}","templated":true}]}}