{"id":332,"date":"2015-11-06T00:49:26","date_gmt":"2015-11-06T00:49:26","guid":{"rendered":"http:\/\/www.jornaldaconstrucaocivil.com.br\/?p=332"},"modified":"2015-11-06T00:49:26","modified_gmt":"2015-11-06T00:49:26","slug":"distrito-criativo-do-porto-participa-da-terceira-semana-design-rio","status":"publish","type":"post","link":"https:\/\/construcaocivil.siriusmarketingedesign.com.br\/?p=332","title":{"rendered":"DISTRITO CRIATIVO DO PORTO PARTICIPA DA TERCEIRA SEMANA DESIGN RIO"},"content":{"rendered":"<p><strong><span style=\"color: #000000;\">A terceira edi\u00e7\u00e3o da Semana Design Rio acontece entre os dias 4 e 8 de novembro com o objetivo de\u00a0democratizar o acesso ao design e refor\u00e7ar o Rio de Janeiro como polo da Ind\u00fastria Criativa. <\/span><\/strong><\/p>\n<p><span style=\"color: #000000;\">Com sede no Jockey Club, na G\u00e1vea, o evento se distribui pela cidade em atividades complementares. Refer\u00eancia do segmento, o Distrito Criativo do Porto, na Regi\u00e3o Portu\u00e1ria, foi selecionado pela organiza\u00e7\u00e3o para integrar o circuito, que inclui ainda Jardim Bot\u00e2nico e Rio Antigo. <\/span><\/p>\n<p><span style=\"color: #000000;\">A programa\u00e7\u00e3o paralela no Porto Maravilha traz a 11\u00aa Bienal de Design Gr\u00e1fico, o 1\u00ba Festival Internacional de Webs\u00e9ries do Brasil, exposi\u00e7\u00f5es, oficinas e atividades relacionadas a moda e gastronomia na F\u00e1brica da Bhering, al\u00e9m de shows e festas como Acarajazz e Baile Black Bom.<\/span><\/p>\n<figure id=\"attachment_333\" aria-describedby=\"caption-attachment-333\" style=\"width: 300px\" class=\"wp-caption aligncenter\"><a href=\"http:\/\/www.jornaldaconstrucaocivil.com.br\/wp-content\/uploads\/2015\/11\/DESIGNER.jpg\"><img loading=\"lazy\" decoding=\"async\" class=\"wp-image-333 size-medium\" src=\"http:\/\/www.jornaldaconstrucaocivil.com.br\/wp-content\/uploads\/2015\/11\/DESIGNER-300x200.jpg\" alt=\"DESIGNER\" width=\"300\" height=\"200\" \/><\/a><figcaption id=\"caption-attachment-333\" class=\"wp-caption-text\"><span style=\"color: #ff0000;\">Pela primeira vez ap\u00f3s 10 edi\u00e7\u00f5es, Bienal de Design Gr\u00e1fico desembarca na cidade, durante a Semana de Design Rio \/ Bruno Bartholini<\/span><\/figcaption><\/figure>\n<p><span style=\"color: #000000;\">Representante do Distrito Criativo do Porto, Daniel Kraichete fala da import\u00e2ncia em integrar os agentes da economia criativa e os espa\u00e7os da cidade. <em>\u201cA gente quer aproximar as pessoas desse universo t\u00e3o promissor, tanto cultural quanto economicamente. Por isso, os investimentos em atividades que estimulem este mercado s\u00e3o importantes e refor\u00e7am a voca\u00e7\u00e3o do Rio para tal\u201d<\/em>, diz.<\/span><\/p>\n<p><span style=\"color: #000000;\">Para facilitar o deslocamento durante o evento, a\u00a0Companhia de Desenvolvimento Urbano da Regi\u00e3o do Porto do Rio de Janeiro (Cdurp) vai disponibilizar transporte gratuito entre Jockey Club, Museu de Arte do Rio, Bienal de Design (Galp\u00e3o da A\u00e7\u00e3o da Cidadania) e F\u00e1brica Bhering. Duas vans v\u00e3o circular de sexta-feira, 6, a domingo, 8 de novembro, das 14h \u00e0s 22h.<\/span><\/p>\n<p><span style=\"color: #000000;\">Programa\u00e7\u00e3o Completa acesse:<strong>\u00a0<\/strong><span style=\"color: #3366ff;\"><span style=\"color: #993366;\">http:\/\/portomaravilha.com.br<\/span>\/<\/span><\/span><\/p>\n<p>Fonte: Boletim CDURP<\/p>\n","protected":false},"excerpt":{"rendered":"<p>A terceira edi\u00e7\u00e3o da Semana Design Rio acontece entre os dias 4 e 8 de novembro com o objetivo de\u00a0democratizar o acesso ao design e refor\u00e7ar o Rio de Janeiro como polo da Ind\u00fastria Criativa. Com sede no Jockey Club, na G\u00e1vea, o evento se distribui pela cidade em atividades complementares. Refer\u00eancia do segmento, o [&hellip;]<\/p>\n","protected":false},"author":1,"featured_media":333,"comment_status":"open","ping_status":"open","sticky":false,"template":"","format":"standard","meta":{"_uag_custom_page_level_css":"","footnotes":""},"categories":[37],"tags":[3739,9149,10381],"class_list":["post-332","post","type-post","status-publish","format-standard","has-post-thumbnail","hentry","category-sustentabilidade","tag-distrito-criativo-porto","tag-porto-maravilha","tag-rio-design"],"blocksy_meta":[],"spectra_blocks_featured_image_url":[],"spectra_blocks_author_info":{"display_name":"Jornal da Constru\u00e7\u00e3o Civil","avatar_url":"https:\/\/secure.gravatar.com\/avatar\/973c9774fd44ddaceb026973c4962faa70fc512bc4c9da68e8ebb40fecee6540?s=96&d=mm&r=g","author_link":"https:\/\/construcaocivil.siriusmarketingedesign.com.br\/?author=1","description":"Desde de 2013, levando muitas informa\u00e7\u00f5es, lan\u00e7amentos e produtos de qualidade para toda cadeia produtiva da constru\u00e7\u00e3o. O Futuro da constru\u00e7\u00e3o passa por aqui,"},"uagb_featured_image_src":{"full":false,"thumbnail":false,"medium":false,"medium_large":false,"large":false,"1536x1536":false,"2048x2048":false},"uagb_author_info":{"display_name":"Jornal da Constru\u00e7\u00e3o Civil","author_link":"https:\/\/construcaocivil.siriusmarketingedesign.com.br\/?author=1"},"uagb_comment_info":0,"uagb_excerpt":"A terceira edi\u00e7\u00e3o da Semana Design Rio acontece entre os dias 4 e 8 de novembro com o objetivo de\u00a0democratizar o acesso ao design e refor\u00e7ar o Rio de Janeiro como polo da Ind\u00fastria Criativa. Com sede no Jockey Club, na G\u00e1vea, o evento se distribui pela cidade em atividades complementares. Refer\u00eancia do segmento, o&hellip;","_links":{"self":[{"href":"https:\/\/construcaocivil.siriusmarketingedesign.com.br\/index.php?rest_route=\/wp\/v2\/posts\/332","targetHints":{"allow":["GET"]}}],"collection":[{"href":"https:\/\/construcaocivil.siriusmarketingedesign.com.br\/index.php?rest_route=\/wp\/v2\/posts"}],"about":[{"href":"https:\/\/construcaocivil.siriusmarketingedesign.com.br\/index.php?rest_route=\/wp\/v2\/types\/post"}],"author":[{"embeddable":true,"href":"https:\/\/construcaocivil.siriusmarketingedesign.com.br\/index.php?rest_route=\/wp\/v2\/users\/1"}],"replies":[{"embeddable":true,"href":"https:\/\/construcaocivil.siriusmarketingedesign.com.br\/index.php?rest_route=%2Fwp%2Fv2%2Fcomments&post=332"}],"version-history":[{"count":0,"href":"https:\/\/construcaocivil.siriusmarketingedesign.com.br\/index.php?rest_route=\/wp\/v2\/posts\/332\/revisions"}],"wp:attachment":[{"href":"https:\/\/construcaocivil.siriusmarketingedesign.com.br\/index.php?rest_route=%2Fwp%2Fv2%2Fmedia&parent=332"}],"wp:term":[{"taxonomy":"category","embeddable":true,"href":"https:\/\/construcaocivil.siriusmarketingedesign.com.br\/index.php?rest_route=%2Fwp%2Fv2%2Fcategories&post=332"},{"taxonomy":"post_tag","embeddable":true,"href":"https:\/\/construcaocivil.siriusmarketingedesign.com.br\/index.php?rest_route=%2Fwp%2Fv2%2Ftags&post=332"}],"curies":[{"name":"wp","href":"https:\/\/api.w.org\/{rel}","templated":true}]}}