{"id":3322,"date":"2016-09-06T17:10:31","date_gmt":"2016-09-06T17:10:31","guid":{"rendered":"http:\/\/www.jornaldaconstrucaocivil.com.br\/?p=3322"},"modified":"2016-09-06T17:10:31","modified_gmt":"2016-09-06T17:10:31","slug":"regatec-apresenta-solucoes-sustentaveis-no-4-congresso-internacional-de-arquitetura-paisagistica","status":"publish","type":"post","link":"https:\/\/construcaocivil.siriusmarketingedesign.com.br\/?p=3322","title":{"rendered":"Regatec apresenta solu\u00e7\u00f5es sustent\u00e1veis no 4\u00b0 Congresso Internacional de Arquitetura Paisag\u00edstica"},"content":{"rendered":"<p><span style=\"color: #000080;\"><strong>Empresa oferece sistemas de capta\u00e7\u00e3o, coleta, filtragem e armazenagem de \u00e1gua de chuva para irriga\u00e7\u00e3o de paisagismo, jardinagem e \u00e1reas verdes<\/strong><\/span><\/p>\n<p><span style=\"color: #0000ff;\">Setembro, 2016<\/span> &#8211; <span style=\"color: #000000;\">A Regatec, empresa com a\u00e7\u00f5es focadas na sustentabilidade dos recursos naturais e h\u00e1 26 anos no mercado brasileiro, participar\u00e1 do 4\u00b0 Congresso Internacional de Arquitetura Paisag\u00edstica, que ser\u00e1 realizado entre os dias 8 e 10 de setembro, no Audit\u00f3rio Ariosto Mila da Faculdade de Arquitetura e Urbanismo da Universidade de S\u00e3o Paulo (FAU-USP).<\/span><\/p>\n<p><span style=\"color: #000000;\">A Regatec vai mostrar solu\u00e7\u00f5es completas para capta\u00e7\u00e3o, coleta, filtragem, armazenagem e gest\u00e3o da \u00e1gua de chuva em segmentos como paisagismo e jardinagem, entre outros.<\/span><\/p>\n<p><span style=\"color: #000000;\">Ao longo de sua exist\u00eancia, a empresa incorporou em seus processos ferramentas para preservar os recursos naturais, sobretudo seu sistema de irriga\u00e7\u00e3o automatizada, que privilegia o consumo consciente de \u00e1gua, economia de energia, maior controle e menor custo operacional. Os equipamentos utilizados nos processos de irriga\u00e7\u00e3o da Regatec economizam at\u00e9 95% de \u00e1gua.<\/span><\/p>\n<p><span style=\"color: #000000;\">A Regatec \u00e9 credenciada a operar em obras que demandam as certifica\u00e7\u00f5es internacionais LEED, AQUA e o selo EPA (U.S. ENVIRONMENTAL PROTECTION AGENCY), o que evidencia o comprometimento da empresa com o meio ambiente e, ainda, \u00e9 filiada ao Irrigation Association (IA), Associa\u00e7\u00e3o Brasileira dos Arquitetos Paisagistas (ABAP), Associa\u00e7\u00e3o Nacional do Paisagismo (ANP), Green Building Council Brasil (GBC Brasil) e CREA.<\/span><\/p>\n<p><span style=\"color: #000000;\">Palestras e visitas t\u00e9cnicas<\/span><\/p>\n<p><span style=\"color: #000000;\">O evento, que \u00e9 organizado pela Associa\u00e7\u00e3o Brasileira de Arquitetos Paisagistas (ABAP), vai abordar temas como <span style=\"color: #993300;\">\u201cA atividade do arquiteto paisagista\u201d<\/span>, <span style=\"color: #993300;\"><em>\u201cAs infraestruturas da paisagem para a resili\u00eancia das cidades \u2013 paisagens de transi\u00e7\u00e3o\u201d<\/em><\/span>,<em><span style=\"color: #993300;\"> \u201cDuas abordagens em Arquitetura Paisag\u00edstica: urbana e ambiental\u201d<\/span><\/em>,<em><span style=\"color: #993300;\"> \u201cInterven\u00e7\u00f5es paisag\u00edsticas: cidade e diversidade\u201d<\/span><\/em>, <em><span style=\"color: #993300;\">\u201cOs espa\u00e7os p\u00fablicos das cidades brasileiras\u201d<\/span><\/em>, entre outras.<\/span><\/p>\n<p>O evento conta com participa\u00e7\u00f5es nacionais e internacionais, como Jo\u00e3o Ferreira Nunes(Portugal\/It\u00e1lia), que apresentar\u00e1 sua produ\u00e7\u00e3o paisag\u00edstica,\u00a0 Brian Davis (EUA), que trabalha com rios urbanos na Am\u00e9rica Latina, e Gert Gr\u00f6ening (Alemanha), que tratar\u00e1 de agricultura urbana e paisagem comest\u00edvel.<\/p>\n<p><span style=\"color: #000000;\">Com o tema<strong><em> \u201cCidade Acolhedora\u201d<\/em><\/strong>, o congresso tem por objetivo destacar o papel do projeto de Arquitetura Paisag\u00edstica na solu\u00e7\u00e3o de conflitos e aproveitamento de potencialidades da paisagem, al\u00e9m de promover a integra\u00e7\u00e3o e a pr\u00e1tica profissional e a pesquisa acad\u00eamica, discutir as potencialidades e desafio do setor frente ao objetivo de promover um incremento nos Indicadores de Desenvolvimento Urbano das Cidades Brasileiras e Latino Am\u00e9ricas, assim como consolidar as experi\u00eancias pr\u00e1ticas da arquitetura paisag\u00edstica contempor\u00e2nea.<\/span><\/p>\n<p><strong><span style=\"color: #000000;\">Servi\u00e7o: 4\u00b0 Congresso Internacional de Arquitetura Paisag\u00edstica<\/span><\/strong><\/p>\n<p><span style=\"color: #000000;\">Quando: 8 a 10 de setembro de 2016<\/span><\/p>\n<p><span style=\"color: #000000;\">Onde: FAU\/USP \u2013 Rua do Lago, 876 \u2013 Cidade Universit\u00e1ria \u2013 S\u00e3o Paulo\/SP<\/span><\/p>\n<p><span style=\"color: #000000;\">Informa\u00e7\u00f5es:<span style=\"color: #0000ff;\"> email ciap@abap.org.br<\/span><\/span><\/p>\n","protected":false},"excerpt":{"rendered":"<p>Empresa oferece sistemas de capta\u00e7\u00e3o, coleta, filtragem e armazenagem de \u00e1gua de chuva para irriga\u00e7\u00e3o de paisagismo, jardinagem e \u00e1reas verdes Setembro, 2016 &#8211; A Regatec, empresa com a\u00e7\u00f5es focadas na sustentabilidade dos recursos naturais e h\u00e1 26 anos no mercado brasileiro, participar\u00e1 do 4\u00b0 Congresso Internacional de Arquitetura Paisag\u00edstica, que ser\u00e1 realizado entre os [&hellip;]<\/p>\n","protected":false},"author":1,"featured_media":0,"comment_status":"open","ping_status":"open","sticky":false,"template":"","format":"standard","meta":{"_uag_custom_page_level_css":"","footnotes":""},"categories":[28],"tags":[2410,2754,3531,3856,4823,6477,8595,10079],"class_list":["post-3322","post","type-post","status-publish","format-standard","hentry","category-arquitetura","tag-coleta-de-agua-da-chuva","tag-congresso-internacional-de-arquitetura-paisagistica-2016","tag-desenvolvimento-urbano-das-cidades-brasileiras","tag-economia","tag-faculdade-de-arquitetura-e-urbanismo-da-universidade-de-sao-paulo-fau-usp","tag-jardinagem","tag-paisagismo","tag-regatec"],"blocksy_meta":[],"spectra_blocks_featured_image_url":null,"spectra_blocks_author_info":{"display_name":"Jornal da Constru\u00e7\u00e3o Civil","avatar_url":"https:\/\/secure.gravatar.com\/avatar\/973c9774fd44ddaceb026973c4962faa70fc512bc4c9da68e8ebb40fecee6540?s=96&d=mm&r=g","author_link":"https:\/\/construcaocivil.siriusmarketingedesign.com.br\/?author=1","description":"Desde de 2013, levando muitas informa\u00e7\u00f5es, lan\u00e7amentos e produtos de qualidade para toda cadeia produtiva da constru\u00e7\u00e3o. O Futuro da constru\u00e7\u00e3o passa por aqui,"},"uagb_featured_image_src":{"full":false,"thumbnail":false,"medium":false,"medium_large":false,"large":false,"1536x1536":false,"2048x2048":false},"uagb_author_info":{"display_name":"Jornal da Constru\u00e7\u00e3o Civil","author_link":"https:\/\/construcaocivil.siriusmarketingedesign.com.br\/?author=1"},"uagb_comment_info":0,"uagb_excerpt":"Empresa oferece sistemas de capta\u00e7\u00e3o, coleta, filtragem e armazenagem de \u00e1gua de chuva para irriga\u00e7\u00e3o de paisagismo, jardinagem e \u00e1reas verdes Setembro, 2016 &#8211; A Regatec, empresa com a\u00e7\u00f5es focadas na sustentabilidade dos recursos naturais e h\u00e1 26 anos no mercado brasileiro, participar\u00e1 do 4\u00b0 Congresso Internacional de Arquitetura Paisag\u00edstica, que ser\u00e1 realizado entre os&hellip;","_links":{"self":[{"href":"https:\/\/construcaocivil.siriusmarketingedesign.com.br\/index.php?rest_route=\/wp\/v2\/posts\/3322","targetHints":{"allow":["GET"]}}],"collection":[{"href":"https:\/\/construcaocivil.siriusmarketingedesign.com.br\/index.php?rest_route=\/wp\/v2\/posts"}],"about":[{"href":"https:\/\/construcaocivil.siriusmarketingedesign.com.br\/index.php?rest_route=\/wp\/v2\/types\/post"}],"author":[{"embeddable":true,"href":"https:\/\/construcaocivil.siriusmarketingedesign.com.br\/index.php?rest_route=\/wp\/v2\/users\/1"}],"replies":[{"embeddable":true,"href":"https:\/\/construcaocivil.siriusmarketingedesign.com.br\/index.php?rest_route=%2Fwp%2Fv2%2Fcomments&post=3322"}],"version-history":[{"count":0,"href":"https:\/\/construcaocivil.siriusmarketingedesign.com.br\/index.php?rest_route=\/wp\/v2\/posts\/3322\/revisions"}],"wp:attachment":[{"href":"https:\/\/construcaocivil.siriusmarketingedesign.com.br\/index.php?rest_route=%2Fwp%2Fv2%2Fmedia&parent=3322"}],"wp:term":[{"taxonomy":"category","embeddable":true,"href":"https:\/\/construcaocivil.siriusmarketingedesign.com.br\/index.php?rest_route=%2Fwp%2Fv2%2Fcategories&post=3322"},{"taxonomy":"post_tag","embeddable":true,"href":"https:\/\/construcaocivil.siriusmarketingedesign.com.br\/index.php?rest_route=%2Fwp%2Fv2%2Ftags&post=3322"}],"curies":[{"name":"wp","href":"https:\/\/api.w.org\/{rel}","templated":true}]}}