{"id":3325,"date":"2016-09-08T15:36:36","date_gmt":"2016-09-08T15:36:36","guid":{"rendered":"http:\/\/www.jornaldaconstrucaocivil.com.br\/?p=3325"},"modified":"2016-09-08T15:36:36","modified_gmt":"2016-09-08T15:36:36","slug":"protesto-em-defesa-da-cedae-leva-milhares-de-manifestantes-para-porta-do-bndes","status":"publish","type":"post","link":"https:\/\/construcaocivil.siriusmarketingedesign.com.br\/?p=3325","title":{"rendered":"Protesto em defesa da CEDAE leva milhares de manifestantes para porta do BNDES"},"content":{"rendered":"<p><span style=\"color: #ff0000;\">Brasil<\/span><\/p>\n<p><span style=\"color: #800080;\">Da Reda\u00e7\u00e3o<\/span><\/p>\n<p><a href=\"http:\/\/www.jornaldaconstrucaocivil.com.br\/wp-content\/uploads\/2016\/09\/TRABALHADOR.jpg\"><img loading=\"lazy\" decoding=\"async\" class=\"wp-image-3327 alignleft\" src=\"http:\/\/www.jornaldaconstrucaocivil.com.br\/wp-content\/uploads\/2016\/09\/TRABALHADOR.jpg\" alt=\"trabalhador\" width=\"357\" height=\"268\" \/><\/a><\/p>\n<p style=\"text-align: justify;\"><span style=\"color: #000000;\"><span style=\"color: #0000ff;\">Rio, Setembro, 2016 &#8211;<\/span> Na tarde da \u00faltima ter\u00e7a feira (06), cerca de 15 mil trabalhadores ocuparam a frente do Banco Nacional de Desenvolvimento Social (BNDES), no Rio, para protestarem contra a decis\u00e3o do governador em exerc\u00edcio, Francisco Dornelles de vender a Companhia Estadual de \u00c1guas e Esgotos do Rio de Janeiro (CEDAE). A medida faz parte do plano de Parceria P\u00fablica de Investimentos (PPI), do Governo Federal que resolveu incluir a empresa no plano de privatiza\u00e7\u00f5es, que est\u00e1 em desenvolvimento pelo BNDES e pelo secret\u00e1rio executivo do Programa de Parceria P\u00fablica de Investimentos, Moreira Franco.<\/span><\/p>\n<p style=\"text-align: justify;\"><span style=\"color: #000000;\">Para os 4 mil trabalhadores da CEDAE esta medida vai contra os princ\u00edpios trabalhistas dos funcion\u00e1rios da companhia e tamb\u00e9m prejudicar\u00e1 imediatamente, os moradores das comunidades mais pobres da cidade e da Baixada Fluminense, que por falta de recursos financeiros, n\u00e3o pagam o servi\u00e7o de \u00e1gua. Durante todo o ato, manifestantes de v\u00e1rias partes do estado do Rio gritavam: FORA TEMER, Moreira Franco, e dire\u00e7\u00e3o do BNDES<\/span><\/p>\n<p><a href=\"http:\/\/www.jornaldaconstrucaocivil.com.br\/wp-content\/uploads\/2016\/09\/CAMISA-CEDAE.jpg\"><img loading=\"lazy\" decoding=\"async\" class=\"wp-image-3328 alignright\" src=\"http:\/\/www.jornaldaconstrucaocivil.com.br\/wp-content\/uploads\/2016\/09\/CAMISA-CEDAE.jpg\" alt=\"camisa-cedae\" width=\"302\" height=\"227\" \/><\/a><\/p>\n<p style=\"text-align: justify;\"><span style=\"color: #000000;\">De acordo com o Sindicato dos Trabalhadores em Saneamento e Meio Ambiente do Estado Rio de Janeiro (Sintsama-RJ), a privatiza\u00e7\u00e3o ser\u00e1 boa s\u00f3 para as empresas que quiserem investir nas \u00e1reas nobres, como: Barra, Zona Sul e Centro, na Baixada Fluminense e Zona Oeste, o servi\u00e7o continuar\u00e1 ruim e caro.<\/span><\/p>\n<p style=\"text-align: justify;\"><span style=\"color: #000000;\">Humberto Lemos, presidente do Sintsama-RJ, diz: <em>\u201cA empresa hoje est\u00e1 saneada e, \u00e9, a maior empresa de investimento em saneamento p\u00fablico do Brasil. Por essa quest\u00e3o, ela n\u00e3o se enquadra dentro da PPP. Ent\u00e3o, fa\u00e7o a pergunta, porque vender? Para d\u00e1 mais dinheiro para pol\u00edticos e empres\u00e1rios corruptos\u201d<\/em>, comentou Humberto Lemos. \u00a0<\/span><\/p>\n<p style=\"text-align: justify;\"><span style=\"color: #000000;\">J\u00e1 Geter Thom\u00e1s,41, Instalador de \u00c1gua da CEDAE, morador de Campo Grande, que viu sua conta de \u00e1gua neste m\u00eas subir de R$ 80,00 para R$ 120,00, ap\u00f3s a empresa concession\u00e1ria Foz \u00c1guas 5 assumir o tratamento de saneamento e esgoto na \u00c1rea de Planejamento AP 5, Zona Oeste, numa parceria com a prefeitura do Rio, fala:<\/span><\/p>\n<p style=\"text-align: justify;\"><span style=\"color: #000000;\"><em>\u201cPrivatizar a empresa \u00e9 preju\u00edzo para os mais pobres. O servi\u00e7o de \u00e1gua nas comunidades ser\u00e1 reduzido. A CEDAE d\u00e1 lucro para o estado e n\u00e3o preju\u00edzo, n\u00e3o pode ser vendida. S\u00f3 de dep\u00f3sito, a CEDAE faz todo m\u00eas para o estado cerca de R$ 60 milh\u00f5es. Vimos o excelente trabalho durante os Jogos Ol\u00edmpicos aqui no Rio, com 1 milh\u00e3o de pessoas na cidade, a CEDAE atendeu muito bem. N\u00e3o teve falta de \u00e1gua\u201d<\/em>, disse o funcion\u00e1rio.<\/span><\/p>\n","protected":false},"excerpt":{"rendered":"<p>Brasil Da Reda\u00e7\u00e3o Rio, Setembro, 2016 &#8211; Na tarde da \u00faltima ter\u00e7a feira (06), cerca de 15 mil trabalhadores ocuparam a frente do Banco Nacional de Desenvolvimento Social (BNDES), no Rio, para protestarem contra a decis\u00e3o do governador em exerc\u00edcio, Francisco Dornelles de vender a Companhia Estadual de \u00c1guas e Esgotos do Rio de Janeiro [&hellip;]<\/p>\n","protected":false},"author":1,"featured_media":3327,"comment_status":"open","ping_status":"open","sticky":false,"template":"","format":"standard","meta":{"_uag_custom_page_level_css":"","footnotes":""},"categories":[27],"tags":[1217,1464,2050,2602,3198,5526,5554,7861,9418,10375,11844],"class_list":["post-3325","post","type-post","status-publish","format-standard","has-post-thumbnail","hentry","category-acontece","tag-baixada-fluminense","tag-bndes","tag-cedae","tag-comunidades-carentes","tag-crise","tag-governador-francisco-dornelles","tag-governo-federal","tag-moreira-franco","tag-privatizacoes","tag-rio-de-janeiro","tag-trabalhadores"],"blocksy_meta":[],"spectra_blocks_featured_image_url":[],"spectra_blocks_author_info":{"display_name":"Jornal da Constru\u00e7\u00e3o Civil","avatar_url":"https:\/\/secure.gravatar.com\/avatar\/973c9774fd44ddaceb026973c4962faa70fc512bc4c9da68e8ebb40fecee6540?s=96&d=mm&r=g","author_link":"https:\/\/construcaocivil.siriusmarketingedesign.com.br\/?author=1","description":"Desde de 2013, levando muitas informa\u00e7\u00f5es, lan\u00e7amentos e produtos de qualidade para toda cadeia produtiva da constru\u00e7\u00e3o. O Futuro da constru\u00e7\u00e3o passa por aqui,"},"uagb_featured_image_src":{"full":false,"thumbnail":false,"medium":false,"medium_large":false,"large":false,"1536x1536":false,"2048x2048":false},"uagb_author_info":{"display_name":"Jornal da Constru\u00e7\u00e3o Civil","author_link":"https:\/\/construcaocivil.siriusmarketingedesign.com.br\/?author=1"},"uagb_comment_info":0,"uagb_excerpt":"Brasil Da Reda\u00e7\u00e3o Rio, Setembro, 2016 &#8211; Na tarde da \u00faltima ter\u00e7a feira (06), cerca de 15 mil trabalhadores ocuparam a frente do Banco Nacional de Desenvolvimento Social (BNDES), no Rio, para protestarem contra a decis\u00e3o do governador em exerc\u00edcio, Francisco Dornelles de vender a Companhia Estadual de \u00c1guas e Esgotos do Rio de Janeiro&hellip;","_links":{"self":[{"href":"https:\/\/construcaocivil.siriusmarketingedesign.com.br\/index.php?rest_route=\/wp\/v2\/posts\/3325","targetHints":{"allow":["GET"]}}],"collection":[{"href":"https:\/\/construcaocivil.siriusmarketingedesign.com.br\/index.php?rest_route=\/wp\/v2\/posts"}],"about":[{"href":"https:\/\/construcaocivil.siriusmarketingedesign.com.br\/index.php?rest_route=\/wp\/v2\/types\/post"}],"author":[{"embeddable":true,"href":"https:\/\/construcaocivil.siriusmarketingedesign.com.br\/index.php?rest_route=\/wp\/v2\/users\/1"}],"replies":[{"embeddable":true,"href":"https:\/\/construcaocivil.siriusmarketingedesign.com.br\/index.php?rest_route=%2Fwp%2Fv2%2Fcomments&post=3325"}],"version-history":[{"count":0,"href":"https:\/\/construcaocivil.siriusmarketingedesign.com.br\/index.php?rest_route=\/wp\/v2\/posts\/3325\/revisions"}],"wp:attachment":[{"href":"https:\/\/construcaocivil.siriusmarketingedesign.com.br\/index.php?rest_route=%2Fwp%2Fv2%2Fmedia&parent=3325"}],"wp:term":[{"taxonomy":"category","embeddable":true,"href":"https:\/\/construcaocivil.siriusmarketingedesign.com.br\/index.php?rest_route=%2Fwp%2Fv2%2Fcategories&post=3325"},{"taxonomy":"post_tag","embeddable":true,"href":"https:\/\/construcaocivil.siriusmarketingedesign.com.br\/index.php?rest_route=%2Fwp%2Fv2%2Ftags&post=3325"}],"curies":[{"name":"wp","href":"https:\/\/api.w.org\/{rel}","templated":true}]}}