{"id":3330,"date":"2016-09-08T15:57:13","date_gmt":"2016-09-08T15:57:13","guid":{"rendered":"http:\/\/www.jornaldaconstrucaocivil.com.br\/?p=3330"},"modified":"2016-09-08T15:57:13","modified_gmt":"2016-09-08T15:57:13","slug":"festival-livmundi-promovera-acoes-gratuitas-de-sustentabilidade","status":"publish","type":"post","link":"https:\/\/construcaocivil.siriusmarketingedesign.com.br\/?p=3330","title":{"rendered":"Festival LivMundi promover\u00e1 a\u00e7\u00f5es gratuitas de sustentabilidade"},"content":{"rendered":"<p><span style=\"color: #000080;\"><strong>Programa\u00e7\u00e3o gratuita oferecer\u00e1 aulas, palestras e oficinas aos cariocas<\/strong><\/span><\/p>\n<p><a href=\"http:\/\/www.jornaldaconstrucaocivil.com.br\/wp-content\/uploads\/2016\/09\/CASA-I.jpg-OK.jpg\"><img loading=\"lazy\" decoding=\"async\" class=\" wp-image-3331 alignleft\" src=\"http:\/\/www.jornaldaconstrucaocivil.com.br\/wp-content\/uploads\/2016\/09\/CASA-I.jpg-OK-1024x683.jpg\" alt=\"casa-i-jpg-ok\" width=\"357\" height=\"238\" \/><\/a><\/p>\n<p style=\"text-align: justify;\"><span style=\"color: #000000;\">Rio &#8211; Nos dias 8 e 9 de outubro, a G\u00e1vea e o Jardim Bot\u00e2nico ser\u00e3o palco de uma intensa e variada programa\u00e7\u00e3o de atividades gratuitas sobre sustentabilidade. Palestras, oficinas de culin\u00e1ria, aulas de yoga, feira de org\u00e2nicos e produtores locais, e atividades para crian\u00e7as est\u00e3o na agenda do LivMundi, evento que tem como proposta estimular uma vida mais saud\u00e1vel e sustent\u00e1vel atrav\u00e9s de medidas simples.<\/span><\/p>\n<p style=\"text-align: justify;\"><span style=\"color: #000000;\">O LivMundi, idealizado por Luciane Coutinho, s\u00f3cia da MashUp, ser\u00e1 marcado pelo encontro de mentes e organiza\u00e7\u00f5es de destaque no setor. <\/span><\/p>\n<p><a href=\"http:\/\/www.jornaldaconstrucaocivil.com.br\/wp-content\/uploads\/2016\/09\/CASA-II.jpg-BLZ-OK.jpg\"><img loading=\"lazy\" decoding=\"async\" class=\" wp-image-3332 alignright\" src=\"http:\/\/www.jornaldaconstrucaocivil.com.br\/wp-content\/uploads\/2016\/09\/CASA-II.jpg-BLZ-OK-1024x683.jpg\" alt=\"casa-ii-jpg-blz-ok\" width=\"371\" height=\"247\" \/><\/a><\/p>\n<p style=\"text-align: justify;\"><span style=\"color: #000000;\">Grandes profissionais, que atuam de forma separada em suas \u00e1reas, estar\u00e3o reunidos, pela primeira vez, para falar sobre sustentabilidade com uma abordagem multidisciplinar. Para abrir o ciclo de palestras &#8211; dia 08h, \u00e0s 10h, no Teatro Tom Jobim, no Jardim Bot\u00e2nico \u2013 o convidado \u00e9 o economista Sergio Besserman. Nomes como Marcelo Motta, Daniel Becker, Regina Tchelly e Andr\u00e9 Carvalhal tamb\u00e9m est\u00e3o entre os convidados palestrantes. Dia 09, \u00e0s 16:30h, Eduarda de LaRoque encerra o evento com a sua palestra no Teatro Tom Jobim.<\/span><\/p>\n<p>&nbsp;<\/p>\n<p><a href=\"http:\/\/www.jornaldaconstrucaocivil.com.br\/wp-content\/uploads\/2016\/09\/ARVORES-II.jpg\"><img loading=\"lazy\" decoding=\"async\" class=\" wp-image-3333 alignleft\" src=\"http:\/\/www.jornaldaconstrucaocivil.com.br\/wp-content\/uploads\/2016\/09\/ARVORES-II-1024x768.jpg\" alt=\"arvores-ii\" width=\"339\" height=\"254\" \/><\/a><\/p>\n<p style=\"text-align: justify;\"><span style=\"color: #000000;\">Na Pra\u00e7a Santos Dumont, estar\u00e3o reunidos produtos locais da feira gastron\u00f4mica Junta Local e do Circuito de Feiras Org\u00e2nicas. Para as crian\u00e7as, atividade sensorial e oficina de horta caseira oferecida pelo Instituto Moleque Mateiro. No Jardim Bot\u00e2nico, a convidada Regina Tchely, da Favela Org\u00e2nica, vai participar ensinando o p\u00fablico a preparar receitas utilizando as partes normalmente descartadas dos alimentos como, por exemplo, a casca de abacaxi e a folha de br\u00f3colis.<\/span><\/p>\n<p style=\"text-align: justify;\"><span style=\"color: #000000;\">Outro destaque da agenda do LivMundi \u00e9 a programa\u00e7\u00e3o de aulas gratuitas no espa\u00e7o Nirvana, na G\u00e1vea. Ser\u00e3o oferecidas diversas aulas, como ashtanga, vinyasa, pilates solo e medita\u00e7\u00e3o (com vagas limitadas e inscri\u00e7\u00f5es atrav\u00e9s do site do evento).<\/span><\/p>\n<p style=\"text-align: justify;\"><span style=\"color: #000000;\">\u201cNossa ideia \u00e9 fazer com que as pessoas entendam que podemos viver melhor, individualmente e em comunidade, com os recursos que j\u00e1 existem. Al\u00e9m de criar um espa\u00e7o para que sejam apresentadas novas ideias e alternativas para uma sociedade mais sustent\u00e1vel\u201d, explica Luciane, coordenadora do projeto e diretora da MashUp. A expectativa \u00e9 que o evento passe a fazer parte do calend\u00e1rio oficial da Cidade.<\/span><\/p>\n<p style=\"text-align: justify;\"><span style=\"color: #000000;\">Durante o evento, os locais onde v\u00e3o acontecer as atividades do LivMundi ser\u00e3o interligados e sinalizados, considerando como ponto de refer\u00eancia o Jardim Bot\u00e2nico, chamado de espa\u00e7o Organismo Vivo. A ideia \u00e9 incentivar a mobilidade para que o p\u00fablico percorra o festival sem a necessidade do uso de ve\u00edculos poluentes.<\/span><\/p>\n<p style=\"text-align: justify;\"><span style=\"color: #000000;\">O LivMundi conta com a apresenta\u00e7\u00e3o e o patroc\u00ednio da Prefeitura da Cidade do Rio de Janeiro, da Secretaria Municipal de Cultura e da Cia. Caminho A\u00e9reo P\u00e3o de A\u00e7\u00facar por meio da Lei Municipal de Incentivo \u00e0 Cultura, e apoio do Jardim Bot\u00e2nico do Rio de Janeiro.<\/span><\/p>\n<p style=\"text-align: justify;\"><span style=\"color: #000000;\"><strong>Programa\u00e7\u00e3o\u00a0<\/strong><\/span><\/p>\n<p style=\"text-align: justify;\">\n<p><span style=\"color: #000000;\"><strong>*Espa\u00e7o Organismo Vivo \u2013 Atra\u00e7\u00f5es:<\/strong><\/span><\/p>\n<p><span style=\"color: #000000;\">ENTRADA JARDIM BOT\u00c2NICO<\/span><\/p>\n<p><span style=\"color: #000000;\">CIRCUITO DE ARTES E DESIGN PUC-RIO: Exposi\u00e7\u00e3o de projetos desenvolvidos por alunos do Departamento de Artes e Design da PUC-RIO (dias 8 e 9 de outubro \u2013 das 10 \u00e0s 18h).<\/span><\/p>\n<p><span style=\"color: #000000;\">S\u00c1BADO \u2013 DIA 08 DE OUTUBRO:<\/span><\/p>\n<p><span style=\"color: #000000;\">DEBATES NO TEATRO TOM JOBIM<\/span><\/p>\n<p><span style=\"color: #000000;\">&#8211; ABERTURA \u00e0s 10:00h com palestra de Sergio Besserman.<\/span><\/p>\n<p><span style=\"color: #000000;\">&#8211; DESENVOLVIMENTO SUSTENT\u00c1VEL: Ser\u00e3o discutidos temas como o que \u00e9 ser \u201csustent\u00e1vel\u201d para governos, cidades e pessoas e o como o aquecimento global impacta a nossa rotina de vida.\u00a0 Dia 08 com in\u00edcio \u00e0s 11h30.<\/span><\/p>\n<p><span style=\"color: #000000;\">&#8211; Roberto V\u00e1mos;<\/span><\/p>\n<p><span style=\"color: #000000;\">&#8211; Carlos Walter;<\/span><\/p>\n<p><span style=\"color: #000000;\">&#8211; Claudisson Rodrigues.<\/span><\/p>\n<p><span style=\"color: #000000;\">&#8211; INOVA\u00c7\u00c3O E EMPREENDEDORISMO: Vamos destacar o papel fundamental das inova\u00e7\u00f5es, das novas tecnologias e de jovens empreendedores na transi\u00e7\u00e3o para uma vida mais sustent\u00e1vel.\u00a0 Dia 08 com in\u00edcio \u00e0s 15h.<\/span><\/p>\n<p><span style=\"color: #000000;\">&#8211; Marcos Cohen;<\/span><\/p>\n<p><span style=\"color: #000000;\">&#8211; Tom\u00e1s de Lara.<\/span><\/p>\n<p><span style=\"color: #000000;\">&#8211; ECONOMIA CIRCULAR: Discutiremos como o design pode contribuir na redu\u00e7\u00e3o de lixo e como uma pessoa ou empresa podem ajudar a reduzir, ou at\u00e9 eliminar, a produ\u00e7\u00e3o de res\u00edduos. Dia 08 com in\u00edcio \u00e0s 16h30.<\/span><\/p>\n<p><span style=\"color: #000000;\">&#8211; Bruno Temer;<\/span><\/p>\n<p><span style=\"color: #000000;\">&#8211; P\u00f3lita Gon\u00e7alves;<\/span><\/p>\n<p><span style=\"color: #000000;\">&#8211; Claudio Bastos.<\/span><\/p>\n<p><span style=\"color: #000000;\"><strong>*Espa\u00e7o Organismo Vivo \u2013 Atra\u00e7\u00f5es:<\/strong><\/span><\/p>\n<p><span style=\"color: #000000;\">Associa\u00e7\u00e3o dos amigos do JB<\/span><\/p>\n<p><span style=\"color: #000000;\">&#8211; Troca &#8211; Troca de brinquedos \u2013 Instituto Alana \u2013 9h30 \u00e0s 11h30.<\/span><\/p>\n<p><span style=\"color: #000000;\">&#8211; Oficina de papelaria artesanal \u2013 Schopf Papier \u2013 11h30 \u00e0s 13h.<\/span><\/p>\n<p><span style=\"color: #000000;\">&#8211; Oficina de Bambu \u2013 Vicente Barros \u2013 15h30 \u00e0s 17h45.<\/span><\/p>\n<p><span style=\"color: #000000;\"><strong>*Espa\u00e7o AR \u2013 Atra\u00e7\u00f5es:<\/strong><\/span><\/p>\n<p><span style=\"color: #000000;\">&#8211; YVENGAR INTERMEDI\u00c1RIO: Desenvolver a consci\u00eancia das diferentes partes do corpo e de melhorar o fluxo de energia atrav\u00e9s do alinhamento (08 de outubro, das 09:30h \u00e0s 10:45h);<\/span><\/p>\n<p><span style=\"color: #000000;\">&#8211; ASHTANGA B\u00c1SICO: Voc\u00ea ir\u00e1 aprender a sincronizar o movimento seguido da respira\u00e7\u00e3o para realizar as posturas fundamentais (08 de outubro, das 10:45h \u00e0s 12:45h);<\/span><\/p>\n<p><span style=\"color: #000000;\">&#8211; MEDITA\u00c7\u00c3O B\u00c1SICO: Meditar \u00e9 eliminar o estresse, equilibrar as emo\u00e7\u00f5es e promover a paz interior. Teremos um guia para te orientar (08 de outubro, das 12:45h \u00e0s 13:35h).<\/span><\/p>\n<p><span style=\"color: #000000;\">&#8211; NIRVANA FIT B\u00c1SICO: Venha suar a camisa no exerc\u00edcio aer\u00f3bico que mistura HIIT com um treinamento funcional para trabalhar todo o corpo (08 de outubro, das 13:45h \u00e0s 14:15h);<\/span><\/p>\n<p><span style=\"color: #000000;\">&#8211; HATHA YOGA INTERMEDI\u00c1RIO: Com foco na sa\u00fade e no corpo, \u00e9 adapt\u00e1vel a qualquer pessoa e idade, \u00e9 f\u00e1cil de praticar e voc\u00ea vai adorar! (08 de outubro, das 14:15h \u00e0s 15:30h);<\/span><\/p>\n<p><span style=\"color: #000000;\">&#8211; PILATES SOLO B\u00c1SICO: Voc\u00ea j\u00e1 conhece o pilates solo? Atrav\u00e9s de movimentos e exerc\u00edcios, desenvolve o condicionamento f\u00edsico e mental (08 de outubro, das 15:30h \u00e0s 16:30h);<\/span><\/p>\n<p><span style=\"color: #000000;\">&#8211; POWER YOGA INTERMEDI\u00c1RIO: Conquiste ganhos f\u00edsicos, como t\u00f4nus muscular, a curto prazo! Trabalhe a for\u00e7a em momentos de medita\u00e7\u00e3o din\u00e2mica (08 de outubro, das 16:30h \u00e0s 17:45h);<\/span><\/p>\n<p><span style=\"color: #000000;\">&#8211; VINYASA INTERMEDI\u00c1RIO: Esp\u00e9cie de \u201cmedita\u00e7\u00e3o\u201d em movimento, que alinha a respira\u00e7\u00e3o, corpo e mente, em um sequencia fluida (08 de outubro, das 17:45h \u00e0s 19:00h);<\/span><\/p>\n<p><span style=\"color: #000000;\"><strong>\u00a0*Espa\u00e7o TERRA \u2013 Atra\u00e7\u00f5es:<\/strong><\/span><\/p>\n<p><span style=\"color: #000000;\">&#8211; ATIVIDADE SENSORIAL: Vamos usar os sentidos para descobrir e refletir sobre a alimenta\u00e7\u00e3o saud\u00e1vel junto ao Instituto Moleque Mateiro (dia 08 de outubro, das 09:00h \u00e0s 19:00h);<\/span><\/p>\n<p><span style=\"color: #000000;\">&#8211; FEIRA LIVMUNDI: Pela primeira vez reunidas em uma grande feira, a Junta Local e a Ess\u00eancia Vital, do Circuito de Feiras Org\u00e2nicas (dia 08 de outubro, das 09:00h \u00e0s 18:00h);<\/span><\/p>\n<p><span style=\"color: #000000;\">&#8211; HORTA CASEIRA: Venha aprender com o Instituto Moleque Mateiro, a montar a sua horta em casa. Levante as mangas e vamos plantar! (dia 08 de outubro, das 10:00h \u00e0s 13:00h e das 15:00h \u00e0s 18:00h, no Gazebo Caminho A\u00e9reo.\u00a0<\/span><\/p>\n<p><span style=\"color: #000000;\"><strong>* Espa\u00e7o Fogo \u2013 Laje:<\/strong><\/span><\/p>\n<p><span style=\"color: #000000;\">Bootcamp \u2013 problemas urbanos Design Thinking com Clarissa Biolchini \u2013 9h \u00e0s 19h.<\/span><\/p>\n<p><span style=\"color: #000000;\">DOMINGO \u2013 DIA 09 DE OUTUBRO:<\/span><\/p>\n<p><span style=\"color: #000000;\">DEBATES NO TEATRO TOM JOBIM<\/span><\/p>\n<p><span style=\"color: #000000;\">&#8211; INF\u00c2NCIA: Os palestrantes discutir\u00e3o nesse m\u00f3dulo os benef\u00edcios para a inf\u00e2ncia de uma vida mais pr\u00f3xima \u00e0 natureza e o que podemos fazer para os nossos filhos adotarem um estilo de vida mais sustent\u00e1vel. Dia 09 com in\u00edcio \u00e0s 10h.<\/span><\/p>\n<p><span style=\"color: #000000;\">&#8211; Daniel Becker;<\/span><\/p>\n<p><span style=\"color: #000000;\">&#8211;\u00a0 Lais Fleury;<\/span><\/p>\n<p><span style=\"color: #000000;\">&#8211; Eduardo Oliveira.<\/span><\/p>\n<p><span style=\"color: #000000;\">ALIMENTA\u00c7\u00c3O: Este painel ir\u00e1 abordar como a nossa forma de se alimentar se conecta com a nossa identidade e com a economia, com foco no consumo de alimentos saud\u00e1veis no ambiente urbano. Dia 09 com in\u00edcio \u00e0s 11h30.<\/span><\/p>\n<p><span style=\"color: #000000;\">&#8211; Denise Amador;<\/span><\/p>\n<p><span style=\"color: #000000;\">&#8211; Lia Os\u00f3rio;<\/span><\/p>\n<p><span style=\"color: #000000;\">&#8211; Regina Tchelly.<\/span><\/p>\n<p><span style=\"color: #000000;\">&#8211; ECONOMIA COLABORATIVA E CONSUMO: Este encontro revelar\u00e1 o que \u00e9 e como um dos maiores fen\u00f4menos deste s\u00e9culo, a economia colaborativa, desafia a l\u00f3gica do consumo e da acumula\u00e7\u00e3o. Dia 09 com in\u00edcio \u00e0s 15h.<\/span><\/p>\n<p><span style=\"color: #000000;\">&#8211; Ana Lavaquial;<\/span><\/p>\n<p><span style=\"color: #000000;\">&#8211; Andr\u00e9 Carvalhal;<\/span><\/p>\n<p><span style=\"color: #000000;\">&#8211; Murilo Farah.<\/span><\/p>\n<p><span style=\"color: #000000;\">\u00a0&#8211; CIDADES: Neste m\u00f3dulo ser\u00e1 tratado a import\u00e2ncia das \u00e1reas de prote\u00e7\u00e3o no Rio de Janeiro para nosso bem-estar, o que \u00e9 uma \u201ccidade inteligente\u201d, e o que sustentabilidade tem a ver com desigualdade. Dia 09 \u00e0s 16h30.<\/span><\/p>\n<p><span style=\"color: #000000;\">&#8211; Jo\u00e3o Luis Figueiredo;<\/span><\/p>\n<p><span style=\"color: #000000;\">&#8211; Sonia Peixoto;<\/span><\/p>\n<p><span style=\"color: #000000;\">&#8211; Clarisse Linke.<\/span><\/p>\n<p><span style=\"color: #000000;\">&#8211; ENCERRAMENTO \u00e0s 18h com palestra de Eduarda Roque<\/span><\/p>\n<p><span style=\"color: #000000;\"><strong>*Espa\u00e7o Organismo Vivo \u2013 Atra\u00e7\u00f5es:<\/strong><\/span><\/p>\n<p><span style=\"color: #000000;\">Associa\u00e7\u00e3o dos amigos do JB<\/span><\/p>\n<p><span style=\"color: #000000;\">&#8211; Oficina de Tapioca para crian\u00e7as \u2013 Instituto Maniva &#8211; 9h30 \u00e0s 11h30.<\/span><\/p>\n<p><span style=\"color: #000000;\">&#8211; Oficina de costura High Tech: criando Wearables \u2013 Olabi \u2013 11h30 \u00e0s 15h.<\/span><\/p>\n<p><span style=\"color: #000000;\">&#8211; Oficina de reaproveitamento de alimentos \u2013 Favela Org\u00e2nica \u2013 15h30 \u00e0s 18h.<\/span><\/p>\n<p><span style=\"color: #000000;\"><strong>*Espa\u00e7o AR \u2013 Atra\u00e7\u00f5es:<\/strong><\/span><\/p>\n<p><span style=\"color: #000000;\">&#8211; MEDITA\u00c7\u00c3O B\u00c1SICO: Meditar \u00e9 eliminar o estresse, equilibrar as emo\u00e7\u00f5es e promover a paz interior. Teremos um guia para te orientar (09 de outubro, das 12:00h \u00e0s 13:30h);<\/span><\/p>\n<p><span style=\"color: #000000;\">&#8211; PALESTRA \u2013 A FILOSOFIA DO YOGA (09 de outubro, das 14h \u00e0s 15.30h);<\/span><\/p>\n<p><span style=\"color: #000000;\">&#8211; PALESTRA THE SCHOOL OF LIFE \u2013 Daniel Barros: (09 de outubro, das 15:30h \u00e0s 17:00h);<\/span><\/p>\n<p><span style=\"color: #000000;\">&#8211; RESTAURATIVA B\u00c1SICO: Para um bem estar, nada melhor do que um relaxamento profundo do corpo f\u00edsico e sutil. Se revigore! (09 de outubro, das 17:00h \u00e0s 18:30h).<\/span><\/p>\n<p><span style=\"color: #000000;\"><strong>*Espa\u00e7o TERRA \u2013 Atra\u00e7\u00f5es:<\/strong><\/span><\/p>\n<p><span style=\"color: #000000;\">&#8211; ATIVIDADE SENSORIAL: Vamos usar os sentidos para descobrir e refletir sobre a alimenta\u00e7\u00e3o saud\u00e1vel junto ao Instituto Moleque Mateiro (dia 09 de outubro, das 09:00h \u00e0s 19:00h);<\/span><\/p>\n<p><span style=\"color: #000000;\">&#8211; FEIRA LIVMUNDI: Pela primeira vez reunidas em uma grande feira, a Junta Local e a Ess\u00eancia Vital, do Circuito de Feiras Org\u00e2nicas (dia 09 de outubro, das 09:00h \u00e0s 18:00h);<\/span><\/p>\n<p><span style=\"color: #000000;\">&#8211; HORTA CASEIRA: Venha aprender com o Instituto Moleque Mateiro, a montar a sua horta em casa. Levante as mangas e vamos plantar! (dia 09 de outubro, das 10:00h \u00e0s 13:00h e das 15:00h \u00e0s 18:00h, no Gazebo Caminho A\u00e9reo.\u00a0<\/span><\/p>\n<p style=\"text-align: justify;\"><strong><span style=\"color: #0000ff;\">Site: www.livmundi.com<\/span><\/strong><\/p>\n<p>&nbsp;<\/p>\n","protected":false},"excerpt":{"rendered":"<p>Programa\u00e7\u00e3o gratuita oferecer\u00e1 aulas, palestras e oficinas aos cariocas Rio &#8211; Nos dias 8 e 9 de outubro, a G\u00e1vea e o Jardim Bot\u00e2nico ser\u00e3o palco de uma intensa e variada programa\u00e7\u00e3o de atividades gratuitas sobre sustentabilidade. Palestras, oficinas de culin\u00e1ria, aulas de yoga, feira de org\u00e2nicos e produtores locais, e atividades para crian\u00e7as est\u00e3o [&hellip;]<\/p>\n","protected":false},"author":1,"featured_media":3331,"comment_status":"open","ping_status":"open","sticky":false,"template":"","format":"standard","meta":{"_uag_custom_page_level_css":"","footnotes":""},"categories":[27],"tags":[2309,4525,5360,6472,6946,9199,10375,11482],"class_list":["post-3330","post","type-post","status-publish","format-standard","has-post-thumbnail","hentry","category-acontece","tag-circuito-de-feiras-organicas","tag-espaco-terra","tag-gavea","tag-jardim-botanico","tag-livmundi","tag-praca-santos-dumont","tag-rio-de-janeiro","tag-sustentavel"],"blocksy_meta":[],"spectra_blocks_featured_image_url":[],"spectra_blocks_author_info":{"display_name":"Jornal da Constru\u00e7\u00e3o Civil","avatar_url":"https:\/\/secure.gravatar.com\/avatar\/973c9774fd44ddaceb026973c4962faa70fc512bc4c9da68e8ebb40fecee6540?s=96&d=mm&r=g","author_link":"https:\/\/construcaocivil.siriusmarketingedesign.com.br\/?author=1","description":"Desde de 2013, levando muitas informa\u00e7\u00f5es, lan\u00e7amentos e produtos de qualidade para toda cadeia produtiva da constru\u00e7\u00e3o. O Futuro da constru\u00e7\u00e3o passa por aqui,"},"uagb_featured_image_src":{"full":false,"thumbnail":false,"medium":false,"medium_large":false,"large":false,"1536x1536":false,"2048x2048":false},"uagb_author_info":{"display_name":"Jornal da Constru\u00e7\u00e3o Civil","author_link":"https:\/\/construcaocivil.siriusmarketingedesign.com.br\/?author=1"},"uagb_comment_info":0,"uagb_excerpt":"Programa\u00e7\u00e3o gratuita oferecer\u00e1 aulas, palestras e oficinas aos cariocas Rio &#8211; Nos dias 8 e 9 de outubro, a G\u00e1vea e o Jardim Bot\u00e2nico ser\u00e3o palco de uma intensa e variada programa\u00e7\u00e3o de atividades gratuitas sobre sustentabilidade. Palestras, oficinas de culin\u00e1ria, aulas de yoga, feira de org\u00e2nicos e produtores locais, e atividades para crian\u00e7as est\u00e3o&hellip;","_links":{"self":[{"href":"https:\/\/construcaocivil.siriusmarketingedesign.com.br\/index.php?rest_route=\/wp\/v2\/posts\/3330","targetHints":{"allow":["GET"]}}],"collection":[{"href":"https:\/\/construcaocivil.siriusmarketingedesign.com.br\/index.php?rest_route=\/wp\/v2\/posts"}],"about":[{"href":"https:\/\/construcaocivil.siriusmarketingedesign.com.br\/index.php?rest_route=\/wp\/v2\/types\/post"}],"author":[{"embeddable":true,"href":"https:\/\/construcaocivil.siriusmarketingedesign.com.br\/index.php?rest_route=\/wp\/v2\/users\/1"}],"replies":[{"embeddable":true,"href":"https:\/\/construcaocivil.siriusmarketingedesign.com.br\/index.php?rest_route=%2Fwp%2Fv2%2Fcomments&post=3330"}],"version-history":[{"count":0,"href":"https:\/\/construcaocivil.siriusmarketingedesign.com.br\/index.php?rest_route=\/wp\/v2\/posts\/3330\/revisions"}],"wp:attachment":[{"href":"https:\/\/construcaocivil.siriusmarketingedesign.com.br\/index.php?rest_route=%2Fwp%2Fv2%2Fmedia&parent=3330"}],"wp:term":[{"taxonomy":"category","embeddable":true,"href":"https:\/\/construcaocivil.siriusmarketingedesign.com.br\/index.php?rest_route=%2Fwp%2Fv2%2Fcategories&post=3330"},{"taxonomy":"post_tag","embeddable":true,"href":"https:\/\/construcaocivil.siriusmarketingedesign.com.br\/index.php?rest_route=%2Fwp%2Fv2%2Ftags&post=3330"}],"curies":[{"name":"wp","href":"https:\/\/api.w.org\/{rel}","templated":true}]}}