{"id":3349,"date":"2016-09-10T00:25:12","date_gmt":"2016-09-10T00:25:12","guid":{"rendered":"http:\/\/www.jornaldaconstrucaocivil.com.br\/?p=3349"},"modified":"2016-09-10T00:25:12","modified_gmt":"2016-09-10T00:25:12","slug":"idosos-de-itaborai-tem-turmas-especiais-para-completar-o-ensino-fundamental","status":"publish","type":"post","link":"https:\/\/construcaocivil.siriusmarketingedesign.com.br\/?p=3349","title":{"rendered":"Idosos de Itabora\u00ed t\u00eam turmas especiais para completar o Ensino Fundamental"},"content":{"rendered":"<p style=\"text-align: justify;\"><span style=\"color: #000080;\"><strong>Inscri\u00e7\u00f5es para a 6\u00aa fase continua aberta, mas h\u00e1 poucas vagas<\/strong><\/span><\/p>\n<p style=\"text-align: justify;\"><span style=\"color: #000000;\"><span style=\"color: #ff0000;\">Itabora\u00ed<\/span> &#8211; Pessoas com mais de 50 anos est\u00e3o abrindo novas perspectivas de vida a partir da Educa\u00e7\u00e3o de Jovens e Adultos, com turmas especiais para idosos implementadas de forma pioneira em Itabora\u00ed.\u00a0O sucesso do projeto fez a Prefeitura investir na abertura de novos cursos, com turmas tamb\u00e9m a partir da 6\u00aa fase (equivalente ao 6\u00ba ano do Ensino Fundamental), a partir deste ano. Anteriormente, a EJA oferecia cursos apenas at\u00e9 a 5\u00aa fase.<\/span><\/p>\n<figure id=\"attachment_3350\" aria-describedby=\"caption-attachment-3350\" style=\"width: 302px\" class=\"wp-caption alignleft\"><a href=\"http:\/\/www.jornaldaconstrucaocivil.com.br\/wp-content\/uploads\/2016\/09\/EJA-II.jpg\"><img loading=\"lazy\" decoding=\"async\" class=\"wp-image-3350\" src=\"http:\/\/www.jornaldaconstrucaocivil.com.br\/wp-content\/uploads\/2016\/09\/EJA-II.jpg\" alt=\"eja-ii\" width=\"302\" height=\"170\" \/><\/a><figcaption id=\"caption-attachment-3350\" class=\"wp-caption-text\"><strong><span style=\"color: #0000ff;\">O Professor Henrique Pacheco faz parte do projeto EJA de ensino. <\/span><\/strong><span style=\"color: #0000ff;\">Foto: Sandro Giron.<\/span><\/figcaption><\/figure>\n<p style=\"text-align: justify;\"><span style=\"color: #000000;\">As matr\u00edculas para a 6\u00aa fase j\u00e1 est\u00e3o abertas, e ainda h\u00e1 vagas. A partir do ano que vem, tamb\u00e9m haver\u00e1 turmas para a 7\u00aa fase, e \u00e0 medida em que os alunos forem aprovados, ser\u00e3o abertos cursos tamb\u00e9m para a 8\u00aa e 9\u00aa fases, completando, assim, todoo ensino fundamental.\u00a0At\u00e9 o \u00faltimo semestre, os estudantes dessas turmas espec\u00edficas, ap\u00f3s terminarem a 5\u00ba fase (equivalente ao 5\u00ba ano do Ensino Fundamental), tinham que migrar para a EJA tradicional e dividir a sala de aula com pessoas mais jovens no per\u00edodo da noite.<\/span><\/p>\n<p style=\"text-align: justify;\"><span style=\"color: #000000;\">Agora, n\u00e3o h\u00e1 mais esta necessidade, j\u00e1 que a Secretaria Municipal de Educa\u00e7\u00e3o e Cultura (Semec) incluiu todas as fases desta modalidade de educa\u00e7\u00e3o b\u00e1sica no EJA\/Idosos.\u00a0N\u00famero de alunos reduzidos nas turmas, salas climatizadas, aulas em ritmo pr\u00f3prio, em fun\u00e7\u00e3o da idade elevada, e matriz curricular espec\u00edfica est\u00e3o entre as diferen\u00e7as da EJA\/Idosos na compara\u00e7\u00e3o com as escolas regulares. Atualmente, s\u00e3o 80 alunos estudando, nos turnos da manh\u00e3 e da tarde, no p\u00f3lo central do projeto Vida e Movimento, anexo \u00e0 Escola Municipal Therezinha de Jesus Pereira da Silva.<\/span><\/p>\n<p><strong>Novas disciplinas<\/strong><\/p>\n<p><span style=\"color: #000000;\">De acordo com Adriana Barbosa, coordenadora da EJA, foram inclu\u00eddas as seguintes disciplinas na EJA\/Idosos neste semestre: pintura em tela, atividades recreativas, dan\u00e7a, m\u00fasica e inform\u00e1tica.<\/span><\/p>\n<p><span style=\"color: #000000;\"><em>&#8220;\u00c9 uma escola pensada para as pessoas de mais idade. Al\u00e9m das mat\u00e9rias b\u00e1sicas do Ensino Fundamental, eles passam a contar com mais estas atividades&#8221;<\/em>, destaca a coordenadora da EJA.<\/span><\/p>\n<p><span style=\"color: #000000;\">Adriana Barbosa ressalta que um dos diferenciais \u00e9 uma maior assimila\u00e7\u00e3o do conte\u00fado dado.<\/span><\/p>\n<p><span style=\"color: #000000;\"><em>\u201cNo meio dos jovens, eles se sentem deslocados e inibidos para interagirem na aula, na medida em que o ritmo de aprendizagem \u00e9 mais lento. Um outro fator relevante \u00e9 o turno. As escolas com EJA s\u00f3 t\u00eam o hor\u00e1rio da noite, e a maioria dos idosos prefere o per\u00edodo da manh\u00e3\u201d<\/em>, explica.<\/span><\/p>\n<p><span style=\"color: #000000;\">Henrique Pacheco, professor de Hist\u00f3ria da EJA e da EJA\/Idosos, afirma que \u00e0 noite havia evas\u00e3o de idosos, principalmente nas turmas da 6\u00aa a 9\u00aa fase, onde existe uma predomin\u00e2ncia de pessoas mais jovens.<\/span><\/p>\n<p><span style=\"color: #000000;\"><strong>Conflito de gera\u00e7\u00f5es<\/strong><\/span><\/p>\n<p><span style=\"color: #000000;\">Milva Teixeira de Souza, de 70 anos, j\u00e1 estudou na EJA tradicional e lembra que a experi\u00eancia n\u00e3o foi boa. Indisciplina e falta de interesse pelos estudos foram as principais reclama\u00e7\u00f5es da idosa.<\/span><\/p>\n<p><span style=\"color: #000000;\"><em>&#8220;Eles n\u00e3o respeitam as pessoas da terceira idade. Durante a aula, faziam arrua\u00e7a e falavam alto. N\u00e3o tinha como eu aprender nada. Acabei abandonando. Quando soube que o EJA\/Idosos estava abrindo turmas para a 6\u00aa fase, n\u00e3o pensei duas vezes&#8221;<\/em>, conta a idosa.<\/span><\/p>\n<p><span style=\"color: #000000;\">Gecilda Barbosa de Azevedo, de 70 anos, aprendeu a ler e a escrever no EJA\/Idosos. Apesar dos planos de concluir o Ensino Fundamental, ela afirma que pararia de estudar se tivesse que dividir a sala de aula com alunos mais novos.<\/span><\/p>\n<p><span style=\"color: #000000;\"><em>&#8220;Teria vergonha de perguntar qualquer coisa. Ficaria deslocada. Sem contar que, \u00e0 noite, n\u00e3o enxergo muito bem&#8221;<\/em>, revela a aposentada.\u00a0Neuzira Rodrigues Moreira, de 72 anos, tamb\u00e9m n\u00e3o continuaria os estudos se tivesse que mudar.<\/span><\/p>\n<p><span style=\"color: #000000;\"><em>&#8220;Eu unca estudaria a noite, pois acho muito perigoso. A quantidade de \u00f4nibus fica muito reduzida. N\u00e3o \u00e9 s\u00f3 isso. Tenho certeza que n\u00e3o conseguiria acompanhar o ritmo da aula&#8221;<\/em>, diz Neuzira<\/span><\/p>\n","protected":false},"excerpt":{"rendered":"<p>Inscri\u00e7\u00f5es para a 6\u00aa fase continua aberta, mas h\u00e1 poucas vagas Itabora\u00ed &#8211; Pessoas com mais de 50 anos est\u00e3o abrindo novas perspectivas de vida a partir da Educa\u00e7\u00e3o de Jovens e Adultos, com turmas especiais para idosos implementadas de forma pioneira em Itabora\u00ed.\u00a0O sucesso do projeto fez a Prefeitura investir na abertura de novos [&hellip;]<\/p>\n","protected":false},"author":1,"featured_media":3350,"comment_status":"open","ping_status":"open","sticky":false,"template":"","format":"standard","meta":{"_uag_custom_page_level_css":"","footnotes":""},"categories":[37],"tags":[2244,3965,4372,5867,6420,7380,9702,10375],"class_list":["post-3349","post","type-post","status-publish","format-standard","has-post-thumbnail","hentry","category-sustentabilidade","tag-cidadania","tag-educacao","tag-ensino-fundamental","tag-idosas","tag-itaborai","tag-matriculas-abertas","tag-projeto-eja","tag-rio-de-janeiro"],"blocksy_meta":[],"spectra_blocks_featured_image_url":[],"spectra_blocks_author_info":{"display_name":"Jornal da Constru\u00e7\u00e3o Civil","avatar_url":"https:\/\/secure.gravatar.com\/avatar\/973c9774fd44ddaceb026973c4962faa70fc512bc4c9da68e8ebb40fecee6540?s=96&d=mm&r=g","author_link":"https:\/\/construcaocivil.siriusmarketingedesign.com.br\/?author=1","description":"Desde de 2013, levando muitas informa\u00e7\u00f5es, lan\u00e7amentos e produtos de qualidade para toda cadeia produtiva da constru\u00e7\u00e3o. O Futuro da constru\u00e7\u00e3o passa por aqui,"},"uagb_featured_image_src":{"full":false,"thumbnail":false,"medium":false,"medium_large":false,"large":false,"1536x1536":false,"2048x2048":false},"uagb_author_info":{"display_name":"Jornal da Constru\u00e7\u00e3o Civil","author_link":"https:\/\/construcaocivil.siriusmarketingedesign.com.br\/?author=1"},"uagb_comment_info":0,"uagb_excerpt":"Inscri\u00e7\u00f5es para a 6\u00aa fase continua aberta, mas h\u00e1 poucas vagas Itabora\u00ed &#8211; Pessoas com mais de 50 anos est\u00e3o abrindo novas perspectivas de vida a partir da Educa\u00e7\u00e3o de Jovens e Adultos, com turmas especiais para idosos implementadas de forma pioneira em Itabora\u00ed.\u00a0O sucesso do projeto fez a Prefeitura investir na abertura de novos&hellip;","_links":{"self":[{"href":"https:\/\/construcaocivil.siriusmarketingedesign.com.br\/index.php?rest_route=\/wp\/v2\/posts\/3349","targetHints":{"allow":["GET"]}}],"collection":[{"href":"https:\/\/construcaocivil.siriusmarketingedesign.com.br\/index.php?rest_route=\/wp\/v2\/posts"}],"about":[{"href":"https:\/\/construcaocivil.siriusmarketingedesign.com.br\/index.php?rest_route=\/wp\/v2\/types\/post"}],"author":[{"embeddable":true,"href":"https:\/\/construcaocivil.siriusmarketingedesign.com.br\/index.php?rest_route=\/wp\/v2\/users\/1"}],"replies":[{"embeddable":true,"href":"https:\/\/construcaocivil.siriusmarketingedesign.com.br\/index.php?rest_route=%2Fwp%2Fv2%2Fcomments&post=3349"}],"version-history":[{"count":0,"href":"https:\/\/construcaocivil.siriusmarketingedesign.com.br\/index.php?rest_route=\/wp\/v2\/posts\/3349\/revisions"}],"wp:attachment":[{"href":"https:\/\/construcaocivil.siriusmarketingedesign.com.br\/index.php?rest_route=%2Fwp%2Fv2%2Fmedia&parent=3349"}],"wp:term":[{"taxonomy":"category","embeddable":true,"href":"https:\/\/construcaocivil.siriusmarketingedesign.com.br\/index.php?rest_route=%2Fwp%2Fv2%2Fcategories&post=3349"},{"taxonomy":"post_tag","embeddable":true,"href":"https:\/\/construcaocivil.siriusmarketingedesign.com.br\/index.php?rest_route=%2Fwp%2Fv2%2Ftags&post=3349"}],"curies":[{"name":"wp","href":"https:\/\/api.w.org\/{rel}","templated":true}]}}