{"id":335,"date":"2015-11-06T01:00:04","date_gmt":"2015-11-06T01:00:04","guid":{"rendered":"http:\/\/www.jornaldaconstrucaocivil.com.br\/?p=335"},"modified":"2015-11-06T01:00:04","modified_gmt":"2015-11-06T01:00:04","slug":"cbic-ministro-da-fazenda-discute-novas-regras-para-estimular-investimento-com-industria-da-construcao","status":"publish","type":"post","link":"https:\/\/construcaocivil.siriusmarketingedesign.com.br\/?p=335","title":{"rendered":"CBIC: Ministro da Fazenda discute novas regras para estimular investimento com Ind\u00fastria da Constru\u00e7\u00e3o"},"content":{"rendered":"<p><strong><span style=\"color: #000000;\">O ministro da Fazenda, Joaquim Levy, discutiu hoje com dirigentes da ind\u00fastria da constru\u00e7\u00e3o a retomada de investimentos e as expectativas do governo federal com o programa de concess\u00f5es e PPPs. <\/span><\/strong><\/p>\n<p><span style=\"color: #000000;\">Em reuni\u00e3o organizada pela C\u00e2mara Brasileira da Ind\u00fastria da Constru\u00e7\u00e3o (CBIC), ele discorreu sobre o Programa PPP+ e esclareceu as premissas do Marco regulat\u00f3rio que dever\u00e1 nortear a formula\u00e7\u00e3o e execu\u00e7\u00e3o de novos projetos. &#8220;Eu vim conversar com a turma do crescimento&#8221;, disse o ministro, bem humorado, destacando que conta com a constru\u00e7\u00e3o civil na retomada do investimento e crescimento da economia. O encontro foi realizado na sede da Apeop, em S\u00e3o Paulo, e contou com a participa\u00e7\u00e3o de cerca de 80 empres\u00e1rios e dirigentes do setor.<\/span><\/p>\n<p><span style=\"color: #000000;\">Presidente da CBIC, Jos\u00e9 Carlos Martins afirmou que a expectativa \u00e9 que as novas licita\u00e7\u00f5es abram espa\u00e7o para a participa\u00e7\u00e3o de um maior n\u00famero de empresas. &#8220;\u00c9 preciso avan\u00e7ar na modelagem, contemplando outros segmentos do mercado que podem contribuir com o pa\u00eds&#8221;, comentou. Presidente da Apeop, Luciano Amadio, reiterou o potencial da constru\u00e7\u00e3o civil como indutora de crescimento, gera\u00e7\u00e3o de empregos e renda. &#8220;Temos capacidade para participar desses projetos e estamos nos preparando para uma atua\u00e7\u00e3o mais forte&#8221;, afirmou. <\/span><\/p>\n<p><span style=\"color: #000000;\">Presidente da Comiss\u00e3o de Obras P\u00fablicas (COP) da CBIC, Carlos Eduardo Jorge Lima defendeu a cria\u00e7\u00e3o de modelagens que permitam a participa\u00e7\u00e3o de um n\u00famero maior de empresas nas concess\u00f5es. &#8220;Esse \u00e9 um caminho para o desenvolvimento do Brasil e do nosso setor tamb\u00e9m. \u00c9 o futuro&#8221;.<\/span><\/p>\n<p>Fonte: CBIC<\/p>\n","protected":false},"excerpt":{"rendered":"<p>O ministro da Fazenda, Joaquim Levy, discutiu hoje com dirigentes da ind\u00fastria da constru\u00e7\u00e3o a retomada de investimentos e as expectativas do governo federal com o programa de concess\u00f5es e PPPs. Em reuni\u00e3o organizada pela C\u00e2mara Brasileira da Ind\u00fastria da Constru\u00e7\u00e3o (CBIC), ele discorreu sobre o Programa PPP+ e esclareceu as premissas do Marco regulat\u00f3rio [&hellip;]<\/p>\n","protected":false},"author":1,"featured_media":0,"comment_status":"open","ping_status":"open","sticky":false,"template":"","format":"standard","meta":{"_uag_custom_page_level_css":"","footnotes":""},"categories":[31],"tags":[2029,6524,7742,9191],"class_list":["post-335","post","type-post","status-publish","format-standard","hentry","category-infraestrutura","tag-cbic","tag-joaquim-levy","tag-ministro","tag-ppps"],"blocksy_meta":[],"spectra_blocks_featured_image_url":null,"spectra_blocks_author_info":{"display_name":"Jornal da Constru\u00e7\u00e3o Civil","avatar_url":"https:\/\/secure.gravatar.com\/avatar\/973c9774fd44ddaceb026973c4962faa70fc512bc4c9da68e8ebb40fecee6540?s=96&d=mm&r=g","author_link":"https:\/\/construcaocivil.siriusmarketingedesign.com.br\/?author=1","description":"Desde de 2013, levando muitas informa\u00e7\u00f5es, lan\u00e7amentos e produtos de qualidade para toda cadeia produtiva da constru\u00e7\u00e3o. O Futuro da constru\u00e7\u00e3o passa por aqui,"},"uagb_featured_image_src":{"full":false,"thumbnail":false,"medium":false,"medium_large":false,"large":false,"1536x1536":false,"2048x2048":false},"uagb_author_info":{"display_name":"Jornal da Constru\u00e7\u00e3o Civil","author_link":"https:\/\/construcaocivil.siriusmarketingedesign.com.br\/?author=1"},"uagb_comment_info":0,"uagb_excerpt":"O ministro da Fazenda, Joaquim Levy, discutiu hoje com dirigentes da ind\u00fastria da constru\u00e7\u00e3o a retomada de investimentos e as expectativas do governo federal com o programa de concess\u00f5es e PPPs. Em reuni\u00e3o organizada pela C\u00e2mara Brasileira da Ind\u00fastria da Constru\u00e7\u00e3o (CBIC), ele discorreu sobre o Programa PPP+ e esclareceu as premissas do Marco regulat\u00f3rio&hellip;","_links":{"self":[{"href":"https:\/\/construcaocivil.siriusmarketingedesign.com.br\/index.php?rest_route=\/wp\/v2\/posts\/335","targetHints":{"allow":["GET"]}}],"collection":[{"href":"https:\/\/construcaocivil.siriusmarketingedesign.com.br\/index.php?rest_route=\/wp\/v2\/posts"}],"about":[{"href":"https:\/\/construcaocivil.siriusmarketingedesign.com.br\/index.php?rest_route=\/wp\/v2\/types\/post"}],"author":[{"embeddable":true,"href":"https:\/\/construcaocivil.siriusmarketingedesign.com.br\/index.php?rest_route=\/wp\/v2\/users\/1"}],"replies":[{"embeddable":true,"href":"https:\/\/construcaocivil.siriusmarketingedesign.com.br\/index.php?rest_route=%2Fwp%2Fv2%2Fcomments&post=335"}],"version-history":[{"count":0,"href":"https:\/\/construcaocivil.siriusmarketingedesign.com.br\/index.php?rest_route=\/wp\/v2\/posts\/335\/revisions"}],"wp:attachment":[{"href":"https:\/\/construcaocivil.siriusmarketingedesign.com.br\/index.php?rest_route=%2Fwp%2Fv2%2Fmedia&parent=335"}],"wp:term":[{"taxonomy":"category","embeddable":true,"href":"https:\/\/construcaocivil.siriusmarketingedesign.com.br\/index.php?rest_route=%2Fwp%2Fv2%2Fcategories&post=335"},{"taxonomy":"post_tag","embeddable":true,"href":"https:\/\/construcaocivil.siriusmarketingedesign.com.br\/index.php?rest_route=%2Fwp%2Fv2%2Ftags&post=335"}],"curies":[{"name":"wp","href":"https:\/\/api.w.org\/{rel}","templated":true}]}}