{"id":3367,"date":"2016-09-13T02:57:27","date_gmt":"2016-09-13T02:57:27","guid":{"rendered":"http:\/\/www.jornaldaconstrucaocivil.com.br\/?p=3367"},"modified":"2016-09-13T02:57:27","modified_gmt":"2016-09-13T02:57:27","slug":"nova-sede-da-bf-dias-tera-estacao-de-tratamento-de-efluentes-modelo","status":"publish","type":"post","link":"https:\/\/construcaocivil.siriusmarketingedesign.com.br\/?p=3367","title":{"rendered":"Nova sede da B&#038;F Dias ter\u00e1 esta\u00e7\u00e3o de tratamento de efluentes modelo"},"content":{"rendered":"<p><span style=\"color: #ff0000;\">Mercado<\/span><\/p>\n<p><strong><span style=\"color: #000000;\">O Centro de Tecnologia, Inova\u00e7\u00e3o e Fabrica\u00e7\u00e3o da B&amp;F Dias, localizado \u00e0s margens do Rio Capivari no munic\u00edpio de Vinhedo ser\u00e1 inaugurado no primeiro trimestre de 2017 e contar\u00e1 com uma esta\u00e7\u00e3o de tratamento de efluentes modelo na pr\u00f3pria sede.<\/span><\/strong><\/p>\n<p><a href=\"http:\/\/www.jornaldaconstrucaocivil.com.br\/wp-content\/uploads\/2016\/09\/ETE-SAO-PAULO.jpg\"><img loading=\"lazy\" decoding=\"async\" class=\"wp-image-3368 alignleft\" src=\"http:\/\/www.jornaldaconstrucaocivil.com.br\/wp-content\/uploads\/2016\/09\/ETE-SAO-PAULO-1024x485.jpg\" alt=\"ete-sao-paulo\" width=\"334\" height=\"158\" \/><\/a><\/p>\n<p><span style=\"color: #000000;\">Com capacidade de tratamento para 200 funcion\u00e1rios por dia, a esta\u00e7\u00e3o foi projetada com o que existe de mais eficiente e moderno para essa aplica\u00e7\u00e3o. Totalmente atuada, a empresa escolheu um processo de tratamento biol\u00f3gico conhecido como MBR (Membrane Bio Reactor) que permite o reuso com elevado grau de efici\u00eancia e performance. <em>\u201cOptamos por esse m\u00e9todo n\u00e3o apenas porque queremos a excel\u00eancia operacional do processo, mas acima de tudo para enfatizar nosso compromisso ambiental\u201d<\/em>, afirma Manuel Magalh\u00e3es, presidente da empresa.<\/span><\/p>\n<p><span style=\"color: #000000;\">Al\u00e9m do processo de tratamento de \u00faltima gera\u00e7\u00e3o, a empresa tamb\u00e9m inovou pela ado\u00e7\u00e3o de pain\u00e9is fotovoltaicos para energiza\u00e7\u00e3o dos motores, sistema de aera\u00e7\u00e3o por ar difuso com difusores de bolhas ultra finas, ilumina\u00e7\u00e3o com l\u00e2mpadas de LED e at\u00e9 tanques com paredes de vidro para maior intera\u00e7\u00e3o com a opera\u00e7\u00e3o.<\/span><\/p>\n<p><span style=\"color: #000000;\">No mesmo local ainda existir\u00e1 um centro de testes e desenvolvimento de equipamentos em condi\u00e7\u00f5es reais e laborat\u00f3rio de an\u00e1lises, que permitir\u00e3o a empresa pesquisar novos equipamentos e aplica\u00e7\u00f5es, o que vem de encontro com a pol\u00edtica de inova\u00e7\u00e3o da empresa.\u00a0 <em>\u201cS\u00e3o rar\u00edssimas as empresas no mundo que tem essa chance, e a B&amp;F Dias \u00e9 uma delas\u201d<\/em>, ratifica Magalh\u00e3es.<\/span><\/p>\n<p>A ETE ser\u00e1 aberta para visita\u00e7\u00e3o dos alunos das escolas da regi\u00e3o e clientes. Para isso, uma s\u00e9rie de medidas e diferenciais de um programa de comunica\u00e7\u00e3o est\u00e3o sendo projetados para facilitar o entendimento das etapas de tratamento. Al\u00e9m da esta\u00e7\u00e3o, os visitantes tamb\u00e9m poder\u00e3o visitar a barragem constru\u00edda em 1926 no Rio Capivari que ser\u00e1 totalmente reformada. A extens\u00e3o da visita a barragem \u00e9 justamente para criar uma interface entre o efluente bruto, o efluente tratado e o rio, para maior compreens\u00e3o de todos.<\/p>\n<p><strong><span style=\"color: #000000;\">Sobre a B&amp;F Dias<\/span><\/strong><\/p>\n<p><span style=\"color: #000000;\">A B&amp;F \u00e9 a maior empresa de sistemas de aera\u00e7\u00e3o por ar difuso na Am\u00e9rica Latina, com mais de 2500 plantas de tratamento de efluentes fornecidas em diversos pa\u00edses e, representante oficial da tecnologia Cleartec\u00ae no Brasil.<\/span><\/p>\n","protected":false},"excerpt":{"rendered":"<p>Mercado O Centro de Tecnologia, Inova\u00e7\u00e3o e Fabrica\u00e7\u00e3o da B&amp;F Dias, localizado \u00e0s margens do Rio Capivari no munic\u00edpio de Vinhedo ser\u00e1 inaugurado no primeiro trimestre de 2017 e contar\u00e1 com uma esta\u00e7\u00e3o de tratamento de efluentes modelo na pr\u00f3pria sede. Com capacidade de tratamento para 200 funcion\u00e1rios por dia, a esta\u00e7\u00e3o foi projetada com [&hellip;]<\/p>\n","protected":false},"author":1,"featured_media":3368,"comment_status":"open","ping_status":"open","sticky":false,"template":"","format":"standard","meta":{"_uag_custom_page_level_css":"","footnotes":""},"categories":[33],"tags":[468,1153,1835,3994,4497,10668,10764,11921],"class_list":["post-3367","post","type-post","status-publish","format-standard","has-post-thumbnail","hentry","category-mercado","tag-aeracao","tag-bf-dias","tag-capivari-sp","tag-efluentes","tag-esgoto","tag-sao-paulo","tag-sede","tag-tratamentos-de-efluentes-domesticos"],"blocksy_meta":[],"spectra_blocks_featured_image_url":[],"spectra_blocks_author_info":{"display_name":"Jornal da Constru\u00e7\u00e3o Civil","avatar_url":"https:\/\/secure.gravatar.com\/avatar\/973c9774fd44ddaceb026973c4962faa70fc512bc4c9da68e8ebb40fecee6540?s=96&d=mm&r=g","author_link":"https:\/\/construcaocivil.siriusmarketingedesign.com.br\/?author=1","description":"Desde de 2013, levando muitas informa\u00e7\u00f5es, lan\u00e7amentos e produtos de qualidade para toda cadeia produtiva da constru\u00e7\u00e3o. O Futuro da constru\u00e7\u00e3o passa por aqui,"},"uagb_featured_image_src":{"full":false,"thumbnail":false,"medium":false,"medium_large":false,"large":false,"1536x1536":false,"2048x2048":false},"uagb_author_info":{"display_name":"Jornal da Constru\u00e7\u00e3o Civil","author_link":"https:\/\/construcaocivil.siriusmarketingedesign.com.br\/?author=1"},"uagb_comment_info":0,"uagb_excerpt":"Mercado O Centro de Tecnologia, Inova\u00e7\u00e3o e Fabrica\u00e7\u00e3o da B&amp;F Dias, localizado \u00e0s margens do Rio Capivari no munic\u00edpio de Vinhedo ser\u00e1 inaugurado no primeiro trimestre de 2017 e contar\u00e1 com uma esta\u00e7\u00e3o de tratamento de efluentes modelo na pr\u00f3pria sede. Com capacidade de tratamento para 200 funcion\u00e1rios por dia, a esta\u00e7\u00e3o foi projetada com&hellip;","_links":{"self":[{"href":"https:\/\/construcaocivil.siriusmarketingedesign.com.br\/index.php?rest_route=\/wp\/v2\/posts\/3367","targetHints":{"allow":["GET"]}}],"collection":[{"href":"https:\/\/construcaocivil.siriusmarketingedesign.com.br\/index.php?rest_route=\/wp\/v2\/posts"}],"about":[{"href":"https:\/\/construcaocivil.siriusmarketingedesign.com.br\/index.php?rest_route=\/wp\/v2\/types\/post"}],"author":[{"embeddable":true,"href":"https:\/\/construcaocivil.siriusmarketingedesign.com.br\/index.php?rest_route=\/wp\/v2\/users\/1"}],"replies":[{"embeddable":true,"href":"https:\/\/construcaocivil.siriusmarketingedesign.com.br\/index.php?rest_route=%2Fwp%2Fv2%2Fcomments&post=3367"}],"version-history":[{"count":0,"href":"https:\/\/construcaocivil.siriusmarketingedesign.com.br\/index.php?rest_route=\/wp\/v2\/posts\/3367\/revisions"}],"wp:attachment":[{"href":"https:\/\/construcaocivil.siriusmarketingedesign.com.br\/index.php?rest_route=%2Fwp%2Fv2%2Fmedia&parent=3367"}],"wp:term":[{"taxonomy":"category","embeddable":true,"href":"https:\/\/construcaocivil.siriusmarketingedesign.com.br\/index.php?rest_route=%2Fwp%2Fv2%2Fcategories&post=3367"},{"taxonomy":"post_tag","embeddable":true,"href":"https:\/\/construcaocivil.siriusmarketingedesign.com.br\/index.php?rest_route=%2Fwp%2Fv2%2Ftags&post=3367"}],"curies":[{"name":"wp","href":"https:\/\/api.w.org\/{rel}","templated":true}]}}