{"id":3380,"date":"2016-09-14T19:57:27","date_gmt":"2016-09-14T19:57:27","guid":{"rendered":"http:\/\/www.jornaldaconstrucaocivil.com.br\/?p=3380"},"modified":"2016-09-14T19:57:27","modified_gmt":"2016-09-14T19:57:27","slug":"coppe-debate-legado-dos-jogos-olimpicos-e-sua-contribuicao-na-mitigacao-de-gases-de-efeito-estufa","status":"publish","type":"post","link":"https:\/\/construcaocivil.siriusmarketingedesign.com.br\/?p=3380","title":{"rendered":"Coppe debate legado dos Jogos Ol\u00edmpicos e sua contribui\u00e7\u00e3o na mitiga\u00e7\u00e3o de Gases de Efeito Estufa"},"content":{"rendered":"<p><span style=\"color: #993300;\">Rio 2016\u00a0<\/span><\/p>\n<p><strong><span style=\"color: #000000;\">Evento vai reunir especialistas no pr\u00f3ximo dia 22 de setembro no Rio de Janeiro<\/span><\/strong><\/p>\n<p>O legado dos Jogos Rio2016 nas \u00e1reas de mobilidade, infraestrutura urbana e no meio ambiente e sua contribui\u00e7\u00e3o na mitiga\u00e7\u00e3o de gases de efeito estufa ser\u00e3o debatidos durante o Semin\u00e1rio: O Legado da Rio 2016: Implica\u00e7\u00f5es na Mitiga\u00e7\u00e3o e Adapta\u00e7\u00e3o \u00e0s Mudan\u00e7as do Clima. O evento ser\u00e1 realizado no audit\u00f3rio da Coppe no pr\u00f3ximo dia 22\/9, a partir as 14h30, e \u00e9 promovido pelo Instituto Virtual Internacional de Mudan\u00e7as Globais (IVIG\/COPPE) e a Diretoria de Extens\u00e3o da Faculdade de Arquitetura (FAU\/UFRJ).<\/p>\n<p>O debate vai reunir especialistas, como o diretor da Coppe, Luiz Pinguelli Rosa; o coordenador geral do IVIG, Marcos Freitas; a diretora Adjunta de Extens\u00e3o da FAU\/UFRJ, Sylvia Rola; os professores da Coppe, Em\u00edlio La Rovere e Rog\u00e9rio do Valle e Thereza Carvalho, da UFF; entre outros.<\/p>\n<p><strong><span style=\"color: #000000;\">Legado<\/span><\/strong><\/p>\n<p>Desde a confirma\u00e7\u00e3o da Cidade do Rio de Janeiro como sede dos Jogos Ol\u00edmpicos e Paral\u00edmpicos de 2016, diversos projetos e diferentes formas de interven\u00e7\u00f5es foram promovidas na cidade. De todo o or\u00e7amento destinado ao evento, a maior parte foi distribu\u00edda em projetos de mobilidade, infraestrutura, equipamentos esportivos e meio ambiente. Esse conjunto de mudan\u00e7as se transformou em fonte de press\u00e3o e, como legado, tem potencial de contribuir na mitiga\u00e7\u00e3o dos Gases de Efeito Estufa e na adapta\u00e7\u00e3o necess\u00e1ria \u00e0s consequ\u00eancias negativas das mudan\u00e7as do clima.<\/p>\n<p>O Semin\u00e1rio \u00e9 aberto ao p\u00fablico. Outras informa\u00e7\u00f5es: 21-3938-8259 \u2013 Neilton Fidelis \u2013 <span style=\"color: #0000ff;\">neilton@ivig.coppe.ufrj.br<\/span><\/p>\n<p><span style=\"color: #ff0000;\">Servi\u00e7o<\/span><\/p>\n<p>Data: 22 de Setembro de 2016<\/p>\n<p>Hor\u00e1rio: 14h30 \u00e0s 18h<\/p>\n<p>Local: Audit\u00f3rio do COPPE, Sala G-122, no Centro de Tecnologia &#8211; Av. Hor\u00e1cio Macedo, 2030 &#8211; 101 &#8211; Cidade Universit\u00e1ria, Rio de Janeiro \u2013 RJ<\/p>\n<p><span style=\"color: #993300;\"><strong>Programa\u00e7\u00e3o<\/strong><\/span><\/p>\n<p><strong>Abertura<\/strong><\/p>\n<p>14h \u00e0s 14:30h\u00a0 &#8211;<\/p>\n<p>Luiz Pinguelli Rosa &#8211; Diretor COPPE\/UFRJ<\/p>\n<p>Marcos Aur\u00e9lio Vasconcelos de Freitas &#8211; Coord. Geral IVIG\/PPE\/COPPE<\/p>\n<p>Sylvia Rola &#8211; Diretora Adj. de Extens\u00e3o &#8211; FAU\/UFRJ<\/p>\n<p>14:30 as 15:30h<\/p>\n<p>Rio 2016 &#8211; Neutraliza\u00e7\u00e3o de Carbono<\/p>\n<p>Emiss\u00f5es Vinculadas ao Evento e Pegada de Carbono<\/p>\n<p>Em\u00edlio Lebre La Rovere &#8211; PPE\/COPPE-UFRJ<\/p>\n<p>15:30 \u00e0s 16:30h<\/p>\n<p>Rio 2016 &#8211; Altera\u00e7\u00e3o e Ocupa\u00e7\u00e3o do Territ\u00f3rio Remo\u00e7\u00e3o de Vegeta\u00e7\u00e3o Reflorestamento e Replantio Deslocamento de Popula\u00e7\u00e3o<\/p>\n<p>Carlos Favoreto &#8211; ECP &#8211; Environmental Solutions<\/p>\n<p>Claudia Serpa &#8211; NAPP &#8211; N\u00facleo de Assessoria, Planejamento e Pesquisa<\/p>\n<p>16:30h \u00e0s 18h<\/p>\n<p>Rio 2016 &#8211; A\u00e7\u00f5es de Mobilidade e Infraestrutura Urbana Ordenamento Vi\u00e1rio e Projetos de Mobilidade: VLT, BRT, Linha 4 do Metro, Ciclovia<\/p>\n<p>Desativa\u00e7\u00e3o e Convers\u00e3o de Equipamentos das instala\u00e7\u00f5es Ol\u00edmpicas<\/p>\n<p>Revitaliza\u00e7\u00e3o e Cria\u00e7\u00e3o de Espa\u00e7os P\u00fablicos de Conviv\u00eancia<\/p>\n<p>Esgotamento e Obras Contra Enchentes<\/p>\n<p>Rog\u00e9rio do Valle &#8211; SAGE\/COPPE\/UFRJ<\/p>\n<p>Thereza Christina Carvalho \u2013 RCORT\/PPGAU\/UFF<\/p>\n<p><strong>Encerramento<\/strong><\/p>\n<p>18h\u00a0 &#8211; Marcos Aur\u00e9lio Vasconcelos de Freitas \u2013 IVIG\/PPE\/COPPE<\/p>\n","protected":false},"excerpt":{"rendered":"<p>Rio 2016\u00a0 Evento vai reunir especialistas no pr\u00f3ximo dia 22 de setembro no Rio de Janeiro O legado dos Jogos Rio2016 nas \u00e1reas de mobilidade, infraestrutura urbana e no meio ambiente e sua contribui\u00e7\u00e3o na mitiga\u00e7\u00e3o de gases de efeito estufa ser\u00e3o debatidos durante o Semin\u00e1rio: O Legado da Rio 2016: Implica\u00e7\u00f5es na Mitiga\u00e7\u00e3o e [&hellip;]<\/p>\n","protected":false},"author":1,"featured_media":0,"comment_status":"open","ping_status":"open","sticky":false,"template":"","format":"standard","meta":{"_uag_custom_page_level_css":"","footnotes":""},"categories":[27],"tags":[3077,3482,6096,6119,9760],"class_list":["post-3380","post","type-post","status-publish","format-standard","hentry","category-acontece","tag-coppe-ufrrj","tag-desativacao-e-conversao-de-equipamentos-das-instalacoes-olimpicas","tag-infraestrutura","tag-infraestrutura-urbana-ordenamento-viario","tag-projetos-de-mobilidade"],"blocksy_meta":[],"spectra_blocks_featured_image_url":null,"spectra_blocks_author_info":{"display_name":"Jornal da Constru\u00e7\u00e3o Civil","avatar_url":"https:\/\/secure.gravatar.com\/avatar\/973c9774fd44ddaceb026973c4962faa70fc512bc4c9da68e8ebb40fecee6540?s=96&d=mm&r=g","author_link":"https:\/\/construcaocivil.siriusmarketingedesign.com.br\/?author=1","description":"Desde de 2013, levando muitas informa\u00e7\u00f5es, lan\u00e7amentos e produtos de qualidade para toda cadeia produtiva da constru\u00e7\u00e3o. O Futuro da constru\u00e7\u00e3o passa por aqui,"},"uagb_featured_image_src":{"full":false,"thumbnail":false,"medium":false,"medium_large":false,"large":false,"1536x1536":false,"2048x2048":false},"uagb_author_info":{"display_name":"Jornal da Constru\u00e7\u00e3o Civil","author_link":"https:\/\/construcaocivil.siriusmarketingedesign.com.br\/?author=1"},"uagb_comment_info":0,"uagb_excerpt":"Rio 2016\u00a0 Evento vai reunir especialistas no pr\u00f3ximo dia 22 de setembro no Rio de Janeiro O legado dos Jogos Rio2016 nas \u00e1reas de mobilidade, infraestrutura urbana e no meio ambiente e sua contribui\u00e7\u00e3o na mitiga\u00e7\u00e3o de gases de efeito estufa ser\u00e3o debatidos durante o Semin\u00e1rio: O Legado da Rio 2016: Implica\u00e7\u00f5es na Mitiga\u00e7\u00e3o e&hellip;","_links":{"self":[{"href":"https:\/\/construcaocivil.siriusmarketingedesign.com.br\/index.php?rest_route=\/wp\/v2\/posts\/3380","targetHints":{"allow":["GET"]}}],"collection":[{"href":"https:\/\/construcaocivil.siriusmarketingedesign.com.br\/index.php?rest_route=\/wp\/v2\/posts"}],"about":[{"href":"https:\/\/construcaocivil.siriusmarketingedesign.com.br\/index.php?rest_route=\/wp\/v2\/types\/post"}],"author":[{"embeddable":true,"href":"https:\/\/construcaocivil.siriusmarketingedesign.com.br\/index.php?rest_route=\/wp\/v2\/users\/1"}],"replies":[{"embeddable":true,"href":"https:\/\/construcaocivil.siriusmarketingedesign.com.br\/index.php?rest_route=%2Fwp%2Fv2%2Fcomments&post=3380"}],"version-history":[{"count":0,"href":"https:\/\/construcaocivil.siriusmarketingedesign.com.br\/index.php?rest_route=\/wp\/v2\/posts\/3380\/revisions"}],"wp:attachment":[{"href":"https:\/\/construcaocivil.siriusmarketingedesign.com.br\/index.php?rest_route=%2Fwp%2Fv2%2Fmedia&parent=3380"}],"wp:term":[{"taxonomy":"category","embeddable":true,"href":"https:\/\/construcaocivil.siriusmarketingedesign.com.br\/index.php?rest_route=%2Fwp%2Fv2%2Fcategories&post=3380"},{"taxonomy":"post_tag","embeddable":true,"href":"https:\/\/construcaocivil.siriusmarketingedesign.com.br\/index.php?rest_route=%2Fwp%2Fv2%2Ftags&post=3380"}],"curies":[{"name":"wp","href":"https:\/\/api.w.org\/{rel}","templated":true}]}}