{"id":3399,"date":"2016-09-16T23:20:13","date_gmt":"2016-09-16T23:20:13","guid":{"rendered":"http:\/\/www.jornaldaconstrucaocivil.com.br\/?p=3399"},"modified":"2016-09-16T23:20:13","modified_gmt":"2016-09-16T23:20:13","slug":"dia-de-responsa-movimenta-o-rio-de-janeiro-com-mensagens-em-prol-do-consumo-inteligente","status":"publish","type":"post","link":"https:\/\/construcaocivil.siriusmarketingedesign.com.br\/?p=3399","title":{"rendered":"Dia de Responsa movimenta o Rio de Janeiro com mensagens em prol do consumo inteligente"},"content":{"rendered":"<p><span style=\"color: #000080;\"><strong>Rota com a participa\u00e7\u00e3o de funcion\u00e1rios da Ambev teve in\u00edcio em bares tradicionais do Leblon nesta sexta-feira, 16<\/strong><\/span><\/p>\n<p style=\"text-align: justify;\"><span style=\"color: #000000;\">Tiveram in\u00edcio nesta sexta-feira, 16, as atividades do <span style=\"color: #0000ff;\">Dia de Responsa<\/span>. A iniciativa, promovida pela\u00a0 Ambev, tem o intuito de divulgar o consumo inteligente de bebidas alco\u00f3licas. Em sua s\u00e9tima edi\u00e7\u00e3o, o Dia de Responsa foi adotado pela Anheuser-Busch InBev (ABI), grupo do qual a Ambev faz parte, e \u00e9 comemorado em outros 24 pa\u00edses onde a empresa atua. S\u00f3 aqui no Brasil, a cervejaria mobilizou mais de 32 mil funcion\u00e1rios nas atividades propostas para celebrar a data. Considerando todas as opera\u00e7\u00f5es da ABI, mais de 155 mil pessoas est\u00e3o envolvidas em a\u00e7\u00f5es para disseminar mensagens importantes para comerciantes e consumidores.<\/span><\/p>\n<figure id=\"attachment_3401\" aria-describedby=\"caption-attachment-3401\" style=\"width: 292px\" class=\"wp-caption alignleft\"><a href=\"http:\/\/www.jornaldaconstrucaocivil.com.br\/wp-content\/uploads\/2016\/09\/Time-Ambev-com-Seu-Pires-do-Jobi.jpeg\"><img loading=\"lazy\" decoding=\"async\" class=\"wp-image-3401\" src=\"http:\/\/www.jornaldaconstrucaocivil.com.br\/wp-content\/uploads\/2016\/09\/Time-Ambev-com-Seu-Pires-do-Jobi-1024x768.jpeg\" alt=\"time-ambev-com-seu-pires-do-jobi\" width=\"292\" height=\"219\" \/><\/a><figcaption id=\"caption-attachment-3401\" class=\"wp-caption-text\"><span style=\"color: #993300;\">Time Ambev com seu Pires, do Bar Jobi. <\/span><\/figcaption><\/figure>\n<p><span style=\"color: #000000;\"><em>\u201cTrabalhamos com tr\u00eas mensagens de consumo respons\u00e1vel: n\u00e3o associar bebida e dire\u00e7\u00e3o, n\u00e3o consumir \u00e1lcool em excesso e, para os comerciantes, refor\u00e7amos que n\u00e3o vendam, nem sirvam ou estimulem o consumo de bebidas alco\u00f3licas por menores de 18 anos\u201d<\/em>, ressaltou Pedro Mariani, vice-presidente Jur\u00eddico e de Rela\u00e7\u00f5es Corporativas da Ambev. Acompanhado do diretor regional Rio da marca, Jo\u00e3o Dahne, e alguns funcion\u00e1rios da marca, Mariani comandou uma ronda que come\u00e7ou nas primeiras horas do dia por bares conhecidos do p\u00fablico no bairro do Leblon.<\/span><\/p>\n<p>&nbsp;<\/p>\n<p><span style=\"color: #000000;\">A <span style=\"color: #0000ff;\">rota do Dia de Responsa<\/span> passou pelos bares Cantinho do Leblon, Tio Sam, Belmonte, Chico &amp; Ala\u00edde, Jobi, Bracarense e Desacato, todos no bairro da zona sul carioca. A recep\u00e7\u00e3o nestes locais foi simp\u00e1tica e acolhedora. No Belmonte, Pedro Mariani e a equipe Ambev foram recebidos por Antonio Rodrigues, o homem que comanda a rede de bares carioca. J\u00e1 no Jobi, o papo descontra\u00eddo \u2013 e ao mesmo tempo respons\u00e1vel \u2013 foi com o lend\u00e1rio Seu Pires. No Chico &amp; Ala\u00edde, os donos que d\u00e3o nome ao charmoso bar do Leblon, fizeram festa para receber a equipe da Ambev.<\/span><\/p>\n<p><span style=\"color: #000000;\">Por onde passavam, os funcion\u00e1rios da Ambev ouviam boas hist\u00f3rias de balc\u00e3o e colavam os cartazes da campanha. No Bracarense, uma curiosidade: o cartaz foi fixado em cima das mensagens veiculadas nos anos anteriores. <em>\u201cSempre deixo a mensagem a\u00ed para os clientes, eu n\u00e3o tiro\u201d<\/em>, disse Rosa Tom\u00e9, dona do estabelecimento.<\/span><\/p>\n<figure id=\"attachment_3402\" aria-describedby=\"caption-attachment-3402\" style=\"width: 318px\" class=\"wp-caption alignright\"><a href=\"http:\/\/www.jornaldaconstrucaocivil.com.br\/wp-content\/uploads\/2016\/09\/Time-Ambev-posa-em-frente-ao-Museu-do-Amanh\u00e3.jpg\"><img loading=\"lazy\" decoding=\"async\" class=\"wp-image-3402\" src=\"http:\/\/www.jornaldaconstrucaocivil.com.br\/wp-content\/uploads\/2016\/09\/Time-Ambev-posa-em-frente-ao-Museu-do-Amanh\u00e3-1024x536.jpg\" alt=\"time-ambev-posa-em-frente-ao-museu-do-amanha\" width=\"318\" height=\"166\" \/><\/a><figcaption id=\"caption-attachment-3402\" class=\"wp-caption-text\"><span style=\"color: #993300;\">Time Ambev em frente ao Museu do Amanh\u00e3. <\/span><\/figcaption><\/figure>\n<p style=\"text-align: justify;\"><span style=\"color: #000000;\">No<\/span> <span style=\"color: #0000ff;\">Dia de Responsa<\/span>, <span style=\"color: #000000;\">os funcion\u00e1rios da companhia, incluindo o presidente da empresa e a diretoria, saem \u00e0s ruas para visitar bares, restaurantes, supermercados e distribuir materiais informativos \u00e0 popula\u00e7\u00e3o sobre a import\u00e2ncia do consumo moderado e os riscos do uso indevido de bebidas alco\u00f3licas. <em>\u201cO nosso grande desafio \u00e9 fortalecer no pa\u00eds a cultura da modera\u00e7\u00e3o. Na Ambev, temos um mantra que sempre repetimos e que vale refor\u00e7ar novamente: n\u00e3o nos interessa o lucro proveniente do consumo indevido de nossos produtos\u201d<\/em>, afirmou Bernardo Paiva, presidente da empresa. Al\u00e9m dos pr\u00f3prios colaboradores, uma ampla rede de parceiros da Ambev tamb\u00e9m \u00e9 acionada no Dia de Responsa. Participam dessa mobiliza\u00e7\u00e3o nacional artistas, atletas, personalidades da web, ONGs e associa\u00e7\u00f5es.<\/span><\/p>\n<p style=\"text-align: justify;\"><span style=\"color: #000000;\">No Estado do Rio de Janeiro, os 5.462 colaboradores da companhia est\u00e3o envolvidos na a\u00e7\u00e3o e mais de 63.500 pontos de vendas ser\u00e3o visitados durante o m\u00eas de setembro.<\/span><\/p>\n<p style=\"text-align: justify;\"><span style=\"color: #000000;\">O<\/span> <span style=\"color: #800000;\">Instituto Enraizados<\/span>, <span style=\"color: #000000;\">ONG parceira desta a\u00e7\u00e3o, promover\u00e1 no s\u00e1bado, 17, o 5\u00ba Festival Caleidosc\u00f3pio \u2013 Edi\u00e7\u00e3o Dia de Responsa, cujo o tema central \u00e9 a \u2018Qualidade de Vida\u2019. O evento tem in\u00edcio \u00e0s 10h, com diversas atividades na Pra\u00e7a do Morro Agudo, em Nova Igua\u00e7u. O p\u00fablico poder\u00e1 participar e acompanhar oficinas, desfiles de moda, batalhas de MCs e se informar sobre consumo inteligente. Mais de 100 artistas e 50 volunt\u00e1rios \u2013 participantes do curso pr\u00e1tico de produ\u00e7\u00e3o de eventos culturais, CPPEC, promovido pelo Instituto Enraizados \u2013 est\u00e3o envolvidos na a\u00e7\u00e3o, que levar\u00e1 12 horas de m\u00fasica, arte e ativismo, reunindo express\u00f5es art\u00edsticas variadas.<\/span><\/p>\n","protected":false},"excerpt":{"rendered":"<p>Rota com a participa\u00e7\u00e3o de funcion\u00e1rios da Ambev teve in\u00edcio em bares tradicionais do Leblon nesta sexta-feira, 16 Tiveram in\u00edcio nesta sexta-feira, 16, as atividades do Dia de Responsa. A iniciativa, promovida pela\u00a0 Ambev, tem o intuito de divulgar o consumo inteligente de bebidas alco\u00f3licas. Em sua s\u00e9tima edi\u00e7\u00e3o, o Dia de Responsa foi adotado [&hellip;]<\/p>\n","protected":false},"author":1,"featured_media":3402,"comment_status":"open","ping_status":"open","sticky":false,"template":"","format":"standard","meta":{"_uag_custom_page_level_css":"","footnotes":""},"categories":[27],"tags":[219,655,1337,1521,1817,2208,3605,6227,6525,10375,11796],"class_list":["post-3399","post","type-post","status-publish","format-standard","has-post-thumbnail","hentry","category-acontece","tag-5o-festival-caleidoscopio","tag-ambev","tag-belmonte","tag-bracarense-e-desacato","tag-cantinho-do-leblon","tag-chico-alaide","tag-dia-de-responsa","tag-instituto-enraizados","tag-jobi","tag-rio-de-janeiro","tag-tio-sam"],"blocksy_meta":[],"spectra_blocks_featured_image_url":[],"spectra_blocks_author_info":{"display_name":"Jornal da Constru\u00e7\u00e3o Civil","avatar_url":"https:\/\/secure.gravatar.com\/avatar\/973c9774fd44ddaceb026973c4962faa70fc512bc4c9da68e8ebb40fecee6540?s=96&d=mm&r=g","author_link":"https:\/\/construcaocivil.siriusmarketingedesign.com.br\/?author=1","description":"Desde de 2013, levando muitas informa\u00e7\u00f5es, lan\u00e7amentos e produtos de qualidade para toda cadeia produtiva da constru\u00e7\u00e3o. O Futuro da constru\u00e7\u00e3o passa por aqui,"},"uagb_featured_image_src":{"full":false,"thumbnail":false,"medium":false,"medium_large":false,"large":false,"1536x1536":false,"2048x2048":false},"uagb_author_info":{"display_name":"Jornal da Constru\u00e7\u00e3o Civil","author_link":"https:\/\/construcaocivil.siriusmarketingedesign.com.br\/?author=1"},"uagb_comment_info":0,"uagb_excerpt":"Rota com a participa\u00e7\u00e3o de funcion\u00e1rios da Ambev teve in\u00edcio em bares tradicionais do Leblon nesta sexta-feira, 16 Tiveram in\u00edcio nesta sexta-feira, 16, as atividades do Dia de Responsa. A iniciativa, promovida pela\u00a0 Ambev, tem o intuito de divulgar o consumo inteligente de bebidas alco\u00f3licas. Em sua s\u00e9tima edi\u00e7\u00e3o, o Dia de Responsa foi adotado&hellip;","_links":{"self":[{"href":"https:\/\/construcaocivil.siriusmarketingedesign.com.br\/index.php?rest_route=\/wp\/v2\/posts\/3399","targetHints":{"allow":["GET"]}}],"collection":[{"href":"https:\/\/construcaocivil.siriusmarketingedesign.com.br\/index.php?rest_route=\/wp\/v2\/posts"}],"about":[{"href":"https:\/\/construcaocivil.siriusmarketingedesign.com.br\/index.php?rest_route=\/wp\/v2\/types\/post"}],"author":[{"embeddable":true,"href":"https:\/\/construcaocivil.siriusmarketingedesign.com.br\/index.php?rest_route=\/wp\/v2\/users\/1"}],"replies":[{"embeddable":true,"href":"https:\/\/construcaocivil.siriusmarketingedesign.com.br\/index.php?rest_route=%2Fwp%2Fv2%2Fcomments&post=3399"}],"version-history":[{"count":0,"href":"https:\/\/construcaocivil.siriusmarketingedesign.com.br\/index.php?rest_route=\/wp\/v2\/posts\/3399\/revisions"}],"wp:attachment":[{"href":"https:\/\/construcaocivil.siriusmarketingedesign.com.br\/index.php?rest_route=%2Fwp%2Fv2%2Fmedia&parent=3399"}],"wp:term":[{"taxonomy":"category","embeddable":true,"href":"https:\/\/construcaocivil.siriusmarketingedesign.com.br\/index.php?rest_route=%2Fwp%2Fv2%2Fcategories&post=3399"},{"taxonomy":"post_tag","embeddable":true,"href":"https:\/\/construcaocivil.siriusmarketingedesign.com.br\/index.php?rest_route=%2Fwp%2Fv2%2Ftags&post=3399"}],"curies":[{"name":"wp","href":"https:\/\/api.w.org\/{rel}","templated":true}]}}