{"id":3424,"date":"2016-09-19T22:48:13","date_gmt":"2016-09-19T22:48:13","guid":{"rendered":"http:\/\/www.jornaldaconstrucaocivil.com.br\/?p=3424"},"modified":"2016-09-19T22:48:13","modified_gmt":"2016-09-19T22:48:13","slug":"construmetal-2016-traz-ao-brasil-grandes-nomes-da-construcao-metalica","status":"publish","type":"post","link":"https:\/\/construcaocivil.siriusmarketingedesign.com.br\/?p=3424","title":{"rendered":"CONSTRUMETAL 2016 traz ao Brasil grandes nomes da constru\u00e7\u00e3o met\u00e1lica"},"content":{"rendered":"<p><span style=\"color: #ff0000;\">\u00a0Economia<\/span><\/p>\n<p style=\"text-align: justify;\"><span style=\"color: #000000;\"><span style=\"color: #993300;\">Setembro, 21, 2016 &#8211;<\/span> Come\u00e7a amanh\u00e3, ter\u00e7a-feira (20), a 7\u00aa edi\u00e7\u00e3o do CONSTRUMETAL \u2013 Congresso Latino-Americano da Constru\u00e7\u00e3o Met\u00e1lica. O Congresso acontece de ter\u00e7a-feira \u00e0 quinta-feira, dia 22, e conta com importantes refer\u00eancias nacionais e internacionais do setor, como <strong>Joseph G. Burns<\/strong>, <strong>Sherwin Williams<\/strong> e <strong>Helmut Schulitz<\/strong>. Al\u00e9m disso, uma programa\u00e7\u00e3o simult\u00e2nea contemplar\u00e1 assuntos tecnocient\u00edficos, premia\u00e7\u00f5es, cursos e uma \u00e1rea de exposi\u00e7\u00e3o. O Congresso \u00e9 organizado pela ABCEM &#8211; Associa\u00e7\u00e3o Brasileira da Constru\u00e7\u00e3o Met\u00e1lica.<\/span><\/p>\n<p style=\"text-align: justify;\"><span style=\"color: #000000;\">Programa\u00e7\u00e3o completa:<\/span><span style=\"color: #0000ff;\">\u00a0<a style=\"color: #0000ff;\" href=\"http:\/\/www.abcem.org.br\/construmetal\/programacao.php\">www.abcem.org.br\/construmetal\/programacao.php<\/a><\/span><\/p>\n<p style=\"text-align: justify;\"><strong><span style=\"color: #000000;\"><u>Inscri\u00e7\u00f5es<\/u><\/span><\/strong><\/p>\n<p style=\"text-align: justify;\"><span style=\"color: #000000;\">A visita\u00e7\u00e3o da \u00e1rea de exposi\u00e7\u00e3o do CONSTRUMETAL \u00e9 <strong><u>gratuita<\/u><\/strong>. As inscri\u00e7\u00f5es devem ser feitas at\u00e9 15 de setembro \u00e0s 17h.<\/span><\/p>\n<p style=\"text-align: justify;\"><span style=\"color: #000000;\">Para ter acesso as palestras e apresenta\u00e7\u00f5es, as inscri\u00e7\u00f5es custam R$ 200,00 (inteira) e R$ 100,00 (estudantes), e devem ser feitas at\u00e9 segunda-feira (12), \u00e0s 17h.<\/span><\/p>\n<p style=\"text-align: justify;\"><span style=\"color: #000000;\">Para o curso: \u2018Pontes Rodovi\u00e1rias Mistas A\u00e7o-Concreto de Acordo com Normas Brasileiras\u2019, associados pagam R$ 800,00 e n\u00e3o associados R$ 960,00. As inscri\u00e7\u00f5es podem ser feitas at\u00e9 12 de setembro, se houver disponibilidade de vagas.<\/span><\/p>\n<p style=\"text-align: justify;\"><strong><u>Servi\u00e7o: CONSTRUMETAL 2016<\/u><\/strong><\/p>\n<p style=\"text-align: justify;\"><span style=\"color: #000000;\">Congresso Latino-Americano de Constru\u00e7\u00e3o Met\u00e1lica<\/span><\/p>\n<p style=\"text-align: justify;\"><span style=\"color: #000000;\">Quando: 20, 21 e 22 de setembro<\/span><\/p>\n<p style=\"text-align: justify;\"><span style=\"color: #000000;\">Onde: Centro de Conven\u00e7\u00f5es Frei Caneca<\/span><\/p>\n<p style=\"text-align: justify;\"><span style=\"color: #000000;\">Endere\u00e7o: Rua Frei Caneca, 569, Consola\u00e7\u00e3o \u2013 S\u00e3o Paulo<\/span><\/p>\n<p style=\"text-align: justify;\"><span style=\"color: #000000;\">Visita\u00e7\u00e3o \u00e0 exposi\u00e7\u00e3o: Gratuito<\/span><\/p>\n<p style=\"text-align: justify;\"><span style=\"color: #000000;\">Inscri\u00e7\u00f5es:<span style=\"color: #0000ff;\"> <a style=\"color: #0000ff;\" href=\"http:\/\/www.abcem.org.br\/construmetal\">www.abcem.org.br\/construmetal<\/a>\u00a0<\/span><\/span><\/p>\n<p style=\"text-align: justify;\">Sobre a ABCEM<\/p>\n<p style=\"text-align: justify;\">A Associa\u00e7\u00e3o Brasileira da Constru\u00e7\u00e3o Met\u00e1lica (ABCEM) \u00e9 uma sociedade civil sem fins lucrativos que foi fundada em 10 de setembro de 1974, e congrega nacionalmente os fabricantes de estruturas e de coberturas met\u00e1licas de a\u00e7o, as empresas de galvaniza\u00e7\u00e3o a fogo, e escrit\u00f3rios de arquitetura e projeto de engenharia. Entre os patronos da Associa\u00e7\u00e3o est\u00e3o as principais usinas sider\u00fargicas e fornecedores de parafusos e fixadores, de softwares, de m\u00e1quinas e equipamentos.<\/p>\n","protected":false},"excerpt":{"rendered":"<p>\u00a0Economia Setembro, 21, 2016 &#8211; Come\u00e7a amanh\u00e3, ter\u00e7a-feira (20), a 7\u00aa edi\u00e7\u00e3o do CONSTRUMETAL \u2013 Congresso Latino-Americano da Constru\u00e7\u00e3o Met\u00e1lica. O Congresso acontece de ter\u00e7a-feira \u00e0 quinta-feira, dia 22, e conta com importantes refer\u00eancias nacionais e internacionais do setor, como Joseph G. Burns, Sherwin Williams e Helmut Schulitz. Al\u00e9m disso, uma programa\u00e7\u00e3o simult\u00e2nea contemplar\u00e1 assuntos [&hellip;]<\/p>\n","protected":false},"author":1,"featured_media":0,"comment_status":"open","ping_status":"open","sticky":false,"template":"","format":"standard","meta":{"_uag_custom_page_level_css":"","footnotes":""},"categories":[12591],"tags":[976,2090,2756,2927,7210,10679,11285],"class_list":["post-3424","post","type-post","status-publish","format-standard","hentry","category-produtos","tag-associacao-brasileira-da-construcao-metalica-abcem","tag-centro-de-convencoes-frei-caneca","tag-congresso-latino-americano-de-construcao-metalica","tag-construmetal-2016","tag-maquinas-e-equipamentos","tag-sao-paulo-sp","tag-softwares"],"blocksy_meta":[],"spectra_blocks_featured_image_url":null,"spectra_blocks_author_info":{"display_name":"Jornal da Constru\u00e7\u00e3o Civil","avatar_url":"https:\/\/secure.gravatar.com\/avatar\/973c9774fd44ddaceb026973c4962faa70fc512bc4c9da68e8ebb40fecee6540?s=96&d=mm&r=g","author_link":"https:\/\/construcaocivil.siriusmarketingedesign.com.br\/?author=1","description":"Desde de 2013, levando muitas informa\u00e7\u00f5es, lan\u00e7amentos e produtos de qualidade para toda cadeia produtiva da constru\u00e7\u00e3o. O Futuro da constru\u00e7\u00e3o passa por aqui,"},"uagb_featured_image_src":{"full":false,"thumbnail":false,"medium":false,"medium_large":false,"large":false,"1536x1536":false,"2048x2048":false},"uagb_author_info":{"display_name":"Jornal da Constru\u00e7\u00e3o Civil","author_link":"https:\/\/construcaocivil.siriusmarketingedesign.com.br\/?author=1"},"uagb_comment_info":0,"uagb_excerpt":"\u00a0Economia Setembro, 21, 2016 &#8211; Come\u00e7a amanh\u00e3, ter\u00e7a-feira (20), a 7\u00aa edi\u00e7\u00e3o do CONSTRUMETAL \u2013 Congresso Latino-Americano da Constru\u00e7\u00e3o Met\u00e1lica. O Congresso acontece de ter\u00e7a-feira \u00e0 quinta-feira, dia 22, e conta com importantes refer\u00eancias nacionais e internacionais do setor, como Joseph G. Burns, Sherwin Williams e Helmut Schulitz. Al\u00e9m disso, uma programa\u00e7\u00e3o simult\u00e2nea contemplar\u00e1 assuntos&hellip;","_links":{"self":[{"href":"https:\/\/construcaocivil.siriusmarketingedesign.com.br\/index.php?rest_route=\/wp\/v2\/posts\/3424","targetHints":{"allow":["GET"]}}],"collection":[{"href":"https:\/\/construcaocivil.siriusmarketingedesign.com.br\/index.php?rest_route=\/wp\/v2\/posts"}],"about":[{"href":"https:\/\/construcaocivil.siriusmarketingedesign.com.br\/index.php?rest_route=\/wp\/v2\/types\/post"}],"author":[{"embeddable":true,"href":"https:\/\/construcaocivil.siriusmarketingedesign.com.br\/index.php?rest_route=\/wp\/v2\/users\/1"}],"replies":[{"embeddable":true,"href":"https:\/\/construcaocivil.siriusmarketingedesign.com.br\/index.php?rest_route=%2Fwp%2Fv2%2Fcomments&post=3424"}],"version-history":[{"count":0,"href":"https:\/\/construcaocivil.siriusmarketingedesign.com.br\/index.php?rest_route=\/wp\/v2\/posts\/3424\/revisions"}],"wp:attachment":[{"href":"https:\/\/construcaocivil.siriusmarketingedesign.com.br\/index.php?rest_route=%2Fwp%2Fv2%2Fmedia&parent=3424"}],"wp:term":[{"taxonomy":"category","embeddable":true,"href":"https:\/\/construcaocivil.siriusmarketingedesign.com.br\/index.php?rest_route=%2Fwp%2Fv2%2Fcategories&post=3424"},{"taxonomy":"post_tag","embeddable":true,"href":"https:\/\/construcaocivil.siriusmarketingedesign.com.br\/index.php?rest_route=%2Fwp%2Fv2%2Ftags&post=3424"}],"curies":[{"name":"wp","href":"https:\/\/api.w.org\/{rel}","templated":true}]}}