{"id":3438,"date":"2016-09-20T16:52:06","date_gmt":"2016-09-20T19:52:06","guid":{"rendered":"http:\/\/www.jornaldaconstrucaocivil.com.br\/?p=3438"},"modified":"2016-09-20T16:52:06","modified_gmt":"2016-09-20T19:52:06","slug":"conheca-as-tendencias-de-cores-para-2017","status":"publish","type":"post","link":"https:\/\/construcaocivil.siriusmarketingedesign.com.br\/?p=3438","title":{"rendered":"Conhe\u00e7a as tend\u00eancias de cores para 2017"},"content":{"rendered":"<p><span style=\"color: #993300;\">Acontece\u00a0<\/span><\/p>\n<p style=\"text-align: justify;\"><span style=\"color: #000000;\"><span style=\"color: #800080;\">Setembro, 2016<\/span> &#8211; A cor n\u00e3o \u00e9 visual, ela entra atrav\u00e9s dos nossos olhos e atinge uma pequena parte do nosso c\u00e9rebro que nos faz gostar ou n\u00e3o daquela cor ou ambiente. \u00c9 um elemento completamente sensorial. Refer\u00eancia na \u00e1rea, a presidente do Comit\u00ea Brasileiro de Cores (CBC), Elizabeth Wey, participa este ano da 10\u00aa edi\u00e7\u00e3o da Feitintas, realiada pelo Sitivesp. Realizada de 21 a 24 de setembro, com a exposi\u00e7\u00e3o<strong> <span style=\"color: #ff0000;\">Uma Viagem Pela Cor<\/span><\/strong>, para apresentar as inspira\u00e7\u00f5es e tend\u00eancias de cores para 2017.<\/span><\/p>\n<p><a href=\"http:\/\/www.jornaldaconstrucaocivil.com.br\/wp-content\/uploads\/2016\/09\/FEITINTAS.jpg\"><img loading=\"lazy\" decoding=\"async\" class=\"wp-image-3439 alignleft\" src=\"http:\/\/www.jornaldaconstrucaocivil.com.br\/wp-content\/uploads\/2016\/09\/FEITINTAS.jpg\" alt=\"feitintas\" width=\"355\" height=\"266\" \/><\/a><\/p>\n<p style=\"text-align: justify;\"><span style=\"color: #000000;\">O CBC tem como objetivo fundamental a pesquisa e aplica\u00e7\u00f5es de cores \u00e0 produ\u00e7\u00e3o industrial brasileira e \u00e9 composto por 30 especialistas que fazem um panorama nacional e internacional para chegar \u00e0s cores tend\u00eancias do momento, apresentadas atrav\u00e9s da Cartela de Cores CECAL. Para 2017, perfis de comportamento foram tra\u00e7ados para definir as tend\u00eancias de cores e o que a sociedade deseja nos dias atuais. S\u00e3o tr\u00eas grupos de pessoas:<\/span><\/p>\n<p style=\"text-align: justify;\"><span style=\"color: #000000;\"><strong>TRANSFORMA\u00c7\u00c3O<\/strong>: pessoas que sonham, possuem um mundo de fantasias muito desenvolvido. S\u00e3o pessoas rom\u00e2nticas, que vivem com seus pais por muito tempo e n\u00e3o querem deixar de estudar. O perfil de cores para este p\u00fablico \u00e9 caracterizado como cores l\u00edquidas, que variam entre o azul e o rosa, fluidas como a aquarela, dando um efeito sombr\u00e9.<\/span><\/p>\n<p style=\"text-align: justify;\"><span style=\"color: #000000;\"><strong>SOLARIZA\u00c7\u00c3O<\/strong>: s\u00e3o pessoas preocupadas com o meio ambiente, esportistas, que gostam de aventuras e se interessam por carros grandes e r\u00fasticos. A tend\u00eancia de cores para este p\u00fablico \u00e9 o laranja, amarelo, vermelho, cobre, tons de areia. Cores que tem a ver com essa naturaliza\u00e7\u00e3o.<\/span><\/p>\n<p style=\"text-align: justify;\"><span style=\"color: #000000;\"><strong>EXPANS\u00c3O<\/strong>: uma turma ligada a tecnologia, antenados na internet r\u00e1pida, na praticidade do dia a dia, no computador mais sofisticado; s\u00e3o pessoas intelectualizadas que n\u00e3o compram qualquer coisa e que preferem ter poucos itens, por\u00e9m de qualidade. Os tons desse grupo s\u00e3o prata, a\u00e7o, preto, sempre com toques de vermelho ou azul marinho.<\/span><\/p>\n<p style=\"text-align: justify;\"><span style=\"color: #000000;\">Essas tend\u00eancias ser\u00e3o apresentadas na Feitintas, atrav\u00e9s da aplica\u00e7\u00e3o em diferentes tipos de mat\u00e9ria prima, incluindo madeiras, a\u00e7o, metal e at\u00e9 mesmo tecidos e carros.<\/span><\/p>\n<p style=\"text-align: justify;\"><span style=\"color: #000000;\">Mais informa\u00e7\u00f5es:<\/span><\/p>\n<p style=\"text-align: justify;\"><strong><span style=\"color: #0000ff;\">www.feitintas.com.br<\/span><\/strong><\/p>\n<p style=\"text-align: justify;\"><strong><span style=\"color: #0000ff;\">www.feitintas.com.br\/16\/techshow<\/span><\/strong><\/p>\n<p style=\"text-align: justify;\"><strong><span style=\"color: #000080;\">10\u00aa FEITINTAS | Feira da Ind\u00fastria de Tintas, Vernizes e Produtos Correlatos<\/span><\/strong>, realizada pelo Sitivesp | Sindicato da Ind\u00fastria de Tintas e Vernizes do Estado de S\u00e3o Paulo.<\/p>\n<p style=\"text-align: justify;\">Evento Simult\u00e2neo:<span style=\"color: #000080;\"><strong> 11\u00aa FESQUA | Feira Internacional de Esquadrias, Ferragens e Componentes<\/strong><\/span><\/p>\n<p style=\"text-align: justify;\"><span style=\"color: #000000;\">Data: 21 a 24 de setembro de 2016, 4\u00aa a 6\u00aa das 14h \u00e0s 21h | S\u00e1bado 11h \u00e0s 19h<\/span><\/p>\n<p style=\"text-align: justify;\"><span style=\"color: #000000;\">Local: S\u00e3o Paulo Expo Exhibition &amp; Convention Center<\/span><\/p>\n<p style=\"text-align: justify;\"><span style=\"color: #000000;\">Endere\u00e7o: Rodovia dos Imigrantes, Km 1,5 \u2013 S\u00e3o Paulo \u2013 SP \u2013 Brasil<\/span><\/p>\n<p style=\"text-align: justify;\"><span style=\"color: #000000;\">Transporte gratuito: Rua Nelson Fernandes, 450 \u2013 Acesso pelo Terminal Rodovi\u00e1rio Jabaquara<\/span><\/p>\n<p style=\"text-align: justify;\"><span style=\"color: #993300;\">* Evento gratuito.<\/span><\/p>\n","protected":false},"excerpt":{"rendered":"<p>Acontece\u00a0 Setembro, 2016 &#8211; A cor n\u00e3o \u00e9 visual, ela entra atrav\u00e9s dos nossos olhos e atinge uma pequena parte do nosso c\u00e9rebro que nos faz gostar ou n\u00e3o daquela cor ou ambiente. \u00c9 um elemento completamente sensorial. Refer\u00eancia na \u00e1rea, a presidente do Comit\u00ea Brasileiro de Cores (CBC), Elizabeth Wey, participa este ano da [&hellip;]<\/p>\n","protected":false},"author":1,"featured_media":3439,"comment_status":"open","ping_status":"open","sticky":false,"template":"","format":"standard","meta":{"_uag_custom_page_level_css":"","footnotes":""},"categories":[27],"tags":[1899,2554,2826,4084,4552,4952,4971,4987,6016,10679,11770,12358],"class_list":["post-3438","post","type-post","status-publish","format-standard","has-post-thumbnail","hentry","category-acontece","tag-casa","tag-componentes","tag-construcao-civil","tag-elizabeth-wey","tag-esquadrias","tag-feitintas-2016","tag-ferragens","tag-fesqua-2016","tag-industria","tag-sao-paulo-sp","tag-tintas","tag-vernizes"],"blocksy_meta":[],"spectra_blocks_featured_image_url":[],"spectra_blocks_author_info":{"display_name":"Jornal da Constru\u00e7\u00e3o Civil","avatar_url":"https:\/\/secure.gravatar.com\/avatar\/973c9774fd44ddaceb026973c4962faa70fc512bc4c9da68e8ebb40fecee6540?s=96&d=mm&r=g","author_link":"https:\/\/construcaocivil.siriusmarketingedesign.com.br\/?author=1","description":"Desde de 2013, levando muitas informa\u00e7\u00f5es, lan\u00e7amentos e produtos de qualidade para toda cadeia produtiva da constru\u00e7\u00e3o. O Futuro da constru\u00e7\u00e3o passa por aqui,"},"uagb_featured_image_src":{"full":false,"thumbnail":false,"medium":false,"medium_large":false,"large":false,"1536x1536":false,"2048x2048":false},"uagb_author_info":{"display_name":"Jornal da Constru\u00e7\u00e3o Civil","author_link":"https:\/\/construcaocivil.siriusmarketingedesign.com.br\/?author=1"},"uagb_comment_info":0,"uagb_excerpt":"Acontece\u00a0 Setembro, 2016 &#8211; A cor n\u00e3o \u00e9 visual, ela entra atrav\u00e9s dos nossos olhos e atinge uma pequena parte do nosso c\u00e9rebro que nos faz gostar ou n\u00e3o daquela cor ou ambiente. \u00c9 um elemento completamente sensorial. Refer\u00eancia na \u00e1rea, a presidente do Comit\u00ea Brasileiro de Cores (CBC), Elizabeth Wey, participa este ano da&hellip;","_links":{"self":[{"href":"https:\/\/construcaocivil.siriusmarketingedesign.com.br\/index.php?rest_route=\/wp\/v2\/posts\/3438","targetHints":{"allow":["GET"]}}],"collection":[{"href":"https:\/\/construcaocivil.siriusmarketingedesign.com.br\/index.php?rest_route=\/wp\/v2\/posts"}],"about":[{"href":"https:\/\/construcaocivil.siriusmarketingedesign.com.br\/index.php?rest_route=\/wp\/v2\/types\/post"}],"author":[{"embeddable":true,"href":"https:\/\/construcaocivil.siriusmarketingedesign.com.br\/index.php?rest_route=\/wp\/v2\/users\/1"}],"replies":[{"embeddable":true,"href":"https:\/\/construcaocivil.siriusmarketingedesign.com.br\/index.php?rest_route=%2Fwp%2Fv2%2Fcomments&post=3438"}],"version-history":[{"count":0,"href":"https:\/\/construcaocivil.siriusmarketingedesign.com.br\/index.php?rest_route=\/wp\/v2\/posts\/3438\/revisions"}],"wp:attachment":[{"href":"https:\/\/construcaocivil.siriusmarketingedesign.com.br\/index.php?rest_route=%2Fwp%2Fv2%2Fmedia&parent=3438"}],"wp:term":[{"taxonomy":"category","embeddable":true,"href":"https:\/\/construcaocivil.siriusmarketingedesign.com.br\/index.php?rest_route=%2Fwp%2Fv2%2Fcategories&post=3438"},{"taxonomy":"post_tag","embeddable":true,"href":"https:\/\/construcaocivil.siriusmarketingedesign.com.br\/index.php?rest_route=%2Fwp%2Fv2%2Ftags&post=3438"}],"curies":[{"name":"wp","href":"https:\/\/api.w.org\/{rel}","templated":true}]}}