{"id":3441,"date":"2016-09-20T17:03:54","date_gmt":"2016-09-20T20:03:54","guid":{"rendered":"http:\/\/www.jornaldaconstrucaocivil.com.br\/?p=3441"},"modified":"2016-09-20T17:03:54","modified_gmt":"2016-09-20T20:03:54","slug":"espacos-versateis-e-sustentaveis-nas-olimpiadas","status":"publish","type":"post","link":"https:\/\/construcaocivil.siriusmarketingedesign.com.br\/?p=3441","title":{"rendered":"Espa\u00e7os vers\u00e1teis e sustent\u00e1veis nas Olimp\u00edadas"},"content":{"rendered":"<p style=\"text-align: justify;\"><span style=\"color: #ff0000;\">Mercado<\/span><\/p>\n<p style=\"text-align: justify;\"><span style=\"color: #000000;\"><span style=\"color: #993300;\">Setembro, 2016<\/span> &#8211; Durante as Olimp\u00edadas e Paralimp\u00edadas, espa\u00e7os modulares feitos com containers mar\u00edtimos transformados e customizados e m\u00f3dulos habit\u00e1veis ocuparam as ruas do Rio de Janeiro. Espa\u00e7os para eventos, lounges, bares, camarins, banheiros confort\u00e1veis, containers refrigerados para armazenar alimentos perec\u00edveis, bilheterias e at\u00e9 quartos com su\u00edtes. Uma diversidade enorme de espa\u00e7os tempor\u00e1rios foram instalados por meio da loca\u00e7\u00e3o de unidades modulares com isolamento termoac\u00fastico.<\/span><\/p>\n<p style=\"text-align: justify;\"><a href=\"http:\/\/www.jornaldaconstrucaocivil.com.br\/wp-content\/uploads\/2016\/09\/NHJ-I.jpg\"><img loading=\"lazy\" decoding=\"async\" class=\" wp-image-3442 alignleft\" src=\"http:\/\/www.jornaldaconstrucaocivil.com.br\/wp-content\/uploads\/2016\/09\/NHJ-I-1024x768.jpg\" alt=\"nhj-i\" width=\"328\" height=\"246\" \/><\/a><\/p>\n<p style=\"text-align: justify;\"><span style=\"color: #000000;\">A NHJ do Brasil, por exemplo, esteve com equipamentos locados em todos os locais de provas paral\u00edmpicas. A empresa foi a respons\u00e1vel, por exemplo, por um m\u00f3dulo de dois andares na Marina da Gl\u00f3ria, que abriga suporte administrativo e de TI e tamb\u00e9m cabine para comentaristas esportivos. Havia ainda m\u00f3dulos da empresa funcionando como posto m\u00e9dico, sanit\u00e1rio, vesti\u00e1rio, etc.<\/span><\/p>\n<p style=\"text-align: justify;\"><span style=\"color: #000000;\">Tanto containers quanto m\u00f3dulos habitacionais normalmente possuem 6 metros de comprimento, 2.40 de largura e 2.89 de altura. Os m\u00f3dulos, por\u00e9m, s\u00e3o montados como lego, podendo ser ampliados com acoplamento e empilhamento. Existem estruturas de at\u00e9 tr\u00eas andares. Um exemplo foi o espa\u00e7o montado pela Liesa para o Carnaval do Rio de Janeiro, na Sapuca\u00ed, que ocupou 4 mil metros quadrados com 300 m\u00f3dulos.<\/span><\/p>\n<p style=\"text-align: justify;\"><a href=\"http:\/\/www.jornaldaconstrucaocivil.com.br\/wp-content\/uploads\/2016\/09\/NHJ-LL.jpg\"><img loading=\"lazy\" decoding=\"async\" class=\"wp-image-3443 alignright\" src=\"http:\/\/www.jornaldaconstrucaocivil.com.br\/wp-content\/uploads\/2016\/09\/NHJ-LL-1024x768.jpg\" alt=\"nhj-ll\" width=\"320\" height=\"240\" \/><\/a><\/p>\n<p style=\"text-align: justify;\"><span style=\"color: #000000;\">De acordo com o diretor administrativo da NHJ do Brasil, Luis Carvalho, as empresas alugam os m\u00f3dulos na cor branca das chapas de a\u00e7o e algumas revestem as paredes. &#8220;\u00c9 poss\u00edvel adesivar e transformar os m\u00f3dulos em espa\u00e7os alternativos muito bonitos&#8221;, destaca.<\/span><\/p>\n<p style=\"text-align: justify;\"><span style=\"color: #000000;\">Al\u00e9m da rapidez de montagem e flexibilidade para aumentar ou diminuir, os espa\u00e7os modulares podem ser instalados sem qualquer tipo de licen\u00e7a pr\u00e9via de constru\u00e7\u00e3o, o que atrai ainda mais empresas que possuem pouco tempo para desenvolver locais tempor\u00e1rios.<\/span><\/p>\n<p style=\"text-align: justify;\"><span style=\"color: #000000;\">Outro ponto importante que tem aumentado a valoriza\u00e7\u00e3o dos m\u00f3dulos e containers como alternativa para a cria\u00e7\u00e3o de espa\u00e7os \u00e9 a sustentabilidade. A tecnologia modular \u00e9 um tipo de constru\u00e7\u00e3o seca, que gera pouco res\u00edduo e na qual h\u00e1 pouca utiliza\u00e7\u00e3o de madeira. A maior parte da estrutura \u00e9 feita de a\u00e7o.<\/span><\/p>\n<p style=\"text-align: justify;\"><span style=\"color: #000000;\">Mais informa\u00e7\u00f5es sobre a NHJ do Brasil no site<span style=\"color: #0000ff;\"> www.nhjdobrasil.com.br.<\/span><\/span><\/p>\n","protected":false},"excerpt":{"rendered":"<p>Mercado Setembro, 2016 &#8211; Durante as Olimp\u00edadas e Paralimp\u00edadas, espa\u00e7os modulares feitos com containers mar\u00edtimos transformados e customizados e m\u00f3dulos habit\u00e1veis ocuparam as ruas do Rio de Janeiro. Espa\u00e7os para eventos, lounges, bares, camarins, banheiros confort\u00e1veis, containers refrigerados para armazenar alimentos perec\u00edveis, bilheterias e at\u00e9 quartos com su\u00edtes. Uma diversidade enorme de espa\u00e7os tempor\u00e1rios foram [&hellip;]<\/p>\n","protected":false},"author":1,"featured_media":3442,"comment_status":"open","ping_status":"open","sticky":false,"template":"","format":"standard","meta":{"_uag_custom_page_level_css":"","footnotes":""},"categories":[31],"tags":[1281,2190,2888,2893,3016,7812,8118],"class_list":["post-3441","post","type-post","status-publish","format-standard","has-post-thumbnail","hentry","category-infraestrutura","tag-banheiros-confortaveis","tag-chapas-de-aco","tag-construcao-em-aco","tag-construcao-metalica","tag-containers-refrigerados","tag-modulos-e-containers","tag-nhj-do-brasil"],"blocksy_meta":[],"spectra_blocks_featured_image_url":[],"spectra_blocks_author_info":{"display_name":"Jornal da Constru\u00e7\u00e3o Civil","avatar_url":"https:\/\/secure.gravatar.com\/avatar\/973c9774fd44ddaceb026973c4962faa70fc512bc4c9da68e8ebb40fecee6540?s=96&d=mm&r=g","author_link":"https:\/\/construcaocivil.siriusmarketingedesign.com.br\/?author=1","description":"Desde de 2013, levando muitas informa\u00e7\u00f5es, lan\u00e7amentos e produtos de qualidade para toda cadeia produtiva da constru\u00e7\u00e3o. O Futuro da constru\u00e7\u00e3o passa por aqui,"},"uagb_featured_image_src":{"full":false,"thumbnail":false,"medium":false,"medium_large":false,"large":false,"1536x1536":false,"2048x2048":false},"uagb_author_info":{"display_name":"Jornal da Constru\u00e7\u00e3o Civil","author_link":"https:\/\/construcaocivil.siriusmarketingedesign.com.br\/?author=1"},"uagb_comment_info":0,"uagb_excerpt":"Mercado Setembro, 2016 &#8211; Durante as Olimp\u00edadas e Paralimp\u00edadas, espa\u00e7os modulares feitos com containers mar\u00edtimos transformados e customizados e m\u00f3dulos habit\u00e1veis ocuparam as ruas do Rio de Janeiro. Espa\u00e7os para eventos, lounges, bares, camarins, banheiros confort\u00e1veis, containers refrigerados para armazenar alimentos perec\u00edveis, bilheterias e at\u00e9 quartos com su\u00edtes. Uma diversidade enorme de espa\u00e7os tempor\u00e1rios foram&hellip;","_links":{"self":[{"href":"https:\/\/construcaocivil.siriusmarketingedesign.com.br\/index.php?rest_route=\/wp\/v2\/posts\/3441","targetHints":{"allow":["GET"]}}],"collection":[{"href":"https:\/\/construcaocivil.siriusmarketingedesign.com.br\/index.php?rest_route=\/wp\/v2\/posts"}],"about":[{"href":"https:\/\/construcaocivil.siriusmarketingedesign.com.br\/index.php?rest_route=\/wp\/v2\/types\/post"}],"author":[{"embeddable":true,"href":"https:\/\/construcaocivil.siriusmarketingedesign.com.br\/index.php?rest_route=\/wp\/v2\/users\/1"}],"replies":[{"embeddable":true,"href":"https:\/\/construcaocivil.siriusmarketingedesign.com.br\/index.php?rest_route=%2Fwp%2Fv2%2Fcomments&post=3441"}],"version-history":[{"count":0,"href":"https:\/\/construcaocivil.siriusmarketingedesign.com.br\/index.php?rest_route=\/wp\/v2\/posts\/3441\/revisions"}],"wp:attachment":[{"href":"https:\/\/construcaocivil.siriusmarketingedesign.com.br\/index.php?rest_route=%2Fwp%2Fv2%2Fmedia&parent=3441"}],"wp:term":[{"taxonomy":"category","embeddable":true,"href":"https:\/\/construcaocivil.siriusmarketingedesign.com.br\/index.php?rest_route=%2Fwp%2Fv2%2Fcategories&post=3441"},{"taxonomy":"post_tag","embeddable":true,"href":"https:\/\/construcaocivil.siriusmarketingedesign.com.br\/index.php?rest_route=%2Fwp%2Fv2%2Ftags&post=3441"}],"curies":[{"name":"wp","href":"https:\/\/api.w.org\/{rel}","templated":true}]}}