{"id":3450,"date":"2016-09-20T17:44:36","date_gmt":"2016-09-20T20:44:36","guid":{"rendered":"http:\/\/www.jornaldaconstrucaocivil.com.br\/?p=3450"},"modified":"2016-09-20T17:44:36","modified_gmt":"2016-09-20T20:44:36","slug":"ha-recursos-para-investimentos-garante-ministerio-das-cidades","status":"publish","type":"post","link":"https:\/\/construcaocivil.siriusmarketingedesign.com.br\/?p=3450","title":{"rendered":"H\u00e1 recursos para investimentos, garante Minist\u00e9rio das Cidades"},"content":{"rendered":"<p style=\"text-align: justify;\"><span style=\"color: #993300;\">22\u00aa Semana de Tecnologia Metroferrovi\u00e1ria<\/span><\/p>\n<p style=\"text-align: justify;\"><span style=\"color: #000000;\"><span style=\"color: #0000ff;\">Setembro, 2016<\/span> &#8211; O secret\u00e1rio Nacional de Transporte e Mobilidade Urbana do Minist\u00e9rio das Cidades, Jos\u00e9 Roberto Generoso, anunciou(16\/09) durante a 22\u00aa Semana de Tecnologia Metroferrovi\u00e1ria que a ordem no Minist\u00e9rio \u00e9 destravar os projetos que est\u00e3o parados. Ele disse tamb\u00e9m que encontrou muita disposi\u00e7\u00e3o na Caixa Econ\u00f4mica Federal para destravar as PPPs. Sua preocupa\u00e7\u00e3o desde que assumiu o cargo h\u00e1 dois meses tem sido melhorar os processos de desapropria\u00e7\u00e3o, facilitar a licen\u00e7a ambiental e tirar as amarras do regime fundi\u00e1rio e tocar os projetos parados.<\/span><\/p>\n<p style=\"text-align: justify;\"><span style=\"color: #000000;\">Quanto \u00e0s fontes de recursos, Generoso assegurou que o or\u00e7amento para este ano \u00e9 de R$1 bilh\u00e3o, mas para os projetos novos h\u00e1 mais recursos oriundos do FGTS.<\/span><\/p>\n<p style=\"text-align: justify;\"><em><span style=\"color: #000000;\">\u201cJ\u00e1 disponibilizamos R$ 3 bilh\u00f5es para Minha Casa Minha Vida e vamos estender por mais quatro anos o programa de investimentos para mobilidade (PAC)&#8221;.<\/span><\/em><\/p>\n<p style=\"text-align: justify;\">O secret\u00e1rio anunciou tamb\u00e9m a reforma do Estatuto das Cidades, sem entrar em detalhes e prometeu destravar as obras do Metr\u00f4 de Belo Horizonte (MG), Curitiba (PR) e Fortaleza (CE). <em>\u201cRecursos n\u00e3o faltam, mas \u00e9 necess\u00e1rio ter mais qualidade nos projetos\u201d<\/em>, alertou. N\u00e3o se deve fazer um metr\u00f4 onde o estudo de demanda recomenda a implanta\u00e7\u00e3o de um BRT, exemplificou.<\/p>\n<p style=\"text-align: justify;\">Para falar sobre o papel da iniciativa privada na infraestrutura alguns dias ap\u00f3s o lan\u00e7amento do Programa de Concess\u00f5es e de venda de ativos do governo federal, Saulo Krichan\u00e3 Rodrigues, diretor Geral do Instituto Superior de Inova\u00e7\u00e3o e Tecnologia \u2013 Isitech afirmou que o an\u00fancio representa a retomada dos neg\u00f3cios que devem causar grande impacto mas que a preocupa\u00e7\u00e3o das empresas deve ser a vis\u00e3o do neg\u00f3cio, os efeitos microecon\u00f4micos e os prazos.<\/p>\n<p style=\"text-align: justify;\">Tha\u00eds Reys Grandizoli, assessora da Secretaria de Estado de Governo de S\u00e3o Paulo relatou o \u201ccase\u201d da concess\u00e3o das opera\u00e7\u00f5es da linha 4-Amarela do Metr\u00f4 pela ViaQuatro em que o governo paulista colaborou na compra dos trens. J\u00e1 a concess\u00e3o da Linha 6-Laranja (que neste momento h\u00e1 uma discuss\u00e3o sobre o atraso das obras) inclui tamb\u00e9m a constru\u00e7\u00e3o. Pelo contrato coube ao governo as desapropria\u00e7\u00f5es. Outro contrato ser\u00e1 a concess\u00e3o conjunta das linhas 5 e 17 na opera\u00e7\u00e3o. Segundo Tha\u00eds Grandizoli, o governo tem incentivado a\u00e7\u00f5es proativas dos concession\u00e1rios na busca de receitas acess\u00f3rias al\u00e9m da tarif\u00e1ria.<\/p>\n<p style=\"text-align: justify;\"><strong>22\u00aa\u00a0 Semana<\/strong> \u2013 Na sua 22\u00aa edi\u00e7\u00e3o, a <strong>Semana de Tecnologia Metroferrovi\u00e1ria<\/strong>, realizada pela Associa\u00e7\u00e3o dos Engenheiros e Arquitetos de Metr\u00f4 &#8211; AEAMESP acontece no per\u00edodo de 13 a 16 de setembro de 2016, no Centro de Conven\u00e7\u00f5es Frei Caneca, em S\u00e3o Paulo. Trata-se do mais importante Congresso T\u00e9cnico do setor de transporte metroferrovi\u00e1rio do Pa\u00eds. Durante quatro dias, t\u00e9cnicos das operadoras, dirigentes empresariais e profissionais do setor debater\u00e3o quest\u00f5es importantes relacionadas \u00e0 mobilidade urbana nas cidades e transporte sobre trilhos no Pa\u00eds.<\/p>\n<p style=\"text-align: justify;\">Sobre a <strong>METROFERR EXPO 2016<\/strong> \u2013 Realizada paralelamente ao Congresso, a METROFERR EXPO re\u00fane empresas fabricantes de equipamentos metroferrovi\u00e1rios, fornecedores de pe\u00e7as e servi\u00e7os, m\u00eddias especializadas, etc. que divulgam suas inova\u00e7\u00f5es oferecidas ao mercado.<\/p>\n<p style=\"text-align: justify;\">Fonte: Assessoria de Imprensa Metroferr Expo 2016<\/p>\n","protected":false},"excerpt":{"rendered":"<p>22\u00aa Semana de Tecnologia Metroferrovi\u00e1ria Setembro, 2016 &#8211; O secret\u00e1rio Nacional de Transporte e Mobilidade Urbana do Minist\u00e9rio das Cidades, Jos\u00e9 Roberto Generoso, anunciou(16\/09) durante a 22\u00aa Semana de Tecnologia Metroferrovi\u00e1ria que a ordem no Minist\u00e9rio \u00e9 destravar os projetos que est\u00e3o parados. Ele disse tamb\u00e9m que encontrou muita disposi\u00e7\u00e3o na Caixa Econ\u00f4mica Federal para [&hellip;]<\/p>\n","protected":false},"author":1,"featured_media":0,"comment_status":"open","ping_status":"open","sticky":false,"template":"","format":"standard","meta":{"_uag_custom_page_level_css":"","footnotes":""},"categories":[31],"tags":[5020,7630,7713,7773,9191,10668,10832,11893],"class_list":["post-3450","post","type-post","status-publish","format-standard","hentry","category-infraestrutura","tag-fgts","tag-metroferr-expo-2016","tag-ministerio-das-cidades","tag-mobilidade-urbana","tag-ppps","tag-sao-paulo","tag-semana-de-tecnologia-metroferroviaria","tag-transporte-metroferroviario"],"blocksy_meta":[],"spectra_blocks_featured_image_url":null,"spectra_blocks_author_info":{"display_name":"Jornal da Constru\u00e7\u00e3o Civil","avatar_url":"https:\/\/secure.gravatar.com\/avatar\/973c9774fd44ddaceb026973c4962faa70fc512bc4c9da68e8ebb40fecee6540?s=96&d=mm&r=g","author_link":"https:\/\/construcaocivil.siriusmarketingedesign.com.br\/?author=1","description":"Desde de 2013, levando muitas informa\u00e7\u00f5es, lan\u00e7amentos e produtos de qualidade para toda cadeia produtiva da constru\u00e7\u00e3o. O Futuro da constru\u00e7\u00e3o passa por aqui,"},"uagb_featured_image_src":{"full":false,"thumbnail":false,"medium":false,"medium_large":false,"large":false,"1536x1536":false,"2048x2048":false},"uagb_author_info":{"display_name":"Jornal da Constru\u00e7\u00e3o Civil","author_link":"https:\/\/construcaocivil.siriusmarketingedesign.com.br\/?author=1"},"uagb_comment_info":0,"uagb_excerpt":"22\u00aa Semana de Tecnologia Metroferrovi\u00e1ria Setembro, 2016 &#8211; O secret\u00e1rio Nacional de Transporte e Mobilidade Urbana do Minist\u00e9rio das Cidades, Jos\u00e9 Roberto Generoso, anunciou(16\/09) durante a 22\u00aa Semana de Tecnologia Metroferrovi\u00e1ria que a ordem no Minist\u00e9rio \u00e9 destravar os projetos que est\u00e3o parados. Ele disse tamb\u00e9m que encontrou muita disposi\u00e7\u00e3o na Caixa Econ\u00f4mica Federal para&hellip;","_links":{"self":[{"href":"https:\/\/construcaocivil.siriusmarketingedesign.com.br\/index.php?rest_route=\/wp\/v2\/posts\/3450","targetHints":{"allow":["GET"]}}],"collection":[{"href":"https:\/\/construcaocivil.siriusmarketingedesign.com.br\/index.php?rest_route=\/wp\/v2\/posts"}],"about":[{"href":"https:\/\/construcaocivil.siriusmarketingedesign.com.br\/index.php?rest_route=\/wp\/v2\/types\/post"}],"author":[{"embeddable":true,"href":"https:\/\/construcaocivil.siriusmarketingedesign.com.br\/index.php?rest_route=\/wp\/v2\/users\/1"}],"replies":[{"embeddable":true,"href":"https:\/\/construcaocivil.siriusmarketingedesign.com.br\/index.php?rest_route=%2Fwp%2Fv2%2Fcomments&post=3450"}],"version-history":[{"count":0,"href":"https:\/\/construcaocivil.siriusmarketingedesign.com.br\/index.php?rest_route=\/wp\/v2\/posts\/3450\/revisions"}],"wp:attachment":[{"href":"https:\/\/construcaocivil.siriusmarketingedesign.com.br\/index.php?rest_route=%2Fwp%2Fv2%2Fmedia&parent=3450"}],"wp:term":[{"taxonomy":"category","embeddable":true,"href":"https:\/\/construcaocivil.siriusmarketingedesign.com.br\/index.php?rest_route=%2Fwp%2Fv2%2Fcategories&post=3450"},{"taxonomy":"post_tag","embeddable":true,"href":"https:\/\/construcaocivil.siriusmarketingedesign.com.br\/index.php?rest_route=%2Fwp%2Fv2%2Ftags&post=3450"}],"curies":[{"name":"wp","href":"https:\/\/api.w.org\/{rel}","templated":true}]}}