{"id":3490,"date":"2016-09-22T17:43:04","date_gmt":"2016-09-22T20:43:04","guid":{"rendered":"http:\/\/www.jornaldaconstrucaocivil.com.br\/?p=3490"},"modified":"2016-09-22T17:43:04","modified_gmt":"2016-09-22T20:43:04","slug":"comercio-precisa-de-autorizacao-para-abrir-nos-feriados","status":"publish","type":"post","link":"https:\/\/construcaocivil.siriusmarketingedesign.com.br\/?p=3490","title":{"rendered":"Com\u00e9rcio precisa de autoriza\u00e7\u00e3o para abrir nos feriados"},"content":{"rendered":"<p style=\"text-align: justify;\"><strong><span style=\"color: #000080;\"><em>\u201c<\/em>A empresa que n\u00e3o cumprir a determina\u00e7\u00e3o est\u00e1 pass\u00edvel a multa a ser aplicada pelo Minist\u00e9rio do Trabalho\u201d.<\/span><\/strong><\/p>\n<p style=\"text-align: justify;\"><span style=\"color: #000000;\"><span style=\"color: #ff0000;\">Setembro, 2016<\/span> &#8211; O Sindicato dos Empregados no Com\u00e9rcio de Resende, Itatiaia e Porto Real alerta as empresas que quiserem abrir as portas nos feriados precisam assinar o Acordo de Jornada de Trabalho para funcionamento. Para isso, os estabelecimentos comerciais precisam firmar o Acordo com pelo menos cinco dias de anteced\u00eancia. A empresa que n\u00e3o cumprir a determina\u00e7\u00e3o est\u00e1 pass\u00edvel a multa a ser aplicada pelo Minist\u00e9rio do Trabalho.<\/span><\/p>\n<figure id=\"attachment_3492\" aria-describedby=\"caption-attachment-3492\" style=\"width: 290px\" class=\"wp-caption alignleft\"><a href=\"http:\/\/www.jornaldaconstrucaocivil.com.br\/wp-content\/uploads\/2016\/09\/Com\u00e9rcio-precisa-de-autoriza\u00e7\u00e3o.1.MARCO-AUR\u00c9LIO-3-OK.jpg\"><img loading=\"lazy\" decoding=\"async\" class=\"wp-image-3492\" src=\"http:\/\/www.jornaldaconstrucaocivil.com.br\/wp-content\/uploads\/2016\/09\/Com\u00e9rcio-precisa-de-autoriza\u00e7\u00e3o.1.MARCO-AUR\u00c9LIO-3-OK.jpg\" alt=\"comercio-precisa-de-autorizacao-1-marco-aurelio-3-ok\" width=\"290\" height=\"219\" \/><\/a><figcaption id=\"caption-attachment-3492\" class=\"wp-caption-text\"><span style=\"color: #800080;\">O sindicalista Marco Aur\u00e9lio explica que empresas que n\u00e3o firmarem Acordo de Jornada de Trabalho correm risco de multa. <span style=\"color: #003300;\">Cr\u00e9ditos: CAFF<\/span><\/span><\/figcaption><\/figure>\n<p style=\"text-align: justify;\"><span style=\"color: #000000;\">De acordo com o dirigente Sindical, Marco Aur\u00e9lio ribeiro, para abrir o estabelecimento comercial, o empres\u00e1rio deve comparecer na sede da entidade, localizada no Centro de Resende, e firmar o termo de ades\u00e3o do Acordo de Jornada de Trabalho. \u201cEste acordo d\u00e1 o direito ao trabalhador a ter a remunera\u00e7\u00e3o de 110% sobre as hortas trabalhadas no feriado. A empresa que quiser abrir tem que fazer o acordo, garantindo assim, contrapartidas para os funcion\u00e1rios que trabalharem no per\u00edodo\u201d, explicou Ribeiro. Ele destaca que o Acordo de Jornada de Trabalho foi estabelecido na Lei Federal 11.603\/2007 da Presid\u00eancia da Rep\u00fablica que determina que s\u00f3 \u00e9 permitido o trabalho no feriado se o empregador firmar o acordo com o Sindicato. \u201cA empresa que quiser funcionar nos feriados t\u00eam que fazer o Acordo com o Sindicato seguindo o que determina a Lei Federal e a Conven\u00e7\u00e3o Coletiva de Trabalho. A ades\u00e3o tem que ser feita pelo menos cinco dias antes do feriado. Caso contr\u00e1rio, o estabelecimento corre o risco de multa prevista na Consolida\u00e7\u00e3o de Leis Trabalhista (CLT)\u201d, ressalta.<\/span><\/p>\n<figure id=\"attachment_3493\" aria-describedby=\"caption-attachment-3493\" style=\"width: 386px\" class=\"wp-caption alignright\"><a href=\"http:\/\/www.jornaldaconstrucaocivil.com.br\/wp-content\/uploads\/2016\/09\/Com\u00e9rcio-precisa-de-autoriza\u00e7\u00e3o.2.COM\u00c9RCIO-2-OK.jpg\"><img loading=\"lazy\" decoding=\"async\" class=\"wp-image-3493\" src=\"http:\/\/www.jornaldaconstrucaocivil.com.br\/wp-content\/uploads\/2016\/09\/Com\u00e9rcio-precisa-de-autoriza\u00e7\u00e3o.2.COM\u00c9RCIO-2-OK-1024x679.jpg\" alt=\"comercio-precisa-de-autorizacao-2-comercio-2-ok\" width=\"386\" height=\"256\" \/><\/a><figcaption id=\"caption-attachment-3493\" class=\"wp-caption-text\"><span style=\"color: #800080;\">Comerciantes precisam firmar Acordo de Jornada de Trabalho com o Sindicato com anteced\u00eancia de cinco dias para abrir no feriado.<span style=\"color: #003300;\">Cr\u00e9ditos: CAFF<\/span><\/span><\/figcaption><\/figure>\n<p style=\"text-align: justify;\"><span style=\"color: #000000;\">Para garantir que os estabelecimentos comerciais est\u00e3o cumprindo a Lei Federal e respeitando os comerci\u00e1rios garantindo seus direitos, o Sindicato est\u00e1 fazendo uma fiscaliza\u00e7\u00e3o constante nos munic\u00edpios de Resende, Itatiaia e Porto Real, que formam a base territorial. \u201cEstamos intensificando esta fiscaliza\u00e7\u00e3o para verificar quais as empresas que est\u00e3o descumprindo a Lei Federal e abrindo as portas sem firmar o Acordo com o Sindicato\u201d, disse Marco Aur\u00e9lio, lembrando que o Sindicato vai acionar a Justi\u00e7a contra essas empresas. <em>\u201cVamos enviar ao Minist\u00e9rio do Trabalho a rela\u00e7\u00e3o dos estabelecimentos comerciais que trabalharam nos feriados sem assinar o Acordo de Jornada de Trabalho para que o mesmo fa\u00e7a a autua\u00e7\u00e3o da multa\u201d<\/em>, enfatizou,<\/span><\/p>\n<p style=\"text-align: justify;\"><span style=\"color: #000000;\">Ribeiro lembra ainda que o Sindicato segue o calend\u00e1rio de feriados nacional, estadual e municipal, de acordo com cada munic\u00edpio da base. <em>\u201cPor exemplo, em setembro temos dois feriados em Resende. Um que \u00e9 nacional do Dia da Independ\u00eancia, celebrado no dia 07 e o do dia 29, quando \u00e9 comemorado o anivers\u00e1rio de emancipa\u00e7\u00e3o pol\u00edtico-administrativa de Resende<\/em>\u201d, exemplifica o sindicalista.<\/span><\/p>\n","protected":false},"excerpt":{"rendered":"<p>\u201cA empresa que n\u00e3o cumprir a determina\u00e7\u00e3o est\u00e1 pass\u00edvel a multa a ser aplicada pelo Minist\u00e9rio do Trabalho\u201d. Setembro, 2016 &#8211; O Sindicato dos Empregados no Com\u00e9rcio de Resende, Itatiaia e Porto Real alerta as empresas que quiserem abrir as portas nos feriados precisam assinar o Acordo de Jornada de Trabalho para funcionamento. Para isso, [&hellip;]<\/p>\n","protected":false},"author":1,"featured_media":3493,"comment_status":"open","ping_status":"open","sticky":false,"template":"","format":"standard","meta":{"_uag_custom_page_level_css":"","footnotes":""},"categories":[27],"tags":[2355,3046,6436,6801,7720,10128,11125],"class_list":["post-3490","post","type-post","status-publish","format-standard","has-post-thumbnail","hentry","category-acontece","tag-clt","tag-convencao-coletiva-de-trabalho","tag-itatiaia-e-porto-real","tag-lei-federal","tag-ministerio-do-trabalho","tag-regiao-sul-fluminense","tag-sindicato-dos-empregados-no-comercio-de-resende"],"blocksy_meta":[],"spectra_blocks_featured_image_url":[],"spectra_blocks_author_info":{"display_name":"Jornal da Constru\u00e7\u00e3o Civil","avatar_url":"https:\/\/secure.gravatar.com\/avatar\/973c9774fd44ddaceb026973c4962faa70fc512bc4c9da68e8ebb40fecee6540?s=96&d=mm&r=g","author_link":"https:\/\/construcaocivil.siriusmarketingedesign.com.br\/?author=1","description":"Desde de 2013, levando muitas informa\u00e7\u00f5es, lan\u00e7amentos e produtos de qualidade para toda cadeia produtiva da constru\u00e7\u00e3o. O Futuro da constru\u00e7\u00e3o passa por aqui,"},"uagb_featured_image_src":{"full":false,"thumbnail":false,"medium":false,"medium_large":false,"large":false,"1536x1536":false,"2048x2048":false},"uagb_author_info":{"display_name":"Jornal da Constru\u00e7\u00e3o Civil","author_link":"https:\/\/construcaocivil.siriusmarketingedesign.com.br\/?author=1"},"uagb_comment_info":0,"uagb_excerpt":"\u201cA empresa que n\u00e3o cumprir a determina\u00e7\u00e3o est\u00e1 pass\u00edvel a multa a ser aplicada pelo Minist\u00e9rio do Trabalho\u201d. Setembro, 2016 &#8211; O Sindicato dos Empregados no Com\u00e9rcio de Resende, Itatiaia e Porto Real alerta as empresas que quiserem abrir as portas nos feriados precisam assinar o Acordo de Jornada de Trabalho para funcionamento. Para isso,&hellip;","_links":{"self":[{"href":"https:\/\/construcaocivil.siriusmarketingedesign.com.br\/index.php?rest_route=\/wp\/v2\/posts\/3490","targetHints":{"allow":["GET"]}}],"collection":[{"href":"https:\/\/construcaocivil.siriusmarketingedesign.com.br\/index.php?rest_route=\/wp\/v2\/posts"}],"about":[{"href":"https:\/\/construcaocivil.siriusmarketingedesign.com.br\/index.php?rest_route=\/wp\/v2\/types\/post"}],"author":[{"embeddable":true,"href":"https:\/\/construcaocivil.siriusmarketingedesign.com.br\/index.php?rest_route=\/wp\/v2\/users\/1"}],"replies":[{"embeddable":true,"href":"https:\/\/construcaocivil.siriusmarketingedesign.com.br\/index.php?rest_route=%2Fwp%2Fv2%2Fcomments&post=3490"}],"version-history":[{"count":0,"href":"https:\/\/construcaocivil.siriusmarketingedesign.com.br\/index.php?rest_route=\/wp\/v2\/posts\/3490\/revisions"}],"wp:attachment":[{"href":"https:\/\/construcaocivil.siriusmarketingedesign.com.br\/index.php?rest_route=%2Fwp%2Fv2%2Fmedia&parent=3490"}],"wp:term":[{"taxonomy":"category","embeddable":true,"href":"https:\/\/construcaocivil.siriusmarketingedesign.com.br\/index.php?rest_route=%2Fwp%2Fv2%2Fcategories&post=3490"},{"taxonomy":"post_tag","embeddable":true,"href":"https:\/\/construcaocivil.siriusmarketingedesign.com.br\/index.php?rest_route=%2Fwp%2Fv2%2Ftags&post=3490"}],"curies":[{"name":"wp","href":"https:\/\/api.w.org\/{rel}","templated":true}]}}