{"id":3523,"date":"2016-09-23T14:52:44","date_gmt":"2016-09-23T17:52:44","guid":{"rendered":"http:\/\/www.jornaldaconstrucaocivil.com.br\/?p=3523"},"modified":"2016-09-23T14:52:44","modified_gmt":"2016-09-23T17:52:44","slug":"divulgados-os-ganhadores-do-premio-abcem-no-construmetal-2016","status":"publish","type":"post","link":"https:\/\/construcaocivil.siriusmarketingedesign.com.br\/?p=3523","title":{"rendered":"Divulgados os ganhadores do Pr\u00eamio ABCEM no CONSTRUMETAL 2016"},"content":{"rendered":"<p style=\"text-align: justify;\"><span style=\"color: #993300;\">Aconteceu\u00a0<\/span><\/p>\n<p style=\"text-align: justify;\"><span style=\"color: #000000;\"><span style=\"color: #0000ff;\">Setembro, 2016 <\/span>&#8211; Com objetivo de promover e difundir o uso da constru\u00e7\u00e3o met\u00e1lica no Brasil foi criado o Pr\u00eamio ABCEM. A cada dois anos s\u00e3o premiadas as tr\u00eas principais obras de destaque e que contemplam elementos e componentes de a\u00e7o, incluindo as estruturas mistas a\u00e7o-concreto. Divididos em tr\u00eas categorias, os projetos contaram com a participa\u00e7\u00e3o de arquitetos, engenheiros, empresas construtoras e fabricantes de estruturas met\u00e1licas. Os ganhadores deste ano receberam R$10 mil, s\u00e3o eles:<\/span><\/p>\n<figure id=\"attachment_3524\" aria-describedby=\"caption-attachment-3524\" style=\"width: 363px\" class=\"wp-caption alignleft\"><a href=\"http:\/\/www.jornaldaconstrucaocivil.com.br\/wp-content\/uploads\/2016\/09\/Foto_JoaoJoseCarniel_DivulgacaoABCEM_1837BAIXA160920_123133.jpg\"><img loading=\"lazy\" decoding=\"async\" class=\"wp-image-3524\" src=\"http:\/\/www.jornaldaconstrucaocivil.com.br\/wp-content\/uploads\/2016\/09\/Foto_JoaoJoseCarniel_DivulgacaoABCEM_1837BAIXA160920_123133.jpg\" alt=\"foto_joaojosecarniel_divulgacaoabcem_1837baixa160920_123133\" width=\"363\" height=\"242\" \/><\/a><figcaption id=\"caption-attachment-3524\" class=\"wp-caption-text\"><span style=\"color: #993300;\">Vencedor da Categoria Edifica\u00e7\u00f5es: MDB ARQUITETURA com a obra PROJETO EDIF\u00cdCIO SEDE DO CREMEC Foto: Jo\u00e3o Jos\u00e9 Carnie<\/span><\/figcaption><\/figure>\n<p style=\"text-align: justify;\"><strong><span style=\"color: #000080;\">MEN\u00c7\u00c3O HONROSA NA CATEGORIA OBRAS DE PEQUENO PORTE:<\/span><\/strong><\/p>\n<p style=\"text-align: justify;\"><span style=\"color: #000000;\">S\u00c9RGIO SAMPAIO ARQUITETURA + PLANEJAMENTO, com a obra PROJETO CASA MARIA &amp; JOS\u00c9.<\/span><\/p>\n<p style=\"text-align: justify;\"><span style=\"color: #000000;\">VENCEDOR NA CATEGORIA OBRAS DE PEQUENO PORTE:<\/span><\/p>\n<p style=\"text-align: justify;\"><span style=\"color: #000000;\">NITSCHE ARQUITETOS ASSOCIADOS LTDA com a obra PROJETO RESID\u00caNCIA PIRACAIA.<\/span><\/p>\n<p style=\"text-align: justify;\"><strong><span style=\"color: #000080;\">MEN\u00c7\u00c3O HONROSA NA CATEGORIA OBRAS ESPECIAIS:<\/span><\/strong><\/p>\n<p style=\"text-align: justify;\"><span style=\"color: #000000;\">RAR ARQUITETURA com a obra PROJETO CONSTITUI\u00c7\u00c3O.<\/span><\/p>\n<p style=\"text-align: justify;\"><strong><span style=\"color: #000080;\">VENCEDOR NA CATEGORIA OBRAS ESPECIAIS:<\/span><\/strong><\/p>\n<p style=\"text-align: justify;\"><span style=\"color: #000000;\">URDI Arquitetura com a obra PROJETO COMPLEXO ESPORTIVO DO COL\u00c9GIO S\u00c3O LUIZ.<\/span><\/p>\n<p style=\"text-align: justify;\"><span style=\"color: #000000;\">MEN\u00c7\u00c3O HONROSA NA CATEGORIA EDIFICA\u00c7\u00d5ES:<\/span><\/p>\n<p style=\"text-align: justify;\"><span style=\"color: #000000;\">NPC GRUPO ARQUITETURA com a obra PROJETO ESCOLA SENAI S\u00c3O CAETANO.<\/span><\/p>\n<p style=\"text-align: justify;\"><span style=\"color: #000000;\">VENCEDOR DA CATEGORIA EDIFICA\u00c7\u00d5ES:<\/span><\/p>\n<p style=\"text-align: justify;\"><span style=\"color: #000000;\">MDB ARQUITETURA com a obra PROJETO EDIF\u00cdCIO SEDE DO CREMEC.<\/span><\/p>\n<p style=\"text-align: justify;\"><span style=\"color: #000000;\">Os projetos foram julgados por: Concep\u00e7\u00e3o; Aspecto estrutural; Inova\u00e7\u00e3o e Sustentabilidade; Est\u00e1tica e Adequa\u00e7\u00e3o ao ambiente; e Valoriza\u00e7\u00e3o da Utiliza\u00e7\u00e3o do a\u00e7o na obra. A comiss\u00e3o julgadora foi composta por representantes das associa\u00e7\u00f5es: ABECE &#8211; Associa\u00e7\u00e3o Brasileira de Engenharia e Consultoria Estrutural; ASBEA &#8211; Associa\u00e7\u00e3o Brasileira dos Escrit\u00f3rios de Arquitetura; CBCA &#8211; Centro Brasileiro da Constru\u00e7\u00e3o em A\u00e7o; e dos institutos: IAB &#8211; Institutos de Arquitetos do Brasil Departamento de S\u00e3o Paulo e IE \u2013 Instituto de Engenharia.<\/span><\/p>\n<p style=\"text-align: justify;\"><span style=\"color: #000000;\">Para mais informa\u00e7\u00f5es acesse:<\/span><span style=\"color: #0000ff;\">\u00a0www.abcem.org.br\/construmetal\/premio-abcem.php\u00a0\u00a0<\/span><\/p>\n","protected":false},"excerpt":{"rendered":"<p>Aconteceu\u00a0 Setembro, 2016 &#8211; Com objetivo de promover e difundir o uso da constru\u00e7\u00e3o met\u00e1lica no Brasil foi criado o Pr\u00eamio ABCEM. A cada dois anos s\u00e3o premiadas as tr\u00eas principais obras de destaque e que contemplam elementos e componentes de a\u00e7o, incluindo as estruturas mistas a\u00e7o-concreto. Divididos em tr\u00eas categorias, os projetos contaram com [&hellip;]<\/p>\n","protected":false},"author":1,"featured_media":3524,"comment_status":"open","ping_status":"open","sticky":false,"template":"","format":"standard","meta":{"_uag_custom_page_level_css":"","footnotes":""},"categories":[12591],"tags":[999,1016,2082,6217,9701],"class_list":["post-3523","post","type-post","status-publish","format-standard","has-post-thumbnail","hentry","category-produtos","tag-associacao-brasileira-de-engenharia-e-consultoria-estrutural","tag-associacao-brasileira-dos-escritorios-de-arquitetura","tag-centro-brasileiro-da-construcao-em-aco","tag-instituto-de-engenharia","tag-projeto-edificio-sede-do-cremec"],"blocksy_meta":[],"spectra_blocks_featured_image_url":[],"spectra_blocks_author_info":{"display_name":"Jornal da Constru\u00e7\u00e3o Civil","avatar_url":"https:\/\/secure.gravatar.com\/avatar\/973c9774fd44ddaceb026973c4962faa70fc512bc4c9da68e8ebb40fecee6540?s=96&d=mm&r=g","author_link":"https:\/\/construcaocivil.siriusmarketingedesign.com.br\/?author=1","description":"Desde de 2013, levando muitas informa\u00e7\u00f5es, lan\u00e7amentos e produtos de qualidade para toda cadeia produtiva da constru\u00e7\u00e3o. O Futuro da constru\u00e7\u00e3o passa por aqui,"},"uagb_featured_image_src":{"full":false,"thumbnail":false,"medium":false,"medium_large":false,"large":false,"1536x1536":false,"2048x2048":false},"uagb_author_info":{"display_name":"Jornal da Constru\u00e7\u00e3o Civil","author_link":"https:\/\/construcaocivil.siriusmarketingedesign.com.br\/?author=1"},"uagb_comment_info":0,"uagb_excerpt":"Aconteceu\u00a0 Setembro, 2016 &#8211; Com objetivo de promover e difundir o uso da constru\u00e7\u00e3o met\u00e1lica no Brasil foi criado o Pr\u00eamio ABCEM. A cada dois anos s\u00e3o premiadas as tr\u00eas principais obras de destaque e que contemplam elementos e componentes de a\u00e7o, incluindo as estruturas mistas a\u00e7o-concreto. Divididos em tr\u00eas categorias, os projetos contaram com&hellip;","_links":{"self":[{"href":"https:\/\/construcaocivil.siriusmarketingedesign.com.br\/index.php?rest_route=\/wp\/v2\/posts\/3523","targetHints":{"allow":["GET"]}}],"collection":[{"href":"https:\/\/construcaocivil.siriusmarketingedesign.com.br\/index.php?rest_route=\/wp\/v2\/posts"}],"about":[{"href":"https:\/\/construcaocivil.siriusmarketingedesign.com.br\/index.php?rest_route=\/wp\/v2\/types\/post"}],"author":[{"embeddable":true,"href":"https:\/\/construcaocivil.siriusmarketingedesign.com.br\/index.php?rest_route=\/wp\/v2\/users\/1"}],"replies":[{"embeddable":true,"href":"https:\/\/construcaocivil.siriusmarketingedesign.com.br\/index.php?rest_route=%2Fwp%2Fv2%2Fcomments&post=3523"}],"version-history":[{"count":0,"href":"https:\/\/construcaocivil.siriusmarketingedesign.com.br\/index.php?rest_route=\/wp\/v2\/posts\/3523\/revisions"}],"wp:attachment":[{"href":"https:\/\/construcaocivil.siriusmarketingedesign.com.br\/index.php?rest_route=%2Fwp%2Fv2%2Fmedia&parent=3523"}],"wp:term":[{"taxonomy":"category","embeddable":true,"href":"https:\/\/construcaocivil.siriusmarketingedesign.com.br\/index.php?rest_route=%2Fwp%2Fv2%2Fcategories&post=3523"},{"taxonomy":"post_tag","embeddable":true,"href":"https:\/\/construcaocivil.siriusmarketingedesign.com.br\/index.php?rest_route=%2Fwp%2Fv2%2Ftags&post=3523"}],"curies":[{"name":"wp","href":"https:\/\/api.w.org\/{rel}","templated":true}]}}