{"id":3536,"date":"2016-09-26T19:20:47","date_gmt":"2016-09-26T22:20:47","guid":{"rendered":"http:\/\/www.jornaldaconstrucaocivil.com.br\/?p=3536"},"modified":"2016-09-26T19:20:47","modified_gmt":"2016-09-26T22:20:47","slug":"estilosos-ontem-hoje-e-sempre","status":"publish","type":"post","link":"https:\/\/construcaocivil.siriusmarketingedesign.com.br\/?p=3536","title":{"rendered":"Estilosos ontem, hoje e sempre"},"content":{"rendered":"<p style=\"text-align: justify;\">Casa e Arquitetura<\/p>\n<p style=\"text-align: justify;\"><span style=\"color: #000080;\"><strong>A mostra Modernos &amp; Eternos traz para Belo Horizonte a proposta de ambientes onde o cl\u00e1ssico e o vintage s\u00e3o trazidos do passado para projetos superatuais<\/strong><\/span><\/p>\n<p style=\"text-align: justify;\"><span style=\"color: #000000;\">No ritmo da temporada de mostras de arquitetura e decora\u00e7\u00e3o em Belo Horizonte, a Modernos &amp; Eternos chega pela primeira vez \u00e0 capital mineira, com um conceito que promete surpreender. Tendo uma proposta conceitual, o evento apresentar\u00e1 ambientes onde o grande destaque \u00e9 a atemporalidade de certos estilos.<\/span><\/p>\n<p><a href=\"http:\/\/www.jornaldaconstrucaocivil.com.br\/wp-content\/uploads\/2016\/09\/CASA.jpg\"><img loading=\"lazy\" decoding=\"async\" class=\" wp-image-3537 alignleft\" src=\"http:\/\/www.jornaldaconstrucaocivil.com.br\/wp-content\/uploads\/2016\/09\/CASA.jpg\" alt=\"casa\" width=\"345\" height=\"230\" \/><\/a><\/p>\n<p style=\"text-align: justify;\"><span style=\"color: #000000;\">A designer de interiores Melina Mundim, que j\u00e1 tem por h\u00e1bito trazer aos seus projetos elementos com uma pegada vintage e repletos de mem\u00f3rias afetivas, aceitou o convite da mostra e executou o ambiente Sala de Estar e Jantar.<\/span><\/p>\n<p style=\"text-align: justify;\"><span style=\"color: #000000;\">O ambiente de 27 m\u00b2 pode ser definido como um ponto de encontro, uma vez que foi pensando para ser um espa\u00e7o de reuni\u00e3o de amigos. <em>\u201cO jardim aberto ao ambiente favorece o convite \u00e0 reuni\u00e3o ao redor no piano. Ambiente perfeito para a boa m\u00fasica e excelentes conversas\u201d<\/em>, analisa a profissional.<\/span><\/p>\n<p style=\"text-align: justify;\"><span style=\"color: #000000;\">Al\u00e9m disso, ali tamb\u00e9m se encontram os estilos que caracterizam a mostra. O cl\u00e1ssico, o vintage e o contempor\u00e2neo se fazem presentes por meio do mobili\u00e1rio especificado.<em> \u201cDestaque para o sof\u00e1 e conjunto de jantar de S\u00e9rgio Rodrigues que s\u00e3o pe\u00e7as de in\u00edcio de produ\u00e7\u00e3o e vem com pitadas de contempor\u00e2neo\u201d<\/em>, pontua.\u00a0 Um encontro de cores impactantes, caracter\u00edstica do trabalho de Melina, \u00e9 outro tra\u00e7o marcante do ambiente, que salta aos olhos devido \u00e0 ousadia de uma parede preta. <em>\u201cO ambiente \u00e9 cheio de cores vibrantes. As estampas se misturam a elas e, aliadas \u00e0s obras de arte, criam uma atmosfera requintada e peculiar\u201d<\/em>, avalia Melina.<\/span><\/p>\n<p style=\"text-align: justify;\"><span style=\"color: #000000;\">Para executar o projeto, a profissional se deparou com o desafio de transformar um ambiente in\u00f3spito \u2013 no original da casa, o espa\u00e7o \u00e9 uma garagem \u2013 em salas aconchegantes e calorosas. Para, no entanto, preservar a mem\u00f3ria do projeto original, a designer optou por manter o piso de tijolinho, escolha que casou perfeitamente com a personalidade do espa\u00e7o.<\/span><\/p>\n<p style=\"text-align: justify;\"><span style=\"color: #000000;\">Este e outros ambientes estar\u00e3o em<span style=\"color: #993300;\"> exposi\u00e7\u00e3o na mostra Modernos &amp; Eternos, que acontece de 27 de setembro a 09 de outubro, no seguinte endere\u00e7o:\u00a0 Rua Sinval de S\u00e1, 350, Cidade Jardim<\/span>.<\/span><\/p>\n","protected":false},"excerpt":{"rendered":"<p>Casa e Arquitetura A mostra Modernos &amp; Eternos traz para Belo Horizonte a proposta de ambientes onde o cl\u00e1ssico e o vintage s\u00e3o trazidos do passado para projetos superatuais No ritmo da temporada de mostras de arquitetura e decora\u00e7\u00e3o em Belo Horizonte, a Modernos &amp; Eternos chega pela primeira vez \u00e0 capital mineira, com um [&hellip;]<\/p>\n","protected":false},"author":1,"featured_media":3537,"comment_status":"open","ping_status":"open","sticky":false,"template":"","format":"standard","meta":{"_uag_custom_page_level_css":"","footnotes":""},"categories":[28],"tags":[1341,1899,3392,7811,10556],"class_list":["post-3536","post","type-post","status-publish","format-standard","has-post-thumbnail","hentry","category-arquitetura","tag-belo-horizontemg","tag-casa","tag-decoracao","tag-modernos-eternos","tag-sala-de-estar-e-jantar"],"blocksy_meta":[],"spectra_blocks_featured_image_url":[],"spectra_blocks_author_info":{"display_name":"Jornal da Constru\u00e7\u00e3o Civil","avatar_url":"https:\/\/secure.gravatar.com\/avatar\/973c9774fd44ddaceb026973c4962faa70fc512bc4c9da68e8ebb40fecee6540?s=96&d=mm&r=g","author_link":"https:\/\/construcaocivil.siriusmarketingedesign.com.br\/?author=1","description":"Desde de 2013, levando muitas informa\u00e7\u00f5es, lan\u00e7amentos e produtos de qualidade para toda cadeia produtiva da constru\u00e7\u00e3o. O Futuro da constru\u00e7\u00e3o passa por aqui,"},"uagb_featured_image_src":{"full":false,"thumbnail":false,"medium":false,"medium_large":false,"large":false,"1536x1536":false,"2048x2048":false},"uagb_author_info":{"display_name":"Jornal da Constru\u00e7\u00e3o Civil","author_link":"https:\/\/construcaocivil.siriusmarketingedesign.com.br\/?author=1"},"uagb_comment_info":0,"uagb_excerpt":"Casa e Arquitetura A mostra Modernos &amp; Eternos traz para Belo Horizonte a proposta de ambientes onde o cl\u00e1ssico e o vintage s\u00e3o trazidos do passado para projetos superatuais No ritmo da temporada de mostras de arquitetura e decora\u00e7\u00e3o em Belo Horizonte, a Modernos &amp; Eternos chega pela primeira vez \u00e0 capital mineira, com um&hellip;","_links":{"self":[{"href":"https:\/\/construcaocivil.siriusmarketingedesign.com.br\/index.php?rest_route=\/wp\/v2\/posts\/3536","targetHints":{"allow":["GET"]}}],"collection":[{"href":"https:\/\/construcaocivil.siriusmarketingedesign.com.br\/index.php?rest_route=\/wp\/v2\/posts"}],"about":[{"href":"https:\/\/construcaocivil.siriusmarketingedesign.com.br\/index.php?rest_route=\/wp\/v2\/types\/post"}],"author":[{"embeddable":true,"href":"https:\/\/construcaocivil.siriusmarketingedesign.com.br\/index.php?rest_route=\/wp\/v2\/users\/1"}],"replies":[{"embeddable":true,"href":"https:\/\/construcaocivil.siriusmarketingedesign.com.br\/index.php?rest_route=%2Fwp%2Fv2%2Fcomments&post=3536"}],"version-history":[{"count":0,"href":"https:\/\/construcaocivil.siriusmarketingedesign.com.br\/index.php?rest_route=\/wp\/v2\/posts\/3536\/revisions"}],"wp:attachment":[{"href":"https:\/\/construcaocivil.siriusmarketingedesign.com.br\/index.php?rest_route=%2Fwp%2Fv2%2Fmedia&parent=3536"}],"wp:term":[{"taxonomy":"category","embeddable":true,"href":"https:\/\/construcaocivil.siriusmarketingedesign.com.br\/index.php?rest_route=%2Fwp%2Fv2%2Fcategories&post=3536"},{"taxonomy":"post_tag","embeddable":true,"href":"https:\/\/construcaocivil.siriusmarketingedesign.com.br\/index.php?rest_route=%2Fwp%2Fv2%2Ftags&post=3536"}],"curies":[{"name":"wp","href":"https:\/\/api.w.org\/{rel}","templated":true}]}}