{"id":3557,"date":"2016-09-27T20:36:18","date_gmt":"2016-09-27T23:36:18","guid":{"rendered":"http:\/\/www.jornaldaconstrucaocivil.com.br\/?p=3557"},"modified":"2016-09-27T20:36:18","modified_gmt":"2016-09-27T23:36:18","slug":"4-seminario-de-capacitacao-pavimento-permeavel","status":"publish","type":"post","link":"https:\/\/construcaocivil.siriusmarketingedesign.com.br\/?p=3557","title":{"rendered":"4\u00b0 Semin\u00e1rio de Capacita\u00e7\u00e3o: Pavimento Perme\u00e1vel"},"content":{"rendered":"<p style=\"text-align: justify;\"><span style=\"color: #003300;\">Acontece\u00a0<\/span><\/p>\n<p style=\"text-align: justify;\"><strong><span style=\"color: #000080;\">Evento dirigido a profissionais da constru\u00e7\u00e3o acontece na pr\u00f3xima ter\u00e7a-feira (4), no Rio de Janeiro<\/span><\/strong><\/p>\n<p style=\"text-align: justify;\"><span style=\"color: #ff0000;\">Setembro, 2016<\/span> &#8211;<span style=\"color: #000000;\"> Os arquitetos e engenheiros do Rio de Janeiro e estados vizinhos ter\u00e3o excelente oportunidade para aprofundar seus conhecimentos sobre pavimento perme\u00e1vel de concreto com o<\/span> <span style=\"color: #800000;\">\u201c4\u00ba Semin\u00e1rio de Capacita\u00e7\u00e3o: Pavimento Perme\u00e1vel\u201d<\/span>,<span style=\"color: #000000;\"> que acontecer\u00e1 em 4 de outubro, no Sinduscon-RJ, na capital fluminense. A realiza\u00e7\u00e3o \u00e9 da Associa\u00e7\u00e3o Brasileira da Ind\u00fastria de Blocos de Concreto (BlocoBrasil), atrav\u00e9s do diretor da Regional RJ da entidade, Marcelo Kaiuca; com apoio do Sinduscon-RJ; e da Associa\u00e7\u00e3o Brasileira de Cimento Portland (ABCP), por seu representante da Regional RJ, eng\u00ba\u00a0 Eduardo Henrique D\u00b4\u00c1vila.<\/span><\/p>\n<p style=\"text-align: justify;\"><span style=\"color: #000000;\"><em>\u201cA BlocoBrasil e as entidades parceiras visam com esse semin\u00e1rio fornecer aos profissionais da arquitetura e da engenharia informa\u00e7\u00f5es t\u00e9cnicas rigorosas e confi\u00e1veis sobre as caracter\u00edsticas dos diversos tipos de pavimentos perme\u00e1veis, as exig\u00eancias para o bom projeto e execu\u00e7\u00e3o de obras com esse pavimento e as prescri\u00e7\u00f5es constantes da norma ABNT 16.416\/2015, que regulamentou os requisitos e procedimentos para pavimentos perme\u00e1veis de concreto\u201d<\/em><\/span>,<span style=\"color: #000000;\"> diz Ramon Barral, presidente da BlocoBrasil<\/span>.<\/p>\n<p style=\"text-align: justify;\"><span style=\"color: #000000;\"><strong>Palestras<\/strong><\/span><\/p>\n<p><span style=\"color: #000000;\">O semin\u00e1rio foi estruturado em tr\u00eas palestras:<\/span><\/p>\n<p><strong><span style=\"color: #800000;\">Normatiza\u00e7\u00e3o dos pavimentos perme\u00e1veis<\/span><\/strong><\/p>\n<p><span style=\"color: #000000;\">Ministrada pelo engenheiro Cl\u00e1udio Oliveira Silva, gerente de Inova\u00e7\u00e3o e Sustentabilidade da ABCP, a palestra abordar\u00e1 os principais itens da norma 16.416.<\/span><\/p>\n<p><span style=\"color: #000000;\"><em>\u201cA norma estabelece as diretrizes para a correta utiliza\u00e7\u00e3o do pavimento perme\u00e1vel, permitindo at\u00e9 o reaproveitamento das \u00e1guas pluviais, algo fundamental nesses tempos de crise h\u00eddrica\u201d<\/em>, afirma Oliveira.<\/span><\/p>\n<p><strong><span style=\"color: #800000;\">Pavimento perme\u00e1vel: uma estrutura sustent\u00e1vel<\/span><\/strong><\/p>\n<p style=\"text-align: justify;\"><span style=\"color: #000000;\">Nesta segunda palestra, a engenheira e professora-doutora Liliane L. C. Alves Pinto detalhar\u00e1 as quest\u00f5es de hidrologia, permeabilidade dos solos e re\u00faso das \u00e1guas pluviais em projeto de pavimento perme\u00e1vel.<\/span><\/p>\n<p style=\"text-align: justify;\"><span style=\"color: #000000;\">Na terceira e \u00faltima, o arquiteto Jorge Eduardo C. Bastos, da Secretaria Municipal de Urbanismo e Meio Ambiente da Prefeitura do Rio de Janeiro, falar\u00e1 sobre<\/span> <span style=\"color: #800000;\"><strong>A quest\u00e3o da permeabilidade do solo:<\/strong> Especifica\u00e7\u00e3o e aplica\u00e7\u00e3o dos materiais e revestimentos em atendimento \u00e0 legisla\u00e7\u00e3o vigente<\/span>.<span style=\"color: #000000;\"> O arquiteto e paisagista Jorge Bastos \u00e9 assistente II da Coordenadoria de Licenciamento Ambiental (CLA) e assistente II da Ger\u00eancia de Licenciamento Ambiental de Empreendimentos Imobili\u00e1rios (GLA-2) da Secretaria Municipal de Urbanismo e Meio Ambiente do Rio de Janeiro.<\/span><\/p>\n<p><span style=\"color: #000000;\">Os participantes receber\u00e3o colet\u00e2nea com as normas de pavimentos pr\u00e9-fabricados de concreto.<\/span><\/p>\n<p><strong><span style=\"color: #993300;\">Servi\u00e7o<\/span><\/strong><\/p>\n<p><span style=\"color: #000000;\">Evento: Semin\u00e1rio de capacita\u00e7\u00e3o: pavimento perme\u00e1vel<\/span><\/p>\n<p><span style=\"color: #000000;\">Local: Sinduscon-RJ, Audit\u00f3rio Haroldo Lisboa, Rua do Senado, 213, Centro, Rio de Janeiro<\/span><\/p>\n<p><span style=\"color: #000000;\">Data: 04\/10\/2016<\/span><\/p>\n<p><span style=\"color: #000000;\">Hor\u00e1rio: 14h \u00e0s 17h<\/span><\/p>\n<p><span style=\"color: #000000;\">Inscri\u00e7\u00f5es gratuitas pelo link:\u00a0<span style=\"color: #0000ff;\">\u00a0<a style=\"color: #0000ff;\" href=\"https:\/\/docs.google.com\/forms\/d\/e\/1FAIpQLSfdU5Yw9AnFRr6sQd-_NYSG_htMMf5WfAGtF1ifac519V1Row\/viewform?c=0&amp;w=1\" target=\"_blank\">4\u00ba Semin\u00e1rio de Capacita\u00e7\u00e3o de Pavimento Perme\u00e1vel<\/a><\/span><\/span><\/p>\n<p><span style=\"color: #000000;\">Informa\u00e7\u00f5es:<span style=\"color: #0000ff;\"> blocobrasil@blocobrasil.com.br<\/span><\/span><\/p>\n","protected":false},"excerpt":{"rendered":"<p>Acontece\u00a0 Evento dirigido a profissionais da constru\u00e7\u00e3o acontece na pr\u00f3xima ter\u00e7a-feira (4), no Rio de Janeiro Setembro, 2016 &#8211; Os arquitetos e engenheiros do Rio de Janeiro e estados vizinhos ter\u00e3o excelente oportunidade para aprofundar seus conhecimentos sobre pavimento perme\u00e1vel de concreto com o \u201c4\u00ba Semin\u00e1rio de Capacita\u00e7\u00e3o: Pavimento Perme\u00e1vel\u201d, que acontecer\u00e1 em 4 de [&hellip;]<\/p>\n","protected":false},"author":1,"featured_media":0,"comment_status":"open","ping_status":"open","sticky":false,"template":"","format":"standard","meta":{"_uag_custom_page_level_css":"","footnotes":""},"categories":[27],"tags":[977,989,2826,8743,10852,11165],"class_list":["post-3557","post","type-post","status-publish","format-standard","hentry","category-acontece","tag-associacao-brasileira-da-industria-de-blocos-de-concreto-blocobrasil","tag-associacao-brasileira-de-cimento-portland-abcp","tag-construcao-civil","tag-pavimento-permeavel","tag-seminario-de-capacitacao-pavimento-permeavel","tag-sinduscon-rj"],"blocksy_meta":[],"spectra_blocks_featured_image_url":null,"spectra_blocks_author_info":{"display_name":"Jornal da Constru\u00e7\u00e3o Civil","avatar_url":"https:\/\/secure.gravatar.com\/avatar\/973c9774fd44ddaceb026973c4962faa70fc512bc4c9da68e8ebb40fecee6540?s=96&d=mm&r=g","author_link":"https:\/\/construcaocivil.siriusmarketingedesign.com.br\/?author=1","description":"Desde de 2013, levando muitas informa\u00e7\u00f5es, lan\u00e7amentos e produtos de qualidade para toda cadeia produtiva da constru\u00e7\u00e3o. O Futuro da constru\u00e7\u00e3o passa por aqui,"},"uagb_featured_image_src":{"full":false,"thumbnail":false,"medium":false,"medium_large":false,"large":false,"1536x1536":false,"2048x2048":false},"uagb_author_info":{"display_name":"Jornal da Constru\u00e7\u00e3o Civil","author_link":"https:\/\/construcaocivil.siriusmarketingedesign.com.br\/?author=1"},"uagb_comment_info":0,"uagb_excerpt":"Acontece\u00a0 Evento dirigido a profissionais da constru\u00e7\u00e3o acontece na pr\u00f3xima ter\u00e7a-feira (4), no Rio de Janeiro Setembro, 2016 &#8211; Os arquitetos e engenheiros do Rio de Janeiro e estados vizinhos ter\u00e3o excelente oportunidade para aprofundar seus conhecimentos sobre pavimento perme\u00e1vel de concreto com o \u201c4\u00ba Semin\u00e1rio de Capacita\u00e7\u00e3o: Pavimento Perme\u00e1vel\u201d, que acontecer\u00e1 em 4 de&hellip;","_links":{"self":[{"href":"https:\/\/construcaocivil.siriusmarketingedesign.com.br\/index.php?rest_route=\/wp\/v2\/posts\/3557","targetHints":{"allow":["GET"]}}],"collection":[{"href":"https:\/\/construcaocivil.siriusmarketingedesign.com.br\/index.php?rest_route=\/wp\/v2\/posts"}],"about":[{"href":"https:\/\/construcaocivil.siriusmarketingedesign.com.br\/index.php?rest_route=\/wp\/v2\/types\/post"}],"author":[{"embeddable":true,"href":"https:\/\/construcaocivil.siriusmarketingedesign.com.br\/index.php?rest_route=\/wp\/v2\/users\/1"}],"replies":[{"embeddable":true,"href":"https:\/\/construcaocivil.siriusmarketingedesign.com.br\/index.php?rest_route=%2Fwp%2Fv2%2Fcomments&post=3557"}],"version-history":[{"count":0,"href":"https:\/\/construcaocivil.siriusmarketingedesign.com.br\/index.php?rest_route=\/wp\/v2\/posts\/3557\/revisions"}],"wp:attachment":[{"href":"https:\/\/construcaocivil.siriusmarketingedesign.com.br\/index.php?rest_route=%2Fwp%2Fv2%2Fmedia&parent=3557"}],"wp:term":[{"taxonomy":"category","embeddable":true,"href":"https:\/\/construcaocivil.siriusmarketingedesign.com.br\/index.php?rest_route=%2Fwp%2Fv2%2Fcategories&post=3557"},{"taxonomy":"post_tag","embeddable":true,"href":"https:\/\/construcaocivil.siriusmarketingedesign.com.br\/index.php?rest_route=%2Fwp%2Fv2%2Ftags&post=3557"}],"curies":[{"name":"wp","href":"https:\/\/api.w.org\/{rel}","templated":true}]}}