{"id":357,"date":"2015-11-12T01:55:45","date_gmt":"2015-11-12T01:55:45","guid":{"rendered":"http:\/\/www.jornaldaconstrucaocivil.com.br\/?p=357"},"modified":"2015-11-12T01:55:45","modified_gmt":"2015-11-12T01:55:45","slug":"empresas-brasileiras-recebem-premiacao-internacional-do-setor-eletrico-na-america-latina","status":"publish","type":"post","link":"https:\/\/construcaocivil.siriusmarketingedesign.com.br\/?p=357","title":{"rendered":"Empresas brasileiras recebem premia\u00e7\u00e3o internacional do setor el\u00e9trico na Am\u00e9rica Latina"},"content":{"rendered":"<p><strong><span style=\"color: #000000;\"><i>Eletrobras Distribui\u00e7\u00e3o Roraima, COELCE, COPEL e CPFL Paulista receberam premia\u00e7\u00e3o que integra a programa\u00e7\u00e3o da 50\u00aa RAE, um dos principais eventos de neg\u00f3cios do setor<\/i><\/span><\/strong><\/p>\n<p><span style=\"color: #000000;\">O m\u00eas de novembro j\u00e1 ocupa anualmente um importante espa\u00e7o na agenda do setor el\u00e9trico, marcado especialmente pela realiza\u00e7\u00e3o da Reuni\u00e3o dos Altos Executivos (RAE), que este ano celebra sua 50\u00aa edi\u00e7\u00e3o. Organizada pelo Comit\u00ea Regional da CIER para a Am\u00e9rica Central e Caribe (CECACIER) e com o apoio da Comiss\u00e3o de Integra\u00e7\u00e3o Energ\u00e9tica Regional (CIER), o evento reuniu na cidade de San Jos\u00e9, na Costa Rica, entre os dias 9 e 11 de novembro, mais de 200 representantes de empresas e institui\u00e7\u00f5es p\u00fablicas e privadas do setor energ\u00e9tico Ibero-americano, al\u00e9m de especialistas internacionais, altos executivos, investidores e institui\u00e7\u00f5es financeiras.<\/span><\/p>\n<p><span style=\"color: #000000;\">Al\u00e9m de pain\u00e9is, rodadas de neg\u00f3cios e f\u00f3runs de discuss\u00e3o, a programa\u00e7\u00e3o da 50\u00aa RAE tamb\u00e9m integrou a tradicional cerim\u00f4nia de entrega do\u00a0<strong>Pr\u00eamio CIER de Qualidade &#8211; Satisfa\u00e7\u00e3o de Clientes 2015.<\/strong>\u00a0A honraria \u00e9 concedida pela CIER, organiza\u00e7\u00e3o internacional que \u00e9 refer\u00eancia no setor energ\u00e9tico, em especial na integra\u00e7\u00e3o energ\u00e9tica latino-americana.<\/span><\/p>\n<p><span style=\"color: #000000;\">Um dos principais destaques nesta edi\u00e7\u00e3o, no grupo de empresas com menos de 500 mil consumidores, foi a premia\u00e7\u00e3o da empresa brasileira\u00a0<strong>Eletrobras Distribui\u00e7\u00e3o Roraima,<\/strong>\u00a0que recebeu Men\u00e7\u00e3o Honrosa pelo Maior Desempenho no \u00cdndice de Qualidade e Satisfa\u00e7\u00e3o de Clientes. A empresa foi representada pelo assessor da Superintend\u00eancia de Opera\u00e7\u00f5es no Exterior da Eletrobras, Antonio Carlos Marques de Menezes.<\/span><\/p>\n<p><span style=\"color: #000000;\">No grupo de empresas com mais de 500 mil consumidores, a Categoria Prata foi compartilhada entre duas empresas brasileiras, que empataram conforme crit\u00e9rios estabelecidos: a paranaense\u00a0<strong>COPEL<\/strong>, representada pelo diretor-presidente da Copel Distribui\u00e7\u00e3o, Vlademir Santo Daleffe;\u00a0e a paulista\u00a0<strong>CPFL Paulista<\/strong>, representada pelo presidente da ABRADEE, Nelson Fonseca Leite. Neste mesmo grupo a Companhia Energ\u00e9tica do Cear\u00e1 (<strong>COELCE<\/strong>) recebeu Men\u00e7\u00e3o Honrosa pelo Maior \u00cdndice em Responsabilidade Social e tamb\u00e9m foi representada pelo assessor da Eletrobras, Antonio Carlos Menezes.<\/span><\/p>\n<p><span style=\"color: #000000;\">Para o gerente administrativo do BRACIER, Eduardo Veiga Cunha, que tamb\u00e9m participou do evento, a expressividade das empresas brasileiras nesta edi\u00e7\u00e3o, entre as cerca de 60 empresas participantes, retrata um cen\u00e1rio de constante crescimento e supera\u00e7\u00e3o do setor em nosso pa\u00eds. <em>\u201cOs esfor\u00e7os e bons resultados das nossas empresas devem ser valorizados, pois h\u00e1 muita gente envolvida e comprometida com este trabalho\u201d<\/em>, comemora.<\/span><\/p>\n<p><span style=\"color: #000000;\">As empresas brasileiras agraciadas pelo Pr\u00eamio CIER de Qualidade s\u00e3o afiliadas ao\u00a0<strong>BRACIER<\/strong>, que \u00e9 o Comit\u00ea Brasileiro da CIER e representa o pa\u00eds na Regi\u00e3o. A premia\u00e7\u00e3o reconhece os n\u00edveis de excel\u00eancia alcan\u00e7ados pelas empresas, mensurados pela pesquisa de benchmarking\u00a0<em>Satisfa\u00e7\u00e3o de Clientes 2015<\/em>, realizada pela CIER em todos os pa\u00edses da regi\u00e3o. A metodologia utilizada \u00e9 firmada em acordo com a Associa\u00e7\u00e3o Brasileira de Distribuidores de Energia El\u00e9trica (ABRADEE).<\/span><\/p>\n<p><span style=\"color: #000000;\">Entre as participa\u00e7\u00f5es internacionais na\u00a0<strong>50\u00aa RAE CIER<\/strong>, especialistas e executivos representantes de empresas brasileiras tamb\u00e9m estiveram presentes nos f\u00f3runs de apresenta\u00e7\u00e3o. O superintendente de Opera\u00e7\u00f5es no Exterior da Eletrobras e vice-presidente do BRACIER, Pedro Luiz de Oliveira Jatob\u00e1, esteve \u00e0 frente do painel Sociedade e Meio Ambiente, que discutiu sobre a import\u00e2ncia de estrat\u00e9gias sustent\u00e1veis que acompanhem a evolu\u00e7\u00e3o tecnol\u00f3gica. <em>\u201cA reuni\u00e3o anual dos altos executivos \u00e9 de grande import\u00e2ncia para o setor el\u00e9trico regional, uma vez que possibilita o encontro de especialistas, empres\u00e1rios e demais agentes influenciadores, fomentando grandes projetos em prol do seu desenvolvimento em toda a Am\u00e9rica Latina, sem deixar de lado o conhecimento t\u00e9cnico e cient\u00edfico\u201d<\/em>, conclui.<\/span><\/p>\n<p><span style=\"color: #000000;\">Outras informa\u00e7\u00f5es sobre a 50\u00aa Reuni\u00e3o dos Altos Executivos e da Premia\u00e7\u00e3o podem ser encontradas nos respectivos sites do CECACIER (<span style=\"color: #0000ff;\">rae.cecacier.org<\/span>) e CIER (<span style=\"color: #0000ff;\"><a style=\"color: #0000ff;\" href=\"http:\/\/redir.esp.br\/c\/?6461.434.791143.0.1.7264.9.213138039.0.10.5808.0.158273.0.1.e1619\">www.cier.org.uy<\/a><\/span>).<\/span><\/p>\n<p>Fonte: Assessoria de Imprensa Bracier<\/p>\n<p>Site:\u00a0<span style=\"color: #0000ff;\"><em><strong><a style=\"color: #0000ff;\" href=\"http:\/\/redir.esp.br\/c\/?6461.434.791143.0.1.7264.9.213138039.0.10.5798.0.158273.0.1.57ee8\">www.bracier.org.br<\/a><\/strong><\/em><\/span><\/p>\n","protected":false},"excerpt":{"rendered":"<p>Eletrobras Distribui\u00e7\u00e3o Roraima, COELCE, COPEL e CPFL Paulista receberam premia\u00e7\u00e3o que integra a programa\u00e7\u00e3o da 50\u00aa RAE, um dos principais eventos de neg\u00f3cios do setor O m\u00eas de novembro j\u00e1 ocupa anualmente um importante espa\u00e7o na agenda do setor el\u00e9trico, marcado especialmente pela realiza\u00e7\u00e3o da Reuni\u00e3o dos Altos Executivos (RAE), que este ano celebra sua [&hellip;]<\/p>\n","protected":false},"author":1,"featured_media":0,"comment_status":"open","ping_status":"open","sticky":false,"template":"","format":"quote","meta":{"_uag_custom_page_level_css":"","footnotes":""},"categories":[27],"tags":[211,1523,2393,3130,4045],"class_list":["post-357","post","type-post","status-publish","format-quote","hentry","category-acontece","tag-50o-rae","tag-bracier","tag-coelce","tag-cpfl-paulista","tag-eletrobras-roraima","post_format-post-format-quote"],"blocksy_meta":[],"spectra_blocks_featured_image_url":null,"spectra_blocks_author_info":{"display_name":"Jornal da Constru\u00e7\u00e3o Civil","avatar_url":"https:\/\/secure.gravatar.com\/avatar\/973c9774fd44ddaceb026973c4962faa70fc512bc4c9da68e8ebb40fecee6540?s=96&d=mm&r=g","author_link":"https:\/\/construcaocivil.siriusmarketingedesign.com.br\/?author=1","description":"Desde de 2013, levando muitas informa\u00e7\u00f5es, lan\u00e7amentos e produtos de qualidade para toda cadeia produtiva da constru\u00e7\u00e3o. O Futuro da constru\u00e7\u00e3o passa por aqui,"},"uagb_featured_image_src":{"full":false,"thumbnail":false,"medium":false,"medium_large":false,"large":false,"1536x1536":false,"2048x2048":false},"uagb_author_info":{"display_name":"Jornal da Constru\u00e7\u00e3o Civil","author_link":"https:\/\/construcaocivil.siriusmarketingedesign.com.br\/?author=1"},"uagb_comment_info":0,"uagb_excerpt":"Eletrobras Distribui\u00e7\u00e3o Roraima, COELCE, COPEL e CPFL Paulista receberam premia\u00e7\u00e3o que integra a programa\u00e7\u00e3o da 50\u00aa RAE, um dos principais eventos de neg\u00f3cios do setor O m\u00eas de novembro j\u00e1 ocupa anualmente um importante espa\u00e7o na agenda do setor el\u00e9trico, marcado especialmente pela realiza\u00e7\u00e3o da Reuni\u00e3o dos Altos Executivos (RAE), que este ano celebra sua&hellip;","_links":{"self":[{"href":"https:\/\/construcaocivil.siriusmarketingedesign.com.br\/index.php?rest_route=\/wp\/v2\/posts\/357","targetHints":{"allow":["GET"]}}],"collection":[{"href":"https:\/\/construcaocivil.siriusmarketingedesign.com.br\/index.php?rest_route=\/wp\/v2\/posts"}],"about":[{"href":"https:\/\/construcaocivil.siriusmarketingedesign.com.br\/index.php?rest_route=\/wp\/v2\/types\/post"}],"author":[{"embeddable":true,"href":"https:\/\/construcaocivil.siriusmarketingedesign.com.br\/index.php?rest_route=\/wp\/v2\/users\/1"}],"replies":[{"embeddable":true,"href":"https:\/\/construcaocivil.siriusmarketingedesign.com.br\/index.php?rest_route=%2Fwp%2Fv2%2Fcomments&post=357"}],"version-history":[{"count":0,"href":"https:\/\/construcaocivil.siriusmarketingedesign.com.br\/index.php?rest_route=\/wp\/v2\/posts\/357\/revisions"}],"wp:attachment":[{"href":"https:\/\/construcaocivil.siriusmarketingedesign.com.br\/index.php?rest_route=%2Fwp%2Fv2%2Fmedia&parent=357"}],"wp:term":[{"taxonomy":"category","embeddable":true,"href":"https:\/\/construcaocivil.siriusmarketingedesign.com.br\/index.php?rest_route=%2Fwp%2Fv2%2Fcategories&post=357"},{"taxonomy":"post_tag","embeddable":true,"href":"https:\/\/construcaocivil.siriusmarketingedesign.com.br\/index.php?rest_route=%2Fwp%2Fv2%2Ftags&post=357"}],"curies":[{"name":"wp","href":"https:\/\/api.w.org\/{rel}","templated":true}]}}