{"id":3572,"date":"2016-09-28T20:04:35","date_gmt":"2016-09-28T23:04:35","guid":{"rendered":"http:\/\/www.jornaldaconstrucaocivil.com.br\/?p=3572"},"modified":"2016-09-28T20:04:35","modified_gmt":"2016-09-28T23:04:35","slug":"3572","status":"publish","type":"post","link":"https:\/\/construcaocivil.siriusmarketingedesign.com.br\/?p=3572","title":{"rendered":"Saneamento ambiental: minicursos da ABES-SP abordam diversos temas do setor"},"content":{"rendered":"<p style=\"text-align: justify;\"><strong><span style=\"color: #000080;\">ABES-SP promove Jornada de Minicursos em Saneamento Ambiental<\/span><\/strong><\/p>\n<p style=\"text-align: justify;\"><span style=\"color: #000000;\"><span style=\"color: #ff0000;\">Setembro, 2016 &#8211;<\/span> A Associa\u00e7\u00e3o Brasileira de Engenharia Sanit\u00e1ria e Ambiental (ABES-SP) e o Centro de Apoio \u00e0 Faculdade de Sa\u00fade P\u00fablica da Universidade de S\u00e3o Paulo (CEAP\/FSP) realizar\u00e3o, nos dias 16, 17 e 18 de novembro de 2016, uma Jornada de Minicursos em Saneamento Ambiental com 17 cursos de curta dura\u00e7\u00e3o, com carga hor\u00e1ria de 4 horas cada um, onde instrutores especialistas abordar\u00e3o temas de interesse na \u00e1rea de saneamento, sa\u00fade e meio ambiente.<\/span><\/p>\n<p style=\"text-align: justify;\"><span style=\"color: #000000;\">Os cursos ser\u00e3o realizados na sede da ABES-SP e entidades parceiras como a Faculdade de Sa\u00fade P\u00fablica, ABRELPE, AESabesp e SINCOFARMA.<\/span><\/p>\n<p style=\"text-align: justify;\"><strong><span style=\"color: #000000;\">Inscri\u00e7\u00f5es:<\/span><\/strong><\/p>\n<p><span style=\"color: #993300;\">Associados ABES e parceiros R$ 220,00<\/span><\/p>\n<p><span style=\"color: #993300;\">N\u00e3o associados: R$ 250,00<\/span><\/p>\n<p><span style=\"color: #000000;\">Programa\u00e7\u00e3o em:<\/span><span style=\"color: #0000ff;\">\u00a0<a style=\"color: #0000ff;\" href=\"http:\/\/abes-sp.org.br\/noticias\/19-noticias-abes\/7451-abes-sp-promove-jornada-de-minicursos-em-saneamento-ambiental\" target=\"_blank\">http:\/\/abes-sp.org.br\/noticias\/19-noticias-abes\/7451-abes-sp-promove-jornada-de-minicursos-em-saneamento-ambiental<\/a><\/span><\/p>\n<p><span style=\"color: #000000;\">Clique<\/span>\u00a0<span style=\"color: #0000ff;\"><a style=\"color: #0000ff;\" href=\"https:\/\/goo.gl\/forms\/Ni0rJRgGQ2FPS9Fp2\" target=\"_blank\">aqui<\/a><\/span><span style=\"color: #000000;\">\u00a0e inscreva-se (link:<\/span><span style=\"color: #0000ff;\"> <a style=\"color: #0000ff;\" href=\"https:\/\/goo.gl\/forms\/Ni0rJRgGQ2FPS9Fp2\" target=\"_blank\">https:\/\/goo.gl\/forms\/Ni0rJRgGQ2FPS9Fp2<\/a> )\u00a0<\/span><\/p>\n<p><strong><span style=\"color: #000000;\">Servi\u00e7o:<\/span><\/strong><\/p>\n<p><span style=\"color: #000000;\">Jornada de Minicursos em Saneamento Ambiental<\/span><\/p>\n<p><span style=\"color: #000000;\">Quando: 16, 17 e 18 de novembro de 2016<\/span><\/p>\n<p><span style=\"color: #000000;\">Onde:<\/span><\/p>\n<p><strong><span style=\"color: #000000;\">ABES\/SP<\/span><\/strong><\/p>\n<p><span style=\"color: #000000;\">Rua Eug\u00eanio de Medeiros, 242, 6\u00ba andar &#8211; Pinheiros &#8211; S\u00e3o Paulo\/SP<\/span><\/p>\n<p><strong><span style=\"color: #000000;\">ABRELPE<\/span><\/strong><\/p>\n<p><span style=\"color: #000000;\">Av. Paulista, 807, conj 207 &#8211; Bela Vista &#8211; S\u00e3o Paulo\/SP<\/span><\/p>\n","protected":false},"excerpt":{"rendered":"<p>ABES-SP promove Jornada de Minicursos em Saneamento Ambiental Setembro, 2016 &#8211; A Associa\u00e7\u00e3o Brasileira de Engenharia Sanit\u00e1ria e Ambiental (ABES-SP) e o Centro de Apoio \u00e0 Faculdade de Sa\u00fade P\u00fablica da Universidade de S\u00e3o Paulo (CEAP\/FSP) realizar\u00e3o, nos dias 16, 17 e 18 de novembro de 2016, uma Jornada de Minicursos em Saneamento Ambiental com [&hellip;]<\/p>\n","protected":false},"author":1,"featured_media":0,"comment_status":"open","ping_status":"open","sticky":false,"template":"","format":"standard","meta":{"_uag_custom_page_level_css":"","footnotes":""},"categories":[27],"tags":[488,1005,4826,7705,10594],"class_list":["post-3572","post","type-post","status-publish","format-standard","hentry","category-acontece","tag-aesabesp","tag-associacao-brasileira-de-engenharia-sanitaria-e-ambiental-abes-sp","tag-faculdade-de-saude-publica-da-universidade-de-sao-paulo-ceapfsp","tag-minicursos","tag-saneamento-ambiental"],"blocksy_meta":[],"spectra_blocks_featured_image_url":null,"spectra_blocks_author_info":{"display_name":"Jornal da Constru\u00e7\u00e3o Civil","avatar_url":"https:\/\/secure.gravatar.com\/avatar\/973c9774fd44ddaceb026973c4962faa70fc512bc4c9da68e8ebb40fecee6540?s=96&d=mm&r=g","author_link":"https:\/\/construcaocivil.siriusmarketingedesign.com.br\/?author=1","description":"Desde de 2013, levando muitas informa\u00e7\u00f5es, lan\u00e7amentos e produtos de qualidade para toda cadeia produtiva da constru\u00e7\u00e3o. O Futuro da constru\u00e7\u00e3o passa por aqui,"},"uagb_featured_image_src":{"full":false,"thumbnail":false,"medium":false,"medium_large":false,"large":false,"1536x1536":false,"2048x2048":false},"uagb_author_info":{"display_name":"Jornal da Constru\u00e7\u00e3o Civil","author_link":"https:\/\/construcaocivil.siriusmarketingedesign.com.br\/?author=1"},"uagb_comment_info":0,"uagb_excerpt":"ABES-SP promove Jornada de Minicursos em Saneamento Ambiental Setembro, 2016 &#8211; A Associa\u00e7\u00e3o Brasileira de Engenharia Sanit\u00e1ria e Ambiental (ABES-SP) e o Centro de Apoio \u00e0 Faculdade de Sa\u00fade P\u00fablica da Universidade de S\u00e3o Paulo (CEAP\/FSP) realizar\u00e3o, nos dias 16, 17 e 18 de novembro de 2016, uma Jornada de Minicursos em Saneamento Ambiental com&hellip;","_links":{"self":[{"href":"https:\/\/construcaocivil.siriusmarketingedesign.com.br\/index.php?rest_route=\/wp\/v2\/posts\/3572","targetHints":{"allow":["GET"]}}],"collection":[{"href":"https:\/\/construcaocivil.siriusmarketingedesign.com.br\/index.php?rest_route=\/wp\/v2\/posts"}],"about":[{"href":"https:\/\/construcaocivil.siriusmarketingedesign.com.br\/index.php?rest_route=\/wp\/v2\/types\/post"}],"author":[{"embeddable":true,"href":"https:\/\/construcaocivil.siriusmarketingedesign.com.br\/index.php?rest_route=\/wp\/v2\/users\/1"}],"replies":[{"embeddable":true,"href":"https:\/\/construcaocivil.siriusmarketingedesign.com.br\/index.php?rest_route=%2Fwp%2Fv2%2Fcomments&post=3572"}],"version-history":[{"count":0,"href":"https:\/\/construcaocivil.siriusmarketingedesign.com.br\/index.php?rest_route=\/wp\/v2\/posts\/3572\/revisions"}],"wp:attachment":[{"href":"https:\/\/construcaocivil.siriusmarketingedesign.com.br\/index.php?rest_route=%2Fwp%2Fv2%2Fmedia&parent=3572"}],"wp:term":[{"taxonomy":"category","embeddable":true,"href":"https:\/\/construcaocivil.siriusmarketingedesign.com.br\/index.php?rest_route=%2Fwp%2Fv2%2Fcategories&post=3572"},{"taxonomy":"post_tag","embeddable":true,"href":"https:\/\/construcaocivil.siriusmarketingedesign.com.br\/index.php?rest_route=%2Fwp%2Fv2%2Ftags&post=3572"}],"curies":[{"name":"wp","href":"https:\/\/api.w.org\/{rel}","templated":true}]}}