{"id":3601,"date":"2016-09-30T12:03:36","date_gmt":"2016-09-30T15:03:36","guid":{"rendered":"http:\/\/www.jornaldaconstrucaocivil.com.br\/?p=3601"},"modified":"2016-09-30T12:03:36","modified_gmt":"2016-09-30T15:03:36","slug":"explosoes-de-bueiros-de-energia-e-gas-da-light-e-ceg-causam-panico-e-acidentes-graves-no-rio","status":"publish","type":"post","link":"https:\/\/construcaocivil.siriusmarketingedesign.com.br\/?p=3601","title":{"rendered":"Explos\u00f5es de bueiros de energia e g\u00e1s, da Light e Ceg causam p\u00e2nico e acidentes graves no Rio"},"content":{"rendered":"<p style=\"text-align: justify;\"><span style=\"color: #ff0000;\">Cidade\u00a0<\/span><\/p>\n<p style=\"text-align: justify;\"><span style=\"color: #000080;\">Nesta sexta &#8211; feira(30\/09) mais uma explos\u00e3o de bueiro causou p\u00e2nico, na regi\u00e3o do centro.\u00a0<\/span><\/p>\n<p style=\"text-align: justify;\"><span style=\"color: #000000;\">Se n\u00e3o bastasse a falta de seguran\u00e7a na cidade por conta dos assaltos, que bateu recorde no m\u00eas de agosto na cidade do Rio. H\u00e1 mais de 05 anos, os moradores do Rio est\u00e3o sendo obrigados a conviverem com in\u00fameras explos\u00f5es de bueiros, em diversos bairros cariocas. J\u00e1 s\u00e3o mais de 27 explos\u00f5es com pelo menos 13 feridos. Em 2010, no bairro de Copacabana, uma turista americana ficou seriamente ferida pela explos\u00e3o de uma esta\u00e7\u00e3o de energia subterr\u00e2nea da LIGHT. At\u00e9 hoje, a norte americana sofre com sequelas irrevers\u00edveis no corpo.<\/span><\/p>\n<figure id=\"attachment_3603\" aria-describedby=\"caption-attachment-3603\" style=\"width: 960px\" class=\"wp-caption alignnone\"><a href=\"http:\/\/www.jornaldaconstrucaocivil.com.br\/wp-content\/uploads\/2016\/09\/BUEIRO-LIGHT-1.jpg\"><img loading=\"lazy\" decoding=\"async\" class=\"wp-image-3603 size-full\" src=\"http:\/\/www.jornaldaconstrucaocivil.com.br\/wp-content\/uploads\/2016\/09\/BUEIRO-LIGHT-1.jpg\" alt=\"bueiro-light\" width=\"960\" height=\"540\" \/><\/a><figcaption id=\"caption-attachment-3603\" class=\"wp-caption-text\"><span style=\"color: #993300;\">Explos\u00e3o de Bueiro, sob responsabilidade da LIGHT na regi\u00e3o do Centro, tem deixados pedestres em perigo constante. Nesta sexta(30\/09), mais uma explos\u00e3o. Foto: Berinaldo Lopes &#8211; Morador do Centro.<\/span><\/figcaption><\/figure>\n<p style=\"text-align: justify;\"><span style=\"color: #000000;\">No final de semana passado, no bairro da Lapa, regi\u00e3o bo\u00eamia da cidade, mais uma vez aconteceu explos\u00e3o de bueiro, de responsabilidade da LIGHT. Ferindo 08 pessoas de uma s\u00f3 vez. Entre, os feridos, tr\u00eas pessoas foram levadas para o Hospital Souza Aguiar, informou a Pol\u00edcia Militar. Entre as outras v\u00edtimas, tr\u00eas pessoas foram para o Hospital Copa D`Or, por conta pr\u00f3pria. Lembrando, que a CEG (Companhia de G\u00e1s), dias antes, teve na Avenida Rio Branco com esquina Rua Buenos Aires, duas explos\u00f5es de bueiro de g\u00e1s, que tamb\u00e9m feriu tr\u00eas t\u00e9cnicos da empresa que faziam manuten\u00e7\u00e3o da instala\u00e7\u00e3o de g\u00e1s.<\/span><\/p>\n<p style=\"text-align: justify;\"><span style=\"color: #000000;\">Na explos\u00e3o, da Lapa, os feridos socorridos foram: Aline B. Paes, 24 anos; Claudiney Barino, 45 anos; Marcia Santos, 39 anos; Paula M. Machado, 38 anos; Henrique Costa Fonseca, 35 anos; e Alfredo Luz. Segundo a assessoria municipal de Sa\u00fade do Rio, Aline teve 50% do corpo afetado por queimado e Claudiney teve 18% do corpo queimado, ambos que estavam no Centro de Tratamento de Queimados do Souza Aguiar foram transferidos para o Hospital da For\u00e7a A\u00e9rea do Gale\u00e3o no domingo.<\/span><\/p>\n<p style=\"text-align: justify;\"><span style=\"color: #000000;\">Hoje, nesta sexta feira (30\/09), novamente no Centro, um bueiro da Light explodiu. Dessa vez nenhuma pessoa ficou ferida.<\/span><\/p>\n<p style=\"text-align: justify;\"><span style=\"color: #000000;\">Para a moradora do Bairro, Rosinete Pires, 60 anos, que deixou de andar por cima dos bueiros que est\u00e3o espalhados pelas ruas cariocas, diz: <span style=\"color: #993300;\"><em>\u201c\u00c9 um absurdo e uma irresponsabilidade dessas empresas, Light e Ceg n\u00e3o cuidarem dessas explos\u00f5es e pior, n\u00e3o sabemos e nem temos informa\u00e7\u00f5es dos perigos que corremos as empresas n\u00e3o informam para n\u00f3s, os bueiros com perigos de explos\u00f5es\u201d<\/em><\/span>, finalizou a moradora.\u00a0<\/span><\/p>\n<p>J\u00e1 Berenaldo Lopes, afirma:<span style=\"color: #993300;\"> <em>&#8220;Falta de manuten\u00e7\u00e3o e maus servi\u00e7os prestados pelas concession\u00e1rias.E a incompet\u00eancia do governo do estado e da prefeitura que multa essas empresas&#8221;<\/em><\/span>, disse o morador do Centro.<\/p>\n<p style=\"text-align: justify;\">\n","protected":false},"excerpt":{"rendered":"<p>Cidade\u00a0 Nesta sexta &#8211; feira(30\/09) mais uma explos\u00e3o de bueiro causou p\u00e2nico, na regi\u00e3o do centro.\u00a0 Se n\u00e3o bastasse a falta de seguran\u00e7a na cidade por conta dos assaltos, que bateu recorde no m\u00eas de agosto na cidade do Rio. H\u00e1 mais de 05 anos, os moradores do Rio est\u00e3o sendo obrigados a conviverem com [&hellip;]<\/p>\n","protected":false},"author":1,"featured_media":3602,"comment_status":"open","ping_status":"open","sticky":false,"template":"","format":"standard","meta":{"_uag_custom_page_level_css":"","footnotes":""},"categories":[27],"tags":[395,2051,4289,4733,5804,6876,7849,8608,8767,9865,10093],"class_list":["post-3601","post","type-post","status-publish","format-standard","has-post-thumbnail","hentry","category-acontece","tag-acidentes-graves","tag-ceg","tag-energia-a-gas","tag-explosoes-de-bueiros","tag-hospitais","tag-light","tag-moradores","tag-panico","tag-pedestres","tag-queimados","tag-regiao-do-centro-do-rio"],"blocksy_meta":[],"spectra_blocks_featured_image_url":[],"spectra_blocks_author_info":{"display_name":"Jornal da Constru\u00e7\u00e3o Civil","avatar_url":"https:\/\/secure.gravatar.com\/avatar\/973c9774fd44ddaceb026973c4962faa70fc512bc4c9da68e8ebb40fecee6540?s=96&d=mm&r=g","author_link":"https:\/\/construcaocivil.siriusmarketingedesign.com.br\/?author=1","description":"Desde de 2013, levando muitas informa\u00e7\u00f5es, lan\u00e7amentos e produtos de qualidade para toda cadeia produtiva da constru\u00e7\u00e3o. O Futuro da constru\u00e7\u00e3o passa por aqui,"},"uagb_featured_image_src":{"full":false,"thumbnail":false,"medium":false,"medium_large":false,"large":false,"1536x1536":false,"2048x2048":false},"uagb_author_info":{"display_name":"Jornal da Constru\u00e7\u00e3o Civil","author_link":"https:\/\/construcaocivil.siriusmarketingedesign.com.br\/?author=1"},"uagb_comment_info":0,"uagb_excerpt":"Cidade\u00a0 Nesta sexta &#8211; feira(30\/09) mais uma explos\u00e3o de bueiro causou p\u00e2nico, na regi\u00e3o do centro.\u00a0 Se n\u00e3o bastasse a falta de seguran\u00e7a na cidade por conta dos assaltos, que bateu recorde no m\u00eas de agosto na cidade do Rio. H\u00e1 mais de 05 anos, os moradores do Rio est\u00e3o sendo obrigados a conviverem com&hellip;","_links":{"self":[{"href":"https:\/\/construcaocivil.siriusmarketingedesign.com.br\/index.php?rest_route=\/wp\/v2\/posts\/3601","targetHints":{"allow":["GET"]}}],"collection":[{"href":"https:\/\/construcaocivil.siriusmarketingedesign.com.br\/index.php?rest_route=\/wp\/v2\/posts"}],"about":[{"href":"https:\/\/construcaocivil.siriusmarketingedesign.com.br\/index.php?rest_route=\/wp\/v2\/types\/post"}],"author":[{"embeddable":true,"href":"https:\/\/construcaocivil.siriusmarketingedesign.com.br\/index.php?rest_route=\/wp\/v2\/users\/1"}],"replies":[{"embeddable":true,"href":"https:\/\/construcaocivil.siriusmarketingedesign.com.br\/index.php?rest_route=%2Fwp%2Fv2%2Fcomments&post=3601"}],"version-history":[{"count":0,"href":"https:\/\/construcaocivil.siriusmarketingedesign.com.br\/index.php?rest_route=\/wp\/v2\/posts\/3601\/revisions"}],"wp:attachment":[{"href":"https:\/\/construcaocivil.siriusmarketingedesign.com.br\/index.php?rest_route=%2Fwp%2Fv2%2Fmedia&parent=3601"}],"wp:term":[{"taxonomy":"category","embeddable":true,"href":"https:\/\/construcaocivil.siriusmarketingedesign.com.br\/index.php?rest_route=%2Fwp%2Fv2%2Fcategories&post=3601"},{"taxonomy":"post_tag","embeddable":true,"href":"https:\/\/construcaocivil.siriusmarketingedesign.com.br\/index.php?rest_route=%2Fwp%2Fv2%2Ftags&post=3601"}],"curies":[{"name":"wp","href":"https:\/\/api.w.org\/{rel}","templated":true}]}}