{"id":3609,"date":"2016-10-03T19:02:14","date_gmt":"2016-10-03T22:02:14","guid":{"rendered":"http:\/\/www.jornaldaconstrucaocivil.com.br\/?p=3609"},"modified":"2016-10-03T19:02:14","modified_gmt":"2016-10-03T22:02:14","slug":"qual-sera-o-futuro-das-cidades","status":"publish","type":"post","link":"https:\/\/construcaocivil.siriusmarketingedesign.com.br\/?p=3609","title":{"rendered":"Qual ser\u00e1 o futuro das cidades?"},"content":{"rendered":"<p style=\"text-align: justify;\"><span style=\"color: #ff0000;\">Por<strong>\u00a0<\/strong>Luiz Augusto Pereira de Almeida<\/span><\/p>\n<p style=\"text-align: justify;\"><span style=\"color: #000000;\">Quando falamos em meio ambiente, sempre pensamos em florestas, rios, cachoeiras e reservas naturais, dentre tantos outros elementos que comp\u00f5em os biomas e ecossistemas. Entretanto, o termo tamb\u00e9m se aplica \u00e0 \u00e1rea urbana de um munic\u00edpio, onde ocorrem as interfer\u00eancias antr\u00f3picas relativas \u00e0s urbaniza\u00e7\u00f5es e constru\u00e7\u00f5es. \u00c9 o habitat urbano!<\/span><\/p>\n<figure id=\"attachment_3610\" aria-describedby=\"caption-attachment-3610\" style=\"width: 286px\" class=\"wp-caption alignleft\"><a href=\"http:\/\/www.jornaldaconstrucaocivil.com.br\/wp-content\/uploads\/2016\/10\/Dr.-Luiz-Augusto_alta-OK.jpg\"><img loading=\"lazy\" decoding=\"async\" class=\"wp-image-3610\" src=\"http:\/\/www.jornaldaconstrucaocivil.com.br\/wp-content\/uploads\/2016\/10\/Dr.-Luiz-Augusto_alta-OK.jpg\" width=\"286\" height=\"249\" \/><\/a><figcaption id=\"caption-attachment-3610\" class=\"wp-caption-text\"><span style=\"color: #0000ff;\">Luiz Augusto Pereira de Almeida, diretor da Sobloco.<\/span><\/figcaption><\/figure>\n<p style=\"text-align: justify;\"><span style=\"color: #000000;\">A conceitua\u00e7\u00e3o e a delimita\u00e7\u00e3o do meio ambiente urbano s\u00e3o de suma import\u00e2ncia nas pol\u00edticas p\u00fablicas, pois as suas caracter\u00edsticas diferem do natural, merecendo outra forma de tratamento. Tal distin\u00e7\u00e3o \u00e9 ainda mais pertinente quando observamos uma tend\u00eancia irrevers\u00edvel da expans\u00e3o demogr\u00e1fica mundial: segundo a ONU, em 2050, o n\u00famero de habitantes da Terra, hoje de sete bilh\u00f5es de pessoas, chegar\u00e1 a 10 bilh\u00f5es, e 95% estar\u00e3o vivendo nas cidades. No Brasil, em certas regi\u00f5es, como no Sudeste, esse \u00edndice j\u00e1 ultrapassa os 90%.\u00a0 Portanto, diante do inevit\u00e1vel, nada mais l\u00f3gico do que nos preocuparmos, cada vez mais, com a qualidade da vida das popula\u00e7\u00f5es que ir\u00e3o habitar essas regi\u00f5es, com planos sustent\u00e1veis de assentamento urbano.<\/span><\/p>\n<p style=\"text-align: justify;\"><span style=\"color: #000000;\">O crescimento das cidades implica, na maioria das vezes, transformar ambientes naturais em urbanos. Esse processo impactante exige de seus respons\u00e1veis amplos cuidados para que as solu\u00e7\u00f5es de uso e ocupa\u00e7\u00e3o do solo sejam as mais sustent\u00e1veis poss\u00edveis. Hoje, j\u00e1 temos tecnologia para enfrentar as mais diversas situa\u00e7\u00f5es, sem causar danos ecol\u00f3gicos irrevers\u00edveis. Os processos de aprova\u00e7\u00e3o e licenciamento ambientais aperfei\u00e7oaram-se, assim como o entendimento dos empreendedores. O futuro das cidades e de sua sustentabilidade exigir\u00e1 menos paix\u00e3o e mais raz\u00e3o.<\/span><\/p>\n<p style=\"text-align: justify;\"><span style=\"color: #000000;\">Felizmente, j\u00e1 podemos identificar algumas iniciativas do poder p\u00fablico, com o prop\u00f3sito de ordenar o uso e ocupa\u00e7\u00e3o do solo em longo prazo. O Governo do Estado de S\u00e3o Paulo, dando aten\u00e7\u00e3o ao futuro de nosso litoral e\u00a0 com grande propriedade, promulgou o Decreto 58.996\/2013, que disp\u00f5e sobre o Zoneamento Ecol\u00f3gico-Econ\u00f4mico da Baixada Santista, regulamentando Lei Estadual 10.019 de 1998.\u00a0 A norma \u00e9 mais do que bem-vinda, pois, pela primeira vez, v\u00ea-se uma proposta objetiva para o crescimento econ\u00f4mico e social da regi\u00e3o, preserva\u00e7\u00e3o do meio ambiente e o estabelecimento de maior seguran\u00e7a jur\u00eddica para os investimentos.<\/span><\/p>\n<p style=\"text-align: justify;\"><span style=\"color: #000000;\">Resumidamente, o decreto prev\u00ea um zoneamento marinho e outro terrestre. Na parte terrestre, foram definidos cinco tipos de usos permitidos, em fun\u00e7\u00e3o das caracter\u00edsticas ambientais e urbanas de cada territ\u00f3rio analisado. Desde uma Z1, que mant\u00e9m os ecossistemas primitivos em pleno equil\u00edbrio ambiental e permite usos como pesquisa cient\u00edfica, educa\u00e7\u00e3o ambiental, pesca artesanal e outros do g\u00eanero, at\u00e9 uma Z5, onde a maior parte desses ecossistemas encontra-se degradada ou alterada e que prev\u00ea usos como assentamentos urbanos, instala\u00e7\u00f5es industriais, comerciais e de servi\u00e7os. <\/span><span style=\"color: #000000;\">O decreto apresenta um mapa bastante did\u00e1tico, contendo as informa\u00e7\u00f5es deste zoneamento\u00a0<\/span><span style=\"color: #0000ff;\">\u00a0(<a style=\"color: #0000ff;\" href=\"http:\/\/www.ambiente.sp.gov.br\/cpla\/zoneamento-ecologico-economico\/baixada-santista\">http:\/\/www.ambiente.sp.gov.br\/cpla\/zoneamento-ecologico-economico\/baixada-santista<\/a>).<\/span><\/p>\n<p style=\"text-align: justify;\"><span style=\"color: #000000;\">Fruto de um trabalho multidisciplinar do poder p\u00fablico, principalmente nas esferas estadual e municipal e, tamb\u00e9m, com ampla participa\u00e7\u00e3o da sociedade civil, a norma alcan\u00e7a uma popula\u00e7\u00e3o de 1,8 milh\u00e3o de pessoas, divididas em nove munic\u00edpios e que cresce a taxas de 1% ao ano. Se bem interpretado e utilizado, o decreto poder\u00e1 servir de marco regulat\u00f3rio para o desenvolvimento dessas cidades, aperfei\u00e7oamentos e expans\u00e3o de seus bairros e projetos para a melhoria da qualidade da vida de suas comunidades.\u00a0<\/span><\/p>\n<p style=\"text-align: justify;\"><span style=\"color: #000000;\">Ao estabelecer regras claras sobre o que preservar e onde e como crescer, a norma alinhou-se \u00e0 Agenda 2030 da ONU, que, dentre seus objetivos, busca tornar o meio urbano e os assentamentos humanos mais inclusivos, seguros, resilientes e sustent\u00e1veis. As pessoas procuram as cidades em busca de melhores empregos e renda. Trazem suas fam\u00edlias e t\u00eam expectativas de uma vida melhor. \u00c9 justo que encontrem um local onde o progresso econ\u00f4mico, social e tecnol\u00f3gico esteja em sintonia com a natureza.<\/span><\/p>\n<p style=\"text-align: justify;\"><span style=\"color: #000000;\">Um meio ambiente equilibrado, conforme reza a nossa Constitui\u00e7\u00e3o, \u00e9 um direito de todos, mas no cen\u00e1rio urbano ele traduz-se pela qualidade da vida. Os seres humanos, para serem atendidos em suas necessidades b\u00e1sicas e direitos inerentes \u00e0 cidadania, precisam de cidades cuja expans\u00e3o seja decorrente de um planejamento eficiente, traduzido em habita\u00e7\u00e3o adequada, universaliza\u00e7\u00e3o da \u00e1gua e esgoto tratado, sistemas eficientes de transporte, parques p\u00fablicos, seguran\u00e7a, sa\u00fade e educa\u00e7\u00e3o.<\/span><\/p>\n<p style=\"text-align: justify;\"><span style=\"color: #993300;\"><strong>*Luiz Augusto Pereira de Almeida<\/strong> \u00e9 diretor da Fiabci\/Brasil e diretor de Marketing da Sobloco Construtora<\/span><\/p>\n","protected":false},"excerpt":{"rendered":"<p>Por\u00a0Luiz Augusto Pereira de Almeida Quando falamos em meio ambiente, sempre pensamos em florestas, rios, cachoeiras e reservas naturais, dentre tantos outros elementos que comp\u00f5em os biomas e ecossistemas. Entretanto, o termo tamb\u00e9m se aplica \u00e0 \u00e1rea urbana de um munic\u00edpio, onde ocorrem as interfer\u00eancias antr\u00f3picas relativas \u00e0s urbaniza\u00e7\u00f5es e constru\u00e7\u00f5es. \u00c9 o habitat urbano! [&hellip;]<\/p>\n","protected":false},"author":1,"featured_media":3610,"comment_status":"open","ping_status":"open","sticky":false,"template":"","format":"standard","meta":{"_uag_custom_page_level_css":"","footnotes":""},"categories":[31],"tags":[559,1218,2826,5317,5729,5736,7438,10700,11470,12581],"class_list":["post-3609","post","type-post","status-publish","format-standard","has-post-thumbnail","hentry","category-infraestrutura","tag-agua-e-esgoto-tratado","tag-baixada-santista","tag-construcao-civil","tag-futuro-das-cidades","tag-habitacao","tag-habitat-urbano","tag-meio-ambiente","tag-saude-e-educacao","tag-sustentabilidade","tag-zoneamento-ecologico-economico"],"blocksy_meta":[],"spectra_blocks_featured_image_url":[],"spectra_blocks_author_info":{"display_name":"Jornal da Constru\u00e7\u00e3o Civil","avatar_url":"https:\/\/secure.gravatar.com\/avatar\/973c9774fd44ddaceb026973c4962faa70fc512bc4c9da68e8ebb40fecee6540?s=96&d=mm&r=g","author_link":"https:\/\/construcaocivil.siriusmarketingedesign.com.br\/?author=1","description":"Desde de 2013, levando muitas informa\u00e7\u00f5es, lan\u00e7amentos e produtos de qualidade para toda cadeia produtiva da constru\u00e7\u00e3o. O Futuro da constru\u00e7\u00e3o passa por aqui,"},"uagb_featured_image_src":{"full":false,"thumbnail":false,"medium":false,"medium_large":false,"large":false,"1536x1536":false,"2048x2048":false},"uagb_author_info":{"display_name":"Jornal da Constru\u00e7\u00e3o Civil","author_link":"https:\/\/construcaocivil.siriusmarketingedesign.com.br\/?author=1"},"uagb_comment_info":0,"uagb_excerpt":"Por\u00a0Luiz Augusto Pereira de Almeida Quando falamos em meio ambiente, sempre pensamos em florestas, rios, cachoeiras e reservas naturais, dentre tantos outros elementos que comp\u00f5em os biomas e ecossistemas. Entretanto, o termo tamb\u00e9m se aplica \u00e0 \u00e1rea urbana de um munic\u00edpio, onde ocorrem as interfer\u00eancias antr\u00f3picas relativas \u00e0s urbaniza\u00e7\u00f5es e constru\u00e7\u00f5es. \u00c9 o habitat urbano!&hellip;","_links":{"self":[{"href":"https:\/\/construcaocivil.siriusmarketingedesign.com.br\/index.php?rest_route=\/wp\/v2\/posts\/3609","targetHints":{"allow":["GET"]}}],"collection":[{"href":"https:\/\/construcaocivil.siriusmarketingedesign.com.br\/index.php?rest_route=\/wp\/v2\/posts"}],"about":[{"href":"https:\/\/construcaocivil.siriusmarketingedesign.com.br\/index.php?rest_route=\/wp\/v2\/types\/post"}],"author":[{"embeddable":true,"href":"https:\/\/construcaocivil.siriusmarketingedesign.com.br\/index.php?rest_route=\/wp\/v2\/users\/1"}],"replies":[{"embeddable":true,"href":"https:\/\/construcaocivil.siriusmarketingedesign.com.br\/index.php?rest_route=%2Fwp%2Fv2%2Fcomments&post=3609"}],"version-history":[{"count":0,"href":"https:\/\/construcaocivil.siriusmarketingedesign.com.br\/index.php?rest_route=\/wp\/v2\/posts\/3609\/revisions"}],"wp:attachment":[{"href":"https:\/\/construcaocivil.siriusmarketingedesign.com.br\/index.php?rest_route=%2Fwp%2Fv2%2Fmedia&parent=3609"}],"wp:term":[{"taxonomy":"category","embeddable":true,"href":"https:\/\/construcaocivil.siriusmarketingedesign.com.br\/index.php?rest_route=%2Fwp%2Fv2%2Fcategories&post=3609"},{"taxonomy":"post_tag","embeddable":true,"href":"https:\/\/construcaocivil.siriusmarketingedesign.com.br\/index.php?rest_route=%2Fwp%2Fv2%2Ftags&post=3609"}],"curies":[{"name":"wp","href":"https:\/\/api.w.org\/{rel}","templated":true}]}}