{"id":362,"date":"2015-11-12T18:26:18","date_gmt":"2015-11-12T18:26:18","guid":{"rendered":"http:\/\/www.jornaldaconstrucaocivil.com.br\/?p=362"},"modified":"2015-11-12T18:26:18","modified_gmt":"2015-11-12T18:26:18","slug":"volvo-faz-lancamentos-de-caminhoes-e-lanca-novas-solucoes-em-transporte-na-fenatran","status":"publish","type":"post","link":"https:\/\/construcaocivil.siriusmarketingedesign.com.br\/?p=362","title":{"rendered":"Volvo faz lan\u00e7amentos de caminh\u00f5es e lan\u00e7a novas solu\u00e7\u00f5es em transporte na Fenatran"},"content":{"rendered":"<p><span style=\"color: #000000;\"><strong>A Volvo traz para a Fenatran 2015 o que h\u00e1 de mais avan\u00e7ado em transporte comercial. <\/strong><\/span><\/p>\n<p><span style=\"color: #000000;\"><strong>S\u00e3o caminh\u00f5es, solu\u00e7\u00f5es em transporte, novos produtos e servi\u00e7os que\u00a0<\/strong><\/span><span style=\"color: #000000;\"><strong>colaboram para melhorar a efici\u00eancia do transportador brasileiro e latino-americano. <em>\u201cAumentar a produtividade do caminh\u00e3o e da opera\u00e7\u00e3o de transporte \u00e9 fundamental para enfrentar uma conjuntura mais restritiva\u201d<\/em>, afirma Bernardo Fedalto, diretor de caminh\u00f5es Volvo no Brasil.<\/strong><\/span><\/p>\n<figure id=\"attachment_363\" aria-describedby=\"caption-attachment-363\" style=\"width: 230px\" class=\"wp-caption alignleft\"><a href=\"http:\/\/www.jornaldaconstrucaocivil.com.br\/wp-content\/uploads\/2015\/11\/22478313927_cf50aa1da6_k.jpg\"><img loading=\"lazy\" decoding=\"async\" class=\"wp-image-363\" src=\"http:\/\/www.jornaldaconstrucaocivil.com.br\/wp-content\/uploads\/2015\/11\/22478313927_cf50aa1da6_k-300x200.jpg\" alt=\"22478313927_cf50aa1da6_k\" width=\"230\" height=\"153\" \/><\/a><figcaption id=\"caption-attachment-363\" class=\"wp-caption-text\"><span style=\"color: #ff0000;\">Bernardo Fedalto, Diretor Volvo Caminh\u00f5es no Brasil. Foto: Volvo <\/span><\/figcaption><\/figure>\n<p><span style=\"color: #000000;\">A mais recente inova\u00e7\u00e3o da Volvo em caminh\u00f5es \u00e9 o FH 6&#215;4 com o eixo suspensor, que est\u00e1 sendo exibido no estande da marca na Fenatran. O ve\u00edculo possui uma tecnologia \u00fanica no mercado brasileiro que desengata e levanta o segundo eixo de tra\u00e7\u00e3o. <em>\u201c\u00c9 uma solu\u00e7\u00e3o dirigida para transportadores com opera\u00e7\u00f5es que t\u00eam trajetos com pouca ou nenhuma carga\u201d<\/em>, diz o diretor. Ele explica que \u00e9 uma solu\u00e7\u00e3o inteligente para proporcionar menor consumo de combust\u00edvel e mais conforto na jornada de trabalho.<\/span><\/p>\n<p><span style=\"color: #000000;\"><strong>\u00a0<\/strong><\/span><span style=\"color: #000000;\">A Volvo tamb\u00e9m mostra no estande o seu sistema de gerenciamento de frota, agora com mais funcionalidades. O Dynafleet \u00e9 uma ferramenta de conectividade voltada para aumentar a produtividade dos caminh\u00f5es e a economizar combust\u00edvel. <\/span><\/p>\n<p><span style=\"color: #000000;\">O sistema permite acompanhar em tempo real o desempenho dos caminh\u00f5es e a performance dos condutores, e tamb\u00e9m a troca de mensagens entre os motoristas e a base da opera\u00e7\u00e3o. <em>\u201cA conectividade colabora para aumentar a rentabilidade do transportador\u201d<\/em>, declara Nilton Roeder, diretor de estrat\u00e9gia, desenvolvimento de neg\u00f3cios e suporte a vendas de caminh\u00f5es do Grupo Volvo Am\u00e9rica Latina.<\/span><\/p>\n<p>Outra importante solu\u00e7\u00e3o mostrada na Fenatran \u00e9 o Plano de Manuten\u00e7\u00e3o, que a cada dia ganha mais espa\u00e7o no setor. Prestado pela marca em conjunto com sua rede de concession\u00e1rios, este servi\u00e7o j\u00e1 est\u00e1 presente em 50% de todas as vendas de caminh\u00f5es. <em>\u201cUm em cada dois caminh\u00f5es Volvo j\u00e1 come\u00e7a rodando pelas estradas com alguma modalidade de plano de manuten\u00e7\u00e3o\u201d<\/em>, comemora Reinaldo Serafim, gerente de p\u00f3s-venda da Volvo. Com ele, o transportador deixa a manuten\u00e7\u00e3o dos ve\u00edculos por conta dos concession\u00e1rios, e se concentra no neg\u00f3cio do transporte, aumentando a produtividade da opera\u00e7\u00e3o. <em>\u201cO plano de manuten\u00e7\u00e3o transforma custos vari\u00e1veis em custos fixos e elimina a preocupa\u00e7\u00e3o com oficinas, pe\u00e7as, reparos e treinamento de mec\u00e2nicos\u201d<\/em>, destaca.<\/p>\n<p>Al\u00e9m disso, a Volvo exibir\u00e1 13 caminh\u00f5es da marca dos modelos FH, FM, FMX e a linha VM, que tamb\u00e9m foi atualizada recentemente. O FH e o FM s\u00e3o os caminh\u00f5es pesados rodovi\u00e1rios voltados para opera\u00e7\u00f5es de longa dist\u00e2ncia e alta produtividade. O FMX \u00e9 o ve\u00edculo dirigido para o transporte pesado em condi\u00e7\u00f5es severas. A linha VM \u00e9 formada por caminh\u00f5es pesados e semipesados e \u00e9 voltada para atender uma grande variedade de segmentos de transporte. As linhas F e VM foram totalmente renovadas no Brasil, acompanhando o avan\u00e7o mundial da engenharia da Volvo.<\/p>\n<p><span style=\"color: #000000;\">No estande da Fenatran a Volvo Financial Services tamb\u00e9m lan\u00e7ar\u00e1 novas solu\u00e7\u00f5es integradas em financiamentos, seguros e cons\u00f3rcio para os produtos da marca. Divis\u00e3o do Grupo Volvo respons\u00e1vel pelo financiamento dos produtos da marca, a VFS oferecer\u00e1 exclusivamente no per\u00edodo da feira um plano especial, com taxas e condi\u00e7\u00f5es vantajosas para o transportador.<\/span><\/p>\n<p>Para facilitar a aquisi\u00e7\u00e3o dos caminh\u00f5es das linhas F e VM, a institui\u00e7\u00e3o financiar\u00e1 at\u00e9 100% do valor do bem por meio do Banco Volvo, com um prazo de at\u00e9 60 meses.<\/p>\n<p><span style=\"color: #000000;\"><em>\u201cSomos um banco especializado em oferecer solu\u00e7\u00f5es integradas e sob medida para o setor de transporte\u201d<\/em>, afirma Ruy Meirelles, presidente da VFS Brasil. Ele diz que a VFS tamb\u00e9m lan\u00e7ar\u00e1 o Seguro de Cargas e um plano especial de Cons\u00f3rcio.<\/span><\/p>\n","protected":false},"excerpt":{"rendered":"<p>A Volvo traz para a Fenatran 2015 o que h\u00e1 de mais avan\u00e7ado em transporte comercial. S\u00e3o caminh\u00f5es, solu\u00e7\u00f5es em transporte, novos produtos e servi\u00e7os que\u00a0colaboram para melhorar a efici\u00eancia do transportador brasileiro e latino-americano. \u201cAumentar a produtividade do caminh\u00e3o e da opera\u00e7\u00e3o de transporte \u00e9 fundamental para enfrentar uma conjuntura mais restritiva\u201d, afirma Bernardo [&hellip;]<\/p>\n","protected":false},"author":1,"featured_media":363,"comment_status":"open","ping_status":"open","sticky":false,"template":"","format":"standard","meta":{"_uag_custom_page_level_css":"","footnotes":""},"categories":[27],"tags":[4958,5033,12466],"class_list":["post-362","post","type-post","status-publish","format-standard","has-post-thumbnail","hentry","category-acontece","tag-fenatram-2015","tag-fh-6x4","tag-volvo"],"blocksy_meta":[],"spectra_blocks_featured_image_url":[],"spectra_blocks_author_info":{"display_name":"Jornal da Constru\u00e7\u00e3o Civil","avatar_url":"https:\/\/secure.gravatar.com\/avatar\/973c9774fd44ddaceb026973c4962faa70fc512bc4c9da68e8ebb40fecee6540?s=96&d=mm&r=g","author_link":"https:\/\/construcaocivil.siriusmarketingedesign.com.br\/?author=1","description":"Desde de 2013, levando muitas informa\u00e7\u00f5es, lan\u00e7amentos e produtos de qualidade para toda cadeia produtiva da constru\u00e7\u00e3o. O Futuro da constru\u00e7\u00e3o passa por aqui,"},"uagb_featured_image_src":{"full":false,"thumbnail":false,"medium":false,"medium_large":false,"large":false,"1536x1536":false,"2048x2048":false},"uagb_author_info":{"display_name":"Jornal da Constru\u00e7\u00e3o Civil","author_link":"https:\/\/construcaocivil.siriusmarketingedesign.com.br\/?author=1"},"uagb_comment_info":0,"uagb_excerpt":"A Volvo traz para a Fenatran 2015 o que h\u00e1 de mais avan\u00e7ado em transporte comercial. S\u00e3o caminh\u00f5es, solu\u00e7\u00f5es em transporte, novos produtos e servi\u00e7os que\u00a0colaboram para melhorar a efici\u00eancia do transportador brasileiro e latino-americano. \u201cAumentar a produtividade do caminh\u00e3o e da opera\u00e7\u00e3o de transporte \u00e9 fundamental para enfrentar uma conjuntura mais restritiva\u201d, afirma Bernardo&hellip;","_links":{"self":[{"href":"https:\/\/construcaocivil.siriusmarketingedesign.com.br\/index.php?rest_route=\/wp\/v2\/posts\/362","targetHints":{"allow":["GET"]}}],"collection":[{"href":"https:\/\/construcaocivil.siriusmarketingedesign.com.br\/index.php?rest_route=\/wp\/v2\/posts"}],"about":[{"href":"https:\/\/construcaocivil.siriusmarketingedesign.com.br\/index.php?rest_route=\/wp\/v2\/types\/post"}],"author":[{"embeddable":true,"href":"https:\/\/construcaocivil.siriusmarketingedesign.com.br\/index.php?rest_route=\/wp\/v2\/users\/1"}],"replies":[{"embeddable":true,"href":"https:\/\/construcaocivil.siriusmarketingedesign.com.br\/index.php?rest_route=%2Fwp%2Fv2%2Fcomments&post=362"}],"version-history":[{"count":0,"href":"https:\/\/construcaocivil.siriusmarketingedesign.com.br\/index.php?rest_route=\/wp\/v2\/posts\/362\/revisions"}],"wp:featuredmedia":[{"embeddable":true,"href":"https:\/\/construcaocivil.siriusmarketingedesign.com.br\/index.php?rest_route=\/wp\/v2\/posts\/363"}],"wp:attachment":[{"href":"https:\/\/construcaocivil.siriusmarketingedesign.com.br\/index.php?rest_route=%2Fwp%2Fv2%2Fmedia&parent=362"}],"wp:term":[{"taxonomy":"category","embeddable":true,"href":"https:\/\/construcaocivil.siriusmarketingedesign.com.br\/index.php?rest_route=%2Fwp%2Fv2%2Fcategories&post=362"},{"taxonomy":"post_tag","embeddable":true,"href":"https:\/\/construcaocivil.siriusmarketingedesign.com.br\/index.php?rest_route=%2Fwp%2Fv2%2Ftags&post=362"}],"curies":[{"name":"wp","href":"https:\/\/api.w.org\/{rel}","templated":true}]}}