{"id":3631,"date":"2016-10-05T14:34:38","date_gmt":"2016-10-05T17:34:38","guid":{"rendered":"http:\/\/www.jornaldaconstrucaocivil.com.br\/?p=3631"},"modified":"2016-10-05T14:34:38","modified_gmt":"2016-10-05T17:34:38","slug":"familias-contempladas-com-casas-no-parque-minas-gerais-recebem-chaves-nesta-quarta-feira","status":"publish","type":"post","link":"https:\/\/construcaocivil.siriusmarketingedesign.com.br\/?p=3631","title":{"rendered":"Fam\u00edlias contempladas com casas no Parque Minas Gerais recebem chaves nesta quarta-feira"},"content":{"rendered":"<p style=\"text-align: justify;\"><span style=\"color: #800080;\">Habita\u00e7\u00e3o<\/span><\/p>\n<p style=\"text-align: justify;\"><span style=\"color: #000000;\"><span style=\"color: #993300;\">Resende, Outubro, 2016 &#8211;<\/span> O prefeito Jos\u00e9 Rechuan participa nesta quarta-feira, dia 5, da entrega das chaves aos contemplados com as 616 casas do Programa Minha Casa Minha Vida, nos condom\u00ednios Gard\u00eania e Tulipa, localizados no Parque Minas Gerais. A entrega, que acontecer\u00e1 \u00e0s 9 horas, ter\u00e1 a participa\u00e7\u00e3o de representantes da Caixa Econ\u00f4mica Federal e da Secretaria Municipal de Habita\u00e7\u00e3o e Regulariza\u00e7\u00e3o Fundi\u00e1ria.<\/span><\/p>\n<figure id=\"attachment_3632\" aria-describedby=\"caption-attachment-3632\" style=\"width: 414px\" class=\"wp-caption alignleft\"><a href=\"http:\/\/www.jornaldaconstrucaocivil.com.br\/wp-content\/uploads\/2016\/10\/Condom\u00ednio-Minha-Casa-Minha-Vida-Parque-Minas-Gerais-Foto-M\u00e1rcio-Fabian.jpg\"><img loading=\"lazy\" decoding=\"async\" class=\"wp-image-3632\" src=\"http:\/\/www.jornaldaconstrucaocivil.com.br\/wp-content\/uploads\/2016\/10\/Condom\u00ednio-Minha-Casa-Minha-Vida-Parque-Minas-Gerais-Foto-M\u00e1rcio-Fabian.jpg\" alt=\"condominio-minha-casa-minha-vida-parque-minas-gerais-foto-marcio-fabian\" width=\"414\" height=\"275\" \/><\/a><figcaption id=\"caption-attachment-3632\" class=\"wp-caption-text\"><span style=\"color: #993300;\">Condominio Minha Casa Minha Vida- Parque Minas Gerais. Foto: M\u00e1rcio Fabian<\/span><\/figcaption><\/figure>\n<p style=\"text-align: justify;\"><span style=\"color: #000000;\">&#8211;<em> Conseguimos, ainda em 2009, viabilizar a vinda do Programa para Resende, conseguindo liberar a constru\u00e7\u00e3o de 856 unidades. Para realizar o empreendimento, o munic\u00edpio doou os terrenos para a Caixa Econ\u00f4mica Federal e desde ent\u00e3o trabalhamos duro e em conjunto para entregar essas casas. \u00c9 uma enorme satisfa\u00e7\u00e3o participar da realiza\u00e7\u00e3o do sonho de tantas pessoas, que poder\u00e3o agora viver com a dignidade merecida<\/em> &#8211; ressalta Rechuan.<\/span><\/p>\n<p style=\"text-align: justify;\"><span style=\"color: #000000;\">As fam\u00edlias beneficiadas assinaram os contratos no \u00faltimo dia 20 de setembro. O residencial Tulipa conta com 212 unidades, enquanto o Gard\u00eania possui 404. Ambos possuem casas de 40 metros quadrados compostas por dois quartos, sala, cozinha, banheiro e quintal, al\u00e9m de sal\u00e3o de festas, \u00e1rea de lazer, quadra esportiva, parque infantil, guarita e interfone.<\/span><\/p>\n<p style=\"text-align: justify;\"><span style=\"color: #000000;\">Os im\u00f3veis s\u00e3o destinados a grupos familiares com renda de zero at\u00e9 R$ 1.800,00 mensais, que pagar\u00e3o 120 presta\u00e7\u00f5es a partir de R$ 80, de acordo com a renda de cada um. Os crit\u00e9rios para a sele\u00e7\u00e3o dos beneficiados est\u00e3o previstos pela Portaria n\u00ba 412, de 06\/08\/2015, do Minist\u00e9rio das Cidades.\u00a0 A prioridade foi para fam\u00edlias provenientes de \u00e1reas de risco, sustentadas por mulheres e\/ou com idosos ou deficientes \u2013 cada residencial tem uma cota de 3% de im\u00f3veis adaptados para atender esse p\u00fablico.<\/span><\/p>\n<p style=\"text-align: justify;\"><span style=\"color: #000000;\">Em maio deste ano foram entregues 192 apartamentos do Programa Minha Casa Minha Vida do condom\u00ednio Morada da Barra. Em 2013, 48 unidades desse empreendimento j\u00e1 haviam sido ocupadas.<\/span><\/p>\n<p style=\"text-align: justify;\"><span style=\"color: #000000;\">O secret\u00e1rio municipal de Habita\u00e7\u00e3o e Regulariza\u00e7\u00e3o Fundi\u00e1ria, Nelson Leite, explica que todo o processo, desde a aprova\u00e7\u00e3o do projeto para a libera\u00e7\u00e3o de recursos para o munic\u00edpio at\u00e9 a entrega das chaves \u00e0s fam\u00edlias contempladas, depende de etapas que devem ser cumpridas junto \u00e0 Caixa Econ\u00f4mica.<\/span><\/p>\n<p style=\"text-align: justify;\"><span style=\"color: #000000;\">&#8211;<em> Os empreendimentos levaram um ano para serem aprovados porque existem v\u00e1rias exig\u00eancias burocr\u00e1ticas que devem ser cumpridas pela construtora vencedora da licita\u00e7\u00e3o realizada pela Caixa, com os devidos licenciamentos. As obras de constru\u00e7\u00e3o foram iniciadas em 2010 e chegaram a ser interrompidas, atrasando o cronograma inicial, j\u00e1 que novas licita\u00e7\u00f5es tiveram que ser realizadas<\/em> \u2013 lembra.<\/span><\/p>\n<p style=\"text-align: justify;\"><span style=\"color: #000000;\">\u00a0Segundo Nelson, a responsabilidade do munic\u00edpio \u00e9 essencialmente o cadastramento das fam\u00edlias para o Programa, atendendo aos crit\u00e9rios previstos em lei.\u00a0 Resende possu\u00eda o cadastro de 8.100 fam\u00edlias e, ap\u00f3s a pr\u00e9-sele\u00e7\u00e3o, enviou uma lista com 1.253 nomes para a Caixa, que por sua realizou outra avalia\u00e7\u00e3o para verificar a veracidade das informa\u00e7\u00f5es e o cumprimento dos requisitos. Dessa lista, foram selecionados 900 nomes para receberem novamente a visita dos assistentes sociais e ent\u00e3o a Caixa Econ\u00f4mica escolheu os beneficiados.<\/span><\/p>\n","protected":false},"excerpt":{"rendered":"<p>Habita\u00e7\u00e3o Resende, Outubro, 2016 &#8211; O prefeito Jos\u00e9 Rechuan participa nesta quarta-feira, dia 5, da entrega das chaves aos contemplados com as 616 casas do Programa Minha Casa Minha Vida, nos condom\u00ednios Gard\u00eania e Tulipa, localizados no Parque Minas Gerais. A entrega, que acontecer\u00e1 \u00e0s 9 horas, ter\u00e1 a participa\u00e7\u00e3o de representantes da Caixa Econ\u00f4mica [&hellip;]<\/p>\n","protected":false},"author":1,"featured_media":3632,"comment_status":"open","ping_status":"open","sticky":false,"template":"","format":"standard","meta":{"_uag_custom_page_level_css":"","footnotes":""},"categories":[27],"tags":[4382,5729,7692,8682,9280,10215,11441],"class_list":["post-3631","post","type-post","status-publish","format-standard","has-post-thumbnail","hentry","category-acontece","tag-entregas-de-casas-populares","tag-habitacao","tag-minha-casa-minha-vida","tag-parque-minas-gerais","tag-prefeito-jose-rechuan","tag-resende-rj","tag-sul-fluminense"],"blocksy_meta":[],"spectra_blocks_featured_image_url":[],"spectra_blocks_author_info":{"display_name":"Jornal da Constru\u00e7\u00e3o Civil","avatar_url":"https:\/\/secure.gravatar.com\/avatar\/973c9774fd44ddaceb026973c4962faa70fc512bc4c9da68e8ebb40fecee6540?s=96&d=mm&r=g","author_link":"https:\/\/construcaocivil.siriusmarketingedesign.com.br\/?author=1","description":"Desde de 2013, levando muitas informa\u00e7\u00f5es, lan\u00e7amentos e produtos de qualidade para toda cadeia produtiva da constru\u00e7\u00e3o. O Futuro da constru\u00e7\u00e3o passa por aqui,"},"uagb_featured_image_src":{"full":false,"thumbnail":false,"medium":false,"medium_large":false,"large":false,"1536x1536":false,"2048x2048":false},"uagb_author_info":{"display_name":"Jornal da Constru\u00e7\u00e3o Civil","author_link":"https:\/\/construcaocivil.siriusmarketingedesign.com.br\/?author=1"},"uagb_comment_info":0,"uagb_excerpt":"Habita\u00e7\u00e3o Resende, Outubro, 2016 &#8211; O prefeito Jos\u00e9 Rechuan participa nesta quarta-feira, dia 5, da entrega das chaves aos contemplados com as 616 casas do Programa Minha Casa Minha Vida, nos condom\u00ednios Gard\u00eania e Tulipa, localizados no Parque Minas Gerais. A entrega, que acontecer\u00e1 \u00e0s 9 horas, ter\u00e1 a participa\u00e7\u00e3o de representantes da Caixa Econ\u00f4mica&hellip;","_links":{"self":[{"href":"https:\/\/construcaocivil.siriusmarketingedesign.com.br\/index.php?rest_route=\/wp\/v2\/posts\/3631","targetHints":{"allow":["GET"]}}],"collection":[{"href":"https:\/\/construcaocivil.siriusmarketingedesign.com.br\/index.php?rest_route=\/wp\/v2\/posts"}],"about":[{"href":"https:\/\/construcaocivil.siriusmarketingedesign.com.br\/index.php?rest_route=\/wp\/v2\/types\/post"}],"author":[{"embeddable":true,"href":"https:\/\/construcaocivil.siriusmarketingedesign.com.br\/index.php?rest_route=\/wp\/v2\/users\/1"}],"replies":[{"embeddable":true,"href":"https:\/\/construcaocivil.siriusmarketingedesign.com.br\/index.php?rest_route=%2Fwp%2Fv2%2Fcomments&post=3631"}],"version-history":[{"count":0,"href":"https:\/\/construcaocivil.siriusmarketingedesign.com.br\/index.php?rest_route=\/wp\/v2\/posts\/3631\/revisions"}],"wp:attachment":[{"href":"https:\/\/construcaocivil.siriusmarketingedesign.com.br\/index.php?rest_route=%2Fwp%2Fv2%2Fmedia&parent=3631"}],"wp:term":[{"taxonomy":"category","embeddable":true,"href":"https:\/\/construcaocivil.siriusmarketingedesign.com.br\/index.php?rest_route=%2Fwp%2Fv2%2Fcategories&post=3631"},{"taxonomy":"post_tag","embeddable":true,"href":"https:\/\/construcaocivil.siriusmarketingedesign.com.br\/index.php?rest_route=%2Fwp%2Fv2%2Ftags&post=3631"}],"curies":[{"name":"wp","href":"https:\/\/api.w.org\/{rel}","templated":true}]}}