{"id":3642,"date":"2016-10-05T16:54:23","date_gmt":"2016-10-05T19:54:23","guid":{"rendered":"http:\/\/www.jornaldaconstrucaocivil.com.br\/?p=3642"},"modified":"2016-10-05T16:54:23","modified_gmt":"2016-10-05T19:54:23","slug":"aeroporto-internacional-de-cabo-frio-tera-posto-de-recolhimento-de-oleo-de-cozinha-utilizado","status":"publish","type":"post","link":"https:\/\/construcaocivil.siriusmarketingedesign.com.br\/?p=3642","title":{"rendered":"Aeroporto Internacional de Cabo Frio ter\u00e1 posto de recolhimento de \u00f3leo de cozinha utilizado"},"content":{"rendered":"<p style=\"text-align: justify;\"><span style=\"color: #000080;\"><strong>A iniciativa \u00e9 de alunos dos cursos de Gest\u00e3o Ambiental e Administra\u00e7\u00e3o da Est\u00e1cio, que promove a\u00e7\u00f5es para conscientizar a popula\u00e7\u00e3o sobre a necessidade do descarte correto da subst\u00e2ncia<\/strong><\/span><\/p>\n<p style=\"text-align: justify;\"><span style=\"color: #ff0000;\">Outubro, 2016 &#8211;<\/span> <span style=\"color: #000000;\">Ser\u00e1 instalado, no in\u00edcio de outubro, um ponto de recolhimento de \u00f3leo de cozinha usado no Aeroporto Internacional de Cabo Frio, por onde passam diariamente milhares de pessoas oriundas das cidades da Regi\u00e3o dos Lagos no Estado do Rio de Janeiro. A iniciativa \u00e9 dos alunos de Gest\u00e3o Ambiental da Est\u00e1cio. O projeto \u00e9 aparentemente simples, mas o resultado \u00e9 enorme: um litro de \u00f3leo descartado no esgoto pode poluir at\u00e9 um milh\u00e3o de litros de \u00e1gua.<\/span><\/p>\n<p style=\"text-align: justify;\"><span style=\"color: #000000;\">Espera-se que o Eco-Ponto, como o posto de recolhimento \u00e9 chamado, recolha cerca de 30 litros de \u00f3leo de cozinha por semana no aeroporto. \u201cQueremos aproveitar o grande movimento de pessoas no aeroporto para promover a educa\u00e7\u00e3o ambiental, estimulando novas atitudes que estimulem o consumo respons\u00e1vel e levem a preserva\u00e7\u00e3o dos nossos recursos naturais\u201d, explica Silvio Ronney, professor de Gest\u00e3o Ambiental da Est\u00e1cio e respons\u00e1vel pelo projeto.<\/span><\/p>\n<p style=\"text-align: justify;\"><span style=\"color: #000000;\">O \u00f3leo recolhido ser\u00e1 coletado pela ONG SOS \u00d3leo Vegetal e Receptor do \u00d3leo Her\u00f3i do Meio Ambiente da F\u00e9, que far\u00e1 o descarte ecologicamente correto. As possibilidades s\u00e3o muitas: o \u00f3leo pode virar resina para tintas, sab\u00e3o, detergente, glicerina e biodiesel.<\/span><\/p>\n<p style=\"text-align: justify;\"><span style=\"color: #000000;\">Esse ser\u00e1 o s\u00e9timo Eco-Ponto do Recic-\u00d3leo &#8211; projeto da Est\u00e1cio que consiste na divulga\u00e7\u00e3o, conscientiza\u00e7\u00e3o e descarte correto do \u00f3leo de cozinha. Pelo projeto j\u00e1 foram recolhidos 3.840 litros desde 2011. Cada posto de recolhimento contribui para conscientizar cidad\u00e3os e estabelecimentos como bares, restaurantes e hot\u00e9is que ainda jogam o \u00f3leo de cozinha direto na rede de esgoto, desconhecendo os preju\u00edzos desse comportamento.<\/span><\/p>\n<p style=\"text-align: justify;\"><span style=\"color: #000000;\"><em>\u201cO produto prejudica o solo, a \u00e1gua, o ar e a vida de muitos animais, inclusive o Homem. Quando o \u00f3leo se espalha na superf\u00edcie dos rios e das represas, contamina a \u00e1gua e mata muitas esp\u00e9cies que vivem nesses habitats\u201d<\/em>, afirma Ronney.<\/span><\/p>\n<p style=\"text-align: justify;\"><span style=\"color: #000000;\">Para descartar o \u00f3leo, basta deix\u00e1-lo esfriar e coloc\u00e1-lo em uma garrafa PET transparente ou recipiente de vidro. Aten\u00e7\u00e3o: n\u00e3o \u00e9 preciso encher a garrafa at\u00e9 o fim. Qualquer quantidade pode \u2013 e deve &#8211; ser descartada nos Eco-Pontos. O importante \u00e9 n\u00e3o jogar o dejeto no esgoto.<\/span><\/p>\n<p style=\"text-align: justify;\"><span style=\"color: #000000;\"><strong>Sobre o Recic-\u00d3leo<\/strong><\/span><\/p>\n<p style=\"text-align: justify;\"><span style=\"color: #000000;\">O projeto Recic-\u00d3leo, da Est\u00e1cio, existe desde 2011 e engloba professores e alunos dos cursos de Administra\u00e7\u00e3o de Empresas e Gest\u00e3o Ambiental do campus Cabo Frio.<\/span><\/p>\n<p style=\"text-align: justify;\"><span style=\"color: #000000;\">Al\u00e9m da instala\u00e7\u00e3o de Eco-pontos, a equipe realiza palestras de Educa\u00e7\u00e3o Ambiental em escolas, associa\u00e7\u00f5es e empresas. Os cerca de oito mil alunos do campus tamb\u00e9m s\u00e3o impactados com atividades de conscientiza\u00e7\u00e3o que acontecem duas vezes por semestre.<\/span><\/p>\n<p style=\"text-align: justify;\"><strong><span style=\"color: #0000ff;\">Os demais Eco-pontos est\u00e3o localizados em Cabo Frio e em B\u00fazios, nos endere\u00e7os abaixo:<\/span><\/strong><\/p>\n<p style=\"text-align: justify;\"><span style=\"color: #993300;\">&#8211; Est\u00e1cio \u2013 Campus Cabo Frio: Rod. Gen. Alfredo Bruno Gomes Martins, S\/N, lote 19 \u2013 Braga \u2013 Cabo Frio<\/span><\/p>\n<p style=\"text-align: justify;\"><span style=\"color: #993300;\">&#8211; Escola Municipal Professor Edilson Duarte: Rua Prof. Edilson Duarte \u2013 Jardim Cai\u00e7ara \u2013 Cabo Frio<\/span><\/p>\n<p style=\"text-align: justify;\"><span style=\"color: #993300;\">&#8211; Escola Municipal Professor Zelio Jotha: Avenida Joaquim Nogueira, 812 \u2013 S\u00e3o Crist\u00f3v\u00e3o \u2013 Cabo Frio<\/span><\/p>\n<p style=\"text-align: justify;\"><span style=\"color: #993300;\">&#8211; Col\u00e9gio Estadual Professor Renato Azevedo: Avenida America Central, 0 \u2013 Guarani \u2013 Cabo Frio<\/span><\/p>\n<p style=\"text-align: justify;\"><span style=\"color: #993300;\">&#8211; CRIAAD \u2013 Centro de Recursos Integrados de Atendimento ao Adolescente Cabo Frio: Rua Antonio Luiz da Fonseca, S\/N \u2013 Jacar\u00e9 \u2013 Cabo Frio<\/span><\/p>\n<p style=\"text-align: justify;\"><span style=\"color: #993300;\">&#8211; Col\u00e9gio Municipal Paulo Freire: Rua A \u2013 Centro \u2013 Arma\u00e7\u00e3o dos B\u00fazios<\/span><\/p>\n<p style=\"text-align: justify;\">\n<p>&nbsp;<\/p>\n","protected":false},"excerpt":{"rendered":"<p>A iniciativa \u00e9 de alunos dos cursos de Gest\u00e3o Ambiental e Administra\u00e7\u00e3o da Est\u00e1cio, que promove a\u00e7\u00f5es para conscientizar a popula\u00e7\u00e3o sobre a necessidade do descarte correto da subst\u00e2ncia Outubro, 2016 &#8211; Ser\u00e1 instalado, no in\u00edcio de outubro, um ponto de recolhimento de \u00f3leo de cozinha usado no Aeroporto Internacional de Cabo Frio, por onde [&hellip;]<\/p>\n","protected":false},"author":1,"featured_media":0,"comment_status":"open","ping_status":"open","sticky":false,"template":"","format":"standard","meta":{"_uag_custom_page_level_css":"","footnotes":""},"categories":[37],"tags":[455,480,1639,3289,4571,8440,9935,10095,11475],"class_list":["post-3642","post","type-post","status-publish","format-standard","hentry","category-sustentabilidade","tag-administracao-de-empresas-e-gestao-ambiental-do-campus-cabo-frio","tag-aeroporto-internacional-de-cabo-frio","tag-cabo-frio-rj","tag-curso-gestao-ambiental-da-estacio","tag-estacio","tag-ong-sos-oleo-vegetal","tag-receptor-do-oleo-heroi-do-meio-ambiente-da-fe","tag-regiao-dos-lagos","tag-sustentabilidade-e-meio-ambiente"],"blocksy_meta":[],"spectra_blocks_featured_image_url":null,"spectra_blocks_author_info":{"display_name":"Jornal da Constru\u00e7\u00e3o Civil","avatar_url":"https:\/\/secure.gravatar.com\/avatar\/973c9774fd44ddaceb026973c4962faa70fc512bc4c9da68e8ebb40fecee6540?s=96&d=mm&r=g","author_link":"https:\/\/construcaocivil.siriusmarketingedesign.com.br\/?author=1","description":"Desde de 2013, levando muitas informa\u00e7\u00f5es, lan\u00e7amentos e produtos de qualidade para toda cadeia produtiva da constru\u00e7\u00e3o. O Futuro da constru\u00e7\u00e3o passa por aqui,"},"uagb_featured_image_src":{"full":false,"thumbnail":false,"medium":false,"medium_large":false,"large":false,"1536x1536":false,"2048x2048":false},"uagb_author_info":{"display_name":"Jornal da Constru\u00e7\u00e3o Civil","author_link":"https:\/\/construcaocivil.siriusmarketingedesign.com.br\/?author=1"},"uagb_comment_info":0,"uagb_excerpt":"A iniciativa \u00e9 de alunos dos cursos de Gest\u00e3o Ambiental e Administra\u00e7\u00e3o da Est\u00e1cio, que promove a\u00e7\u00f5es para conscientizar a popula\u00e7\u00e3o sobre a necessidade do descarte correto da subst\u00e2ncia Outubro, 2016 &#8211; Ser\u00e1 instalado, no in\u00edcio de outubro, um ponto de recolhimento de \u00f3leo de cozinha usado no Aeroporto Internacional de Cabo Frio, por onde&hellip;","_links":{"self":[{"href":"https:\/\/construcaocivil.siriusmarketingedesign.com.br\/index.php?rest_route=\/wp\/v2\/posts\/3642","targetHints":{"allow":["GET"]}}],"collection":[{"href":"https:\/\/construcaocivil.siriusmarketingedesign.com.br\/index.php?rest_route=\/wp\/v2\/posts"}],"about":[{"href":"https:\/\/construcaocivil.siriusmarketingedesign.com.br\/index.php?rest_route=\/wp\/v2\/types\/post"}],"author":[{"embeddable":true,"href":"https:\/\/construcaocivil.siriusmarketingedesign.com.br\/index.php?rest_route=\/wp\/v2\/users\/1"}],"replies":[{"embeddable":true,"href":"https:\/\/construcaocivil.siriusmarketingedesign.com.br\/index.php?rest_route=%2Fwp%2Fv2%2Fcomments&post=3642"}],"version-history":[{"count":0,"href":"https:\/\/construcaocivil.siriusmarketingedesign.com.br\/index.php?rest_route=\/wp\/v2\/posts\/3642\/revisions"}],"wp:attachment":[{"href":"https:\/\/construcaocivil.siriusmarketingedesign.com.br\/index.php?rest_route=%2Fwp%2Fv2%2Fmedia&parent=3642"}],"wp:term":[{"taxonomy":"category","embeddable":true,"href":"https:\/\/construcaocivil.siriusmarketingedesign.com.br\/index.php?rest_route=%2Fwp%2Fv2%2Fcategories&post=3642"},{"taxonomy":"post_tag","embeddable":true,"href":"https:\/\/construcaocivil.siriusmarketingedesign.com.br\/index.php?rest_route=%2Fwp%2Fv2%2Ftags&post=3642"}],"curies":[{"name":"wp","href":"https:\/\/api.w.org\/{rel}","templated":true}]}}