{"id":3661,"date":"2016-10-06T15:18:03","date_gmt":"2016-10-06T18:18:03","guid":{"rendered":"http:\/\/www.jornaldaconstrucaocivil.com.br\/?p=3661"},"modified":"2016-10-06T15:18:03","modified_gmt":"2016-10-06T18:18:03","slug":"renovacao-na-anatel-novo-presidente-novos-desafios-e-velhos-problemas","status":"publish","type":"post","link":"https:\/\/construcaocivil.siriusmarketingedesign.com.br\/?p=3661","title":{"rendered":"Renova\u00e7\u00e3o na Anatel: novo presidente, novos desafios e velhos problemas"},"content":{"rendered":"<p style=\"text-align: justify;\"><span style=\"color: #993300;\"><em>Por\u00a0Dane Avanzi<\/em><\/span><\/p>\n<p style=\"text-align: justify;\"><span style=\"color: #000000;\">O rec\u00e9m nomeado presidente da Anatel, Juarez Quadros, executivo de carreira do setor de telecomunica\u00e7\u00f5es, assume o comando da Ag\u00eancia com in\u00fameros desafios a serem superados, n\u00e3o somente pelas conjunturas macroecon\u00f4micas que o Brasil atravessa, mas tamb\u00e9m por uma s\u00e9rie de rela\u00e7\u00f5es que necessitam de regulamenta\u00e7\u00e3o urgente, e, sobretudo, por problemas que vem se avolumando, por a\u00e7\u00e3o e ina\u00e7\u00e3o de seus predecessores.<\/span><\/p>\n<p style=\"text-align: justify;\"><span style=\"color: #000000;\">Justi\u00e7a seja feita, n\u00e3o podemos incluir no rol dos problemas cr\u00f4nicos, a recupera\u00e7\u00e3o judicial da Oi, o afrouxamento na exigibilidade das metas de universaliza\u00e7\u00e3o e a pol\u00eamica sobre os bens revers\u00edveis, que pela dimens\u00e3o e desdobramentos, extrapolam a compet\u00eancia da Ag\u00eancia, que foi criada, em s\u00edntese, para regular rela\u00e7\u00f5es entre operadoras e consumidor de servi\u00e7os de telecomunica\u00e7\u00f5es, n\u00e3o para decidir sobre quest\u00f5es de relev\u00e2ncia Nacional e internacional e Pol\u00edticas de Governo.<\/span><\/p>\n<p style=\"text-align: justify;\"><span style=\"color: #000000;\">Afora isso, \u00e9 tempo de corrigir graves erros como as tributa\u00e7\u00f5es indevidas de Fust e Funtel sob pequenas empresas de telecomunica\u00e7\u00f5es respons\u00e1veis em \u00e2mbito nacional por comunica\u00e7\u00f5es de miss\u00e3o cr\u00edticas em cidades de grande, m\u00e9dio e pequeno porte, tais como, Seguran\u00e7a P\u00fablica SAMU, Guarda Municipal, Defesa Civil entre outras. Quanto a gest\u00e3o do espectro, por exemplo, faz-se necess\u00e1ria mais sensibilidade quanto a quem precisa do espectro, e para que, ser\u00e1 destinado aquele importante recurso natural, escasso, finito e n\u00e3o renov\u00e1vel.<\/span><\/p>\n<p style=\"text-align: justify;\"><span style=\"color: #000000;\">Pol\u00edticas p\u00fablicas do passado, tais como Internet no Campo, que n\u00e3o saiu do papel, mas restringiu o acesso ao espectro aos servi\u00e7os essenciais a sociedade acima citados e, sobretudo, a ind\u00fastria nacional, precisam ser urgentemente revistas. O espectro radioel\u00e9trico deve primeiramente atender as metas de universaliza\u00e7\u00e3o, devendo sua destina\u00e7\u00e3o levar em considera\u00e7\u00e3o n\u00e3o somente quem pode pagar mais por ele, mas tamb\u00e9m, quem precisa mais dele, o cidad\u00e3o Brasileiro. Em suma, \u00e9 hora de fazer o que \u00e9 poss\u00edvel, n\u00e3o sonhar com o imposs\u00edvel.<\/span><\/p>\n<p style=\"text-align: justify;\"><span style=\"color: #000000;\">Concluindo, ouso pensar em outro desafio adicional: resgatar as origens da Anatel. Criada em 1997 para ser uma ag\u00eancia reguladora e fiscalizadora (em defesa do Povo Brasileiro). Ao longo do tempo esses preceitos foram sendo esquecidos. Na origem da ag\u00eancia os membros do conselho diretor, por exemplo, ascendiam ao cargo por concurso interno de provas e t\u00edtulos e n\u00e3o meramente por indica\u00e7\u00e3o pol\u00edtica.<\/span><\/p>\n<p style=\"text-align: justify;\"><span style=\"color: #000000;\">Nesse tempo profissionais experientes em regula\u00e7\u00e3o decidiam sobre os principais assuntos baseados em quest\u00f5es t\u00e9cnicas e de interesse nacional, n\u00e3o somente em interesses pol\u00edticos. Essa Anatel, atuante na fiscaliza\u00e7\u00e3o, com independ\u00eancia financeira e pol\u00edtica na qual os conselheiros s\u00e3o guardi\u00f5es do interesse da popula\u00e7\u00e3o e n\u00e3o de conglomerados financeiros \u00e9 que o Povo Brasileiro, quer, precisa e merece ver atuante novamente.<\/span><\/p>\n<p style=\"text-align: justify;\"><span style=\"color: #993300;\"><strong>Dane Avanzi<\/strong> \u00e9 empres\u00e1rio de telecomunica\u00e7\u00f5es, advogado e Presidente da Aerbras.<\/span><\/p>\n","protected":false},"excerpt":{"rendered":"<p>Por\u00a0Dane Avanzi O rec\u00e9m nomeado presidente da Anatel, Juarez Quadros, executivo de carreira do setor de telecomunica\u00e7\u00f5es, assume o comando da Ag\u00eancia com in\u00fameros desafios a serem superados, n\u00e3o somente pelas conjunturas macroecon\u00f4micas que o Brasil atravessa, mas tamb\u00e9m por uma s\u00e9rie de rela\u00e7\u00f5es que necessitam de regulamenta\u00e7\u00e3o urgente, e, sobretudo, por problemas que vem [&hellip;]<\/p>\n","protected":false},"author":1,"featured_media":0,"comment_status":"open","ping_status":"open","sticky":false,"template":"","format":"standard","meta":{"_uag_custom_page_level_css":"","footnotes":""},"categories":[27],"tags":[707,3349,5301,5309,6283,9179,11640],"class_list":["post-3661","post","type-post","status-publish","format-standard","hentry","category-acontece","tag-anatel","tag-dane-avanzi-presidente-da-aerbras","tag-funtel","tag-fust","tag-internet","tag-povo-brasileiro","tag-telecomunicacoes"],"blocksy_meta":[],"spectra_blocks_featured_image_url":null,"spectra_blocks_author_info":{"display_name":"Jornal da Constru\u00e7\u00e3o Civil","avatar_url":"https:\/\/secure.gravatar.com\/avatar\/973c9774fd44ddaceb026973c4962faa70fc512bc4c9da68e8ebb40fecee6540?s=96&d=mm&r=g","author_link":"https:\/\/construcaocivil.siriusmarketingedesign.com.br\/?author=1","description":"Desde de 2013, levando muitas informa\u00e7\u00f5es, lan\u00e7amentos e produtos de qualidade para toda cadeia produtiva da constru\u00e7\u00e3o. O Futuro da constru\u00e7\u00e3o passa por aqui,"},"uagb_featured_image_src":{"full":false,"thumbnail":false,"medium":false,"medium_large":false,"large":false,"1536x1536":false,"2048x2048":false},"uagb_author_info":{"display_name":"Jornal da Constru\u00e7\u00e3o Civil","author_link":"https:\/\/construcaocivil.siriusmarketingedesign.com.br\/?author=1"},"uagb_comment_info":0,"uagb_excerpt":"Por\u00a0Dane Avanzi O rec\u00e9m nomeado presidente da Anatel, Juarez Quadros, executivo de carreira do setor de telecomunica\u00e7\u00f5es, assume o comando da Ag\u00eancia com in\u00fameros desafios a serem superados, n\u00e3o somente pelas conjunturas macroecon\u00f4micas que o Brasil atravessa, mas tamb\u00e9m por uma s\u00e9rie de rela\u00e7\u00f5es que necessitam de regulamenta\u00e7\u00e3o urgente, e, sobretudo, por problemas que vem&hellip;","_links":{"self":[{"href":"https:\/\/construcaocivil.siriusmarketingedesign.com.br\/index.php?rest_route=\/wp\/v2\/posts\/3661","targetHints":{"allow":["GET"]}}],"collection":[{"href":"https:\/\/construcaocivil.siriusmarketingedesign.com.br\/index.php?rest_route=\/wp\/v2\/posts"}],"about":[{"href":"https:\/\/construcaocivil.siriusmarketingedesign.com.br\/index.php?rest_route=\/wp\/v2\/types\/post"}],"author":[{"embeddable":true,"href":"https:\/\/construcaocivil.siriusmarketingedesign.com.br\/index.php?rest_route=\/wp\/v2\/users\/1"}],"replies":[{"embeddable":true,"href":"https:\/\/construcaocivil.siriusmarketingedesign.com.br\/index.php?rest_route=%2Fwp%2Fv2%2Fcomments&post=3661"}],"version-history":[{"count":0,"href":"https:\/\/construcaocivil.siriusmarketingedesign.com.br\/index.php?rest_route=\/wp\/v2\/posts\/3661\/revisions"}],"wp:attachment":[{"href":"https:\/\/construcaocivil.siriusmarketingedesign.com.br\/index.php?rest_route=%2Fwp%2Fv2%2Fmedia&parent=3661"}],"wp:term":[{"taxonomy":"category","embeddable":true,"href":"https:\/\/construcaocivil.siriusmarketingedesign.com.br\/index.php?rest_route=%2Fwp%2Fv2%2Fcategories&post=3661"},{"taxonomy":"post_tag","embeddable":true,"href":"https:\/\/construcaocivil.siriusmarketingedesign.com.br\/index.php?rest_route=%2Fwp%2Fv2%2Ftags&post=3661"}],"curies":[{"name":"wp","href":"https:\/\/api.w.org\/{rel}","templated":true}]}}