{"id":3666,"date":"2016-10-07T14:20:14","date_gmt":"2016-10-07T17:20:14","guid":{"rendered":"http:\/\/www.jornaldaconstrucaocivil.com.br\/?p=3666"},"modified":"2016-10-07T14:20:14","modified_gmt":"2016-10-07T17:20:14","slug":"indice-de-confianca-do-empresario-da-construcao-em-minas-e-o-maior-em-30-meses","status":"publish","type":"post","link":"https:\/\/construcaocivil.siriusmarketingedesign.com.br\/?p=3666","title":{"rendered":"\u00cdndice de Confian\u00e7a do Empres\u00e1rio da Constru\u00e7\u00e3o em Minas \u00e9 o maior em 30 meses"},"content":{"rendered":"<p style=\"text-align: justify;\"><span style=\"color: #993300;\">Constru\u00e7\u00e3o Civil\u00a0<\/span><\/p>\n<p style=\"text-align: justify;\"><span style=\"color: #000000;\">Em setembro, o \u00cdndice de Confian\u00e7a do Empres\u00e1rio da Ind\u00fastria da Constru\u00e7\u00e3o de Minas Gerais (Iceicon-MG) registrou alta de 2,7 pontos em rela\u00e7\u00e3o a agosto e chegou aos 47,6 pontos. Este \u00e9 o melhor resultado dos \u00faltimos 30 meses. De maio a setembro o indicador j\u00e1 acumulou 18,4 pontos <span style=\"color: #000080;\"><em>\u201cTudo indica que essa tend\u00eancia de crescimento deve continuar. Com isso, nos pr\u00f3ximos meses, o Iceicon-MG dever\u00e1 voltar ao patamar positivo, o que n\u00e3o acontece desde mar\u00e7o de 2014\u201d<\/em><\/span>, analisa o economista e coordenador sindical do Sindicato da Ind\u00fastria da Constru\u00e7\u00e3o Civil no Estado de Minas Gerais (Sinduscon-MG), Daniel Furletti.<\/span><\/p>\n<p style=\"text-align: justify;\"><span style=\"color: #000000;\">No mesmo m\u00eas de 2015, o Iceicon-MG estava em 30 pontos, uma diferen\u00e7a de 17,6 pontos. O resultado de setembro \u00e9 decorrente das melhores expectativas dos empres\u00e1rios para os pr\u00f3ximos seis meses, cujo indicador geral apontou otimismo e fechou em 52,7 pontos.<\/span><\/p>\n<p style=\"text-align: justify;\"><span style=\"color: #000000;\">No desagregado, o construtor mineiro est\u00e1 com melhores perspectivas quanto \u00e0 economia brasileira, com \u00edndice de 53,7 pontos, e em rela\u00e7\u00e3o ao desempenho da sua pr\u00f3pria empresa, com 53,3 pontos apurados. Contudo, os empres\u00e1rios seguem com falta de otimismo em rela\u00e7\u00e3o \u00e0 economia do Estado, cujo indicador de expectativas registrou 46,1 pontos, apesar tamb\u00e9m de estar avan\u00e7ando nos \u00faltimos meses.<\/span><\/p>\n<p style=\"text-align: justify;\"><span style=\"color: #000000;\">Quanto \u00e0s condi\u00e7\u00f5es atuais do neg\u00f3cio, o \u00edndice de setembro apresentou uma evolu\u00e7\u00e3o de tr\u00eas pontos em rela\u00e7\u00e3o a agosto e de 12,9 pontos em rela\u00e7\u00e3o ao mesmo per\u00edodo de 2015, alcan\u00e7ando os 37,4 pontos. Apesar da melhora, o resultado ainda mostra o descontentamento dos empres\u00e1rios por estar abaixo da linha dos 50 pontos.<\/span><\/p>\n<p style=\"text-align: justify;\"><span style=\"color: #000000;\"><em><span style=\"color: #000080;\">\u201cA pesquisa est\u00e1 captando uma confian\u00e7a do empres\u00e1rio de que cen\u00e1rio no Brasil ir\u00e1 melhorar nos pr\u00f3ximos meses. Isso \u00e9 bom, mas o Iceicon-MG tamb\u00e9m confirma que as empresas ainda enfrentam muitos desafios no can\u00e1rio atual. Por isso, \u00e9 importante que reformas estruturais sejam implementadas rapidamente para agilizar a recupera\u00e7\u00e3o da economia\u201d<\/span>,<\/em> complementa Daniel Furletti.<\/span><\/p>\n<p style=\"text-align: justify;\"><strong><span style=\"color: #000000;\">Sondagem da Ind\u00fastria da Constru\u00e7\u00e3o de Minas Gerais<\/span><\/strong><\/p>\n<p style=\"text-align: justify;\"><span style=\"color: #000000;\">Em agosto, o \u00edndice do n\u00edvel de atividade da Constru\u00e7\u00e3o mineira fechou com 40,9 pontos, mostrando arrefecimento da queda na atividade pelo segundo m\u00eas consecutivo, ficando mais pr\u00f3ximo da linha dos 50 pontos. O indicador que apura o n\u00edvel de atividade em rela\u00e7\u00e3o ao usual para os meses de maio registrou 24,5 pontos. J\u00e1 o \u00edndice de emprego fechou aquele m\u00eas em 37,7 pontos, indicando que continua uma retra\u00e7\u00e3o nos postos de trabalho no setor e Minas.<\/span><\/p>\n","protected":false},"excerpt":{"rendered":"<p>Constru\u00e7\u00e3o Civil\u00a0 Em setembro, o \u00cdndice de Confian\u00e7a do Empres\u00e1rio da Ind\u00fastria da Constru\u00e7\u00e3o de Minas Gerais (Iceicon-MG) registrou alta de 2,7 pontos em rela\u00e7\u00e3o a agosto e chegou aos 47,6 pontos. Este \u00e9 o melhor resultado dos \u00faltimos 30 meses. De maio a setembro o indicador j\u00e1 acumulou 18,4 pontos \u201cTudo indica que essa [&hellip;]<\/p>\n","protected":false},"author":1,"featured_media":0,"comment_status":"open","ping_status":"open","sticky":false,"template":"","format":"standard","meta":{"_uag_custom_page_level_css":"","footnotes":""},"categories":[27],"tags":[5858,6007,6029,7470,10292,11016,11157],"class_list":["post-3666","post","type-post","status-publish","format-standard","hentry","category-acontece","tag-iceicon-mg","tag-indice-de-atividade","tag-industria-da-construcao-de-minas-gerais","tag-mercado","tag-retracao-nos-empregos","tag-setor-empresarial","tag-sinduscon-mg"],"blocksy_meta":[],"spectra_blocks_featured_image_url":null,"spectra_blocks_author_info":{"display_name":"Jornal da Constru\u00e7\u00e3o Civil","avatar_url":"https:\/\/secure.gravatar.com\/avatar\/973c9774fd44ddaceb026973c4962faa70fc512bc4c9da68e8ebb40fecee6540?s=96&d=mm&r=g","author_link":"https:\/\/construcaocivil.siriusmarketingedesign.com.br\/?author=1","description":"Desde de 2013, levando muitas informa\u00e7\u00f5es, lan\u00e7amentos e produtos de qualidade para toda cadeia produtiva da constru\u00e7\u00e3o. O Futuro da constru\u00e7\u00e3o passa por aqui,"},"uagb_featured_image_src":{"full":false,"thumbnail":false,"medium":false,"medium_large":false,"large":false,"1536x1536":false,"2048x2048":false},"uagb_author_info":{"display_name":"Jornal da Constru\u00e7\u00e3o Civil","author_link":"https:\/\/construcaocivil.siriusmarketingedesign.com.br\/?author=1"},"uagb_comment_info":0,"uagb_excerpt":"Constru\u00e7\u00e3o Civil\u00a0 Em setembro, o \u00cdndice de Confian\u00e7a do Empres\u00e1rio da Ind\u00fastria da Constru\u00e7\u00e3o de Minas Gerais (Iceicon-MG) registrou alta de 2,7 pontos em rela\u00e7\u00e3o a agosto e chegou aos 47,6 pontos. Este \u00e9 o melhor resultado dos \u00faltimos 30 meses. De maio a setembro o indicador j\u00e1 acumulou 18,4 pontos \u201cTudo indica que essa&hellip;","_links":{"self":[{"href":"https:\/\/construcaocivil.siriusmarketingedesign.com.br\/index.php?rest_route=\/wp\/v2\/posts\/3666","targetHints":{"allow":["GET"]}}],"collection":[{"href":"https:\/\/construcaocivil.siriusmarketingedesign.com.br\/index.php?rest_route=\/wp\/v2\/posts"}],"about":[{"href":"https:\/\/construcaocivil.siriusmarketingedesign.com.br\/index.php?rest_route=\/wp\/v2\/types\/post"}],"author":[{"embeddable":true,"href":"https:\/\/construcaocivil.siriusmarketingedesign.com.br\/index.php?rest_route=\/wp\/v2\/users\/1"}],"replies":[{"embeddable":true,"href":"https:\/\/construcaocivil.siriusmarketingedesign.com.br\/index.php?rest_route=%2Fwp%2Fv2%2Fcomments&post=3666"}],"version-history":[{"count":0,"href":"https:\/\/construcaocivil.siriusmarketingedesign.com.br\/index.php?rest_route=\/wp\/v2\/posts\/3666\/revisions"}],"wp:attachment":[{"href":"https:\/\/construcaocivil.siriusmarketingedesign.com.br\/index.php?rest_route=%2Fwp%2Fv2%2Fmedia&parent=3666"}],"wp:term":[{"taxonomy":"category","embeddable":true,"href":"https:\/\/construcaocivil.siriusmarketingedesign.com.br\/index.php?rest_route=%2Fwp%2Fv2%2Fcategories&post=3666"},{"taxonomy":"post_tag","embeddable":true,"href":"https:\/\/construcaocivil.siriusmarketingedesign.com.br\/index.php?rest_route=%2Fwp%2Fv2%2Ftags&post=3666"}],"curies":[{"name":"wp","href":"https:\/\/api.w.org\/{rel}","templated":true}]}}