{"id":3685,"date":"2016-10-10T13:09:27","date_gmt":"2016-10-10T16:09:27","guid":{"rendered":"http:\/\/www.jornaldaconstrucaocivil.com.br\/?p=3685"},"modified":"2016-10-10T13:09:27","modified_gmt":"2016-10-10T16:09:27","slug":"knauf-do-brasil-realiza-evento-gratuito-para-o-mercado-da-construcao-civil","status":"publish","type":"post","link":"https:\/\/construcaocivil.siriusmarketingedesign.com.br\/?p=3685","title":{"rendered":"Knauf do Brasil realiza evento gratuito para o mercado da constru\u00e7\u00e3o civil"},"content":{"rendered":"<p><span style=\"color: #000080;\"><strong>\u201cDia do Instalador de Drywall\u201d acontece em 26 de Outubro em SP<\/strong><\/span><\/p>\n<p style=\"text-align: justify;\"><span style=\"color: #000000;\">A Knauf do Brasil, multinacional alem\u00e3 refer\u00eancia mundial em sistemas de constru\u00e7\u00e3o a seco (drywall), realiza, no dia 26 de outubro, quarta-feira, em S\u00e3o Paulo, o<span style=\"color: #993300;\"> \u201cDia do Instalador de Drywall\u201d <\/span>\u2013 evento gratuito sobre as boas pr\u00e1ticas para instala\u00e7\u00e3o dos sistemas drywall.<\/span><\/p>\n<p style=\"text-align: justify;\"><a href=\"http:\/\/www.jornaldaconstrucaocivil.com.br\/wp-content\/uploads\/2016\/10\/Foto-Dia-do-Instalador-de-Drywall-Edi\u00e7\u00e3o-SP-2016.jpg\"><img loading=\"lazy\" decoding=\"async\" class=\"wp-image-3686 alignleft\" src=\"http:\/\/www.jornaldaconstrucaocivil.com.br\/wp-content\/uploads\/2016\/10\/Foto-Dia-do-Instalador-de-Drywall-Edi\u00e7\u00e3o-SP-2016.jpg\" alt=\"foto-dia-do-instalador-de-drywall-edicao-sp-2016\" width=\"366\" height=\"318\" \/><\/a><\/p>\n<p style=\"text-align: justify;\"><span style=\"color: #000000;\">O objetivo \u00e9 apresentar, atrav\u00e9s de expositores e brincadeiras, a correta aplica\u00e7\u00e3o dos sistemas e produtos em drywall a todos os profissionais da cadeia produtiva da constru\u00e7\u00e3o civil \u2013 n\u00e3o s\u00f3 os instaladores de drywall, mas tamb\u00e9m marceneiros, pintores, instaladores el\u00e9tricos e hidr\u00e1ulicos, arquitetos, engenheiros, designers de interiores e estudantes.<\/span><\/p>\n<p style=\"text-align: justify;\"><span style=\"color: #000000;\">O evento contar\u00e1 ainda com minicursos, que abordar\u00e3o temas como metodologia para c\u00e1lculo de consumo de materiais para drywall; fixa\u00e7\u00e3o de carga em drywall; boas pr\u00e1ticas para correta instala\u00e7\u00e3o do material; uso de chapas e acess\u00f3rios corretos para cada aplica\u00e7\u00e3o; tratamento de juntas e pintura em drywall.<\/span><\/p>\n<p style=\"text-align: justify;\"><span style=\"color: #000000;\">Al\u00e9m disso, para os participantes que ficarem at\u00e9 o final do evento, ser\u00e3o sorteados alguns brindes exclusivos, entre eles duas m\u00e1quinas de fixa\u00e7\u00e3o Finca Pino para Drywall, cedida pela empresa \u00c2ncora, duas caixas com ferramentas para Drywall, fornecida pela Famastil, e dois equipamentos N\u00edvel a Laser, oferecido pela Fischer. J\u00e1 o Senai sortear\u00e1 duas vagas para o curso de Inicia\u00e7\u00e3o Profissional de Instalador de Drywall na unidade de Tatuap\u00e9, em S\u00e3o Paulo.<\/span><\/p>\n<p style=\"text-align: justify;\"><span style=\"color: #000000;\">O evento acontecer\u00e1 no dia 26 de outubro, quarta-feira, das 10h \u00e0s 19h, Tatuap\u00e9 Hall Prime, que fica na Rua Ant\u00f4nio de Barros, 644, no Tatuap\u00e9, S\u00e3o Paulo. A participa\u00e7\u00e3o \u00e9 gratuita, mas a Knauf estar\u00e1 aceitando a doa\u00e7\u00e3o de 1 kg de alimento n\u00e3o perec\u00edvel. Os alimentos arrecadados ser\u00e3o doados \u00e0 Casa Hope \u2013 Apoio \u00e0 crian\u00e7a com c\u00e2ncer. As inscri\u00e7\u00f5es devem ser feitas atrav\u00e9s do site<span style=\"color: #0000ff;\"> www.knauf.com.br\/diadoinstalador<\/span>.<\/span><\/p>\n<p><strong><span style=\"color: #000000;\">Servi\u00e7o:<\/span><\/strong><\/p>\n<p><span style=\"color: #993300;\">Dia do Instalador de Drywall<\/span><\/p>\n<p><span style=\"color: #000000;\">Data: 26 de outubro de 2016 \u2013 quarta-feira<\/span><\/p>\n<p><span style=\"color: #000000;\">Hor\u00e1rio: das 10h \u00e0s 19h<\/span><\/p>\n<p><span style=\"color: #000000;\">Local: Tatuap\u00e9 Hall Prime &#8211; Rua Ant\u00f4nio de Barros, 644, Tatuap\u00e9, S\u00e3o Paulo<\/span><\/p>\n<p><span style=\"color: #000000;\">Inscri\u00e7\u00f5es:<span style=\"color: #0000ff;\"> www.knauf.com.br\/diadoinstalador<\/span><\/span><\/p>\n<p><span style=\"color: #000000;\">Evento gratuito. A Knauf estar\u00e1 aceitando a doa\u00e7\u00e3o de 1 kg de alimento n\u00e3o perec\u00edvel<\/span><\/p>\n","protected":false},"excerpt":{"rendered":"<p>\u201cDia do Instalador de Drywall\u201d acontece em 26 de Outubro em SP A Knauf do Brasil, multinacional alem\u00e3 refer\u00eancia mundial em sistemas de constru\u00e7\u00e3o a seco (drywall), realiza, no dia 26 de outubro, quarta-feira, em S\u00e3o Paulo, o \u201cDia do Instalador de Drywall\u201d \u2013 evento gratuito sobre as boas pr\u00e1ticas para instala\u00e7\u00e3o dos sistemas drywall. [&hellip;]<\/p>\n","protected":false},"author":1,"featured_media":3686,"comment_status":"open","ping_status":"open","sticky":false,"template":"","format":"standard","meta":{"_uag_custom_page_level_css":"","footnotes":""},"categories":[27],"tags":[2823,2826,3610,3823,4693,6194,6635,9566,11529],"class_list":["post-3685","post","type-post","status-publish","format-standard","has-post-thumbnail","hentry","category-acontece","tag-construcao-a-seco","tag-construcao-civil","tag-dia-do-instalador-de-drywall","tag-drywall","tag-evento-gratuito","tag-instaladores","tag-knauf-do-brasil","tag-profissional","tag-tatuape-sp"],"blocksy_meta":[],"spectra_blocks_featured_image_url":[],"spectra_blocks_author_info":{"display_name":"Jornal da Constru\u00e7\u00e3o Civil","avatar_url":"https:\/\/secure.gravatar.com\/avatar\/973c9774fd44ddaceb026973c4962faa70fc512bc4c9da68e8ebb40fecee6540?s=96&d=mm&r=g","author_link":"https:\/\/construcaocivil.siriusmarketingedesign.com.br\/?author=1","description":"Desde de 2013, levando muitas informa\u00e7\u00f5es, lan\u00e7amentos e produtos de qualidade para toda cadeia produtiva da constru\u00e7\u00e3o. O Futuro da constru\u00e7\u00e3o passa por aqui,"},"uagb_featured_image_src":{"full":false,"thumbnail":false,"medium":false,"medium_large":false,"large":false,"1536x1536":false,"2048x2048":false},"uagb_author_info":{"display_name":"Jornal da Constru\u00e7\u00e3o Civil","author_link":"https:\/\/construcaocivil.siriusmarketingedesign.com.br\/?author=1"},"uagb_comment_info":0,"uagb_excerpt":"\u201cDia do Instalador de Drywall\u201d acontece em 26 de Outubro em SP A Knauf do Brasil, multinacional alem\u00e3 refer\u00eancia mundial em sistemas de constru\u00e7\u00e3o a seco (drywall), realiza, no dia 26 de outubro, quarta-feira, em S\u00e3o Paulo, o \u201cDia do Instalador de Drywall\u201d \u2013 evento gratuito sobre as boas pr\u00e1ticas para instala\u00e7\u00e3o dos sistemas drywall.&hellip;","_links":{"self":[{"href":"https:\/\/construcaocivil.siriusmarketingedesign.com.br\/index.php?rest_route=\/wp\/v2\/posts\/3685","targetHints":{"allow":["GET"]}}],"collection":[{"href":"https:\/\/construcaocivil.siriusmarketingedesign.com.br\/index.php?rest_route=\/wp\/v2\/posts"}],"about":[{"href":"https:\/\/construcaocivil.siriusmarketingedesign.com.br\/index.php?rest_route=\/wp\/v2\/types\/post"}],"author":[{"embeddable":true,"href":"https:\/\/construcaocivil.siriusmarketingedesign.com.br\/index.php?rest_route=\/wp\/v2\/users\/1"}],"replies":[{"embeddable":true,"href":"https:\/\/construcaocivil.siriusmarketingedesign.com.br\/index.php?rest_route=%2Fwp%2Fv2%2Fcomments&post=3685"}],"version-history":[{"count":0,"href":"https:\/\/construcaocivil.siriusmarketingedesign.com.br\/index.php?rest_route=\/wp\/v2\/posts\/3685\/revisions"}],"wp:attachment":[{"href":"https:\/\/construcaocivil.siriusmarketingedesign.com.br\/index.php?rest_route=%2Fwp%2Fv2%2Fmedia&parent=3685"}],"wp:term":[{"taxonomy":"category","embeddable":true,"href":"https:\/\/construcaocivil.siriusmarketingedesign.com.br\/index.php?rest_route=%2Fwp%2Fv2%2Fcategories&post=3685"},{"taxonomy":"post_tag","embeddable":true,"href":"https:\/\/construcaocivil.siriusmarketingedesign.com.br\/index.php?rest_route=%2Fwp%2Fv2%2Ftags&post=3685"}],"curies":[{"name":"wp","href":"https:\/\/api.w.org\/{rel}","templated":true}]}}