{"id":3693,"date":"2016-10-10T13:35:04","date_gmt":"2016-10-10T16:35:04","guid":{"rendered":"http:\/\/www.jornaldaconstrucaocivil.com.br\/?p=3693"},"modified":"2016-10-10T13:35:04","modified_gmt":"2016-10-10T16:35:04","slug":"governo-federal-impulsiona-minha-casa-minha-vida-e-anuncia-novas-contratacoes-para-2017","status":"publish","type":"post","link":"https:\/\/construcaocivil.siriusmarketingedesign.com.br\/?p=3693","title":{"rendered":"Governo federal impulsiona Minha Casa Minha Vida e anuncia novas contrata\u00e7\u00f5es para 2017"},"content":{"rendered":"<p style=\"text-align: justify;\"><span style=\"color: #ff0000;\">Habita\u00e7\u00e3o\u00a0<\/span><\/p>\n<figure id=\"attachment_3694\" aria-describedby=\"caption-attachment-3694\" style=\"width: 357px\" class=\"wp-caption alignleft\"><a href=\"http:\/\/www.jornaldaconstrucaocivil.com.br\/wp-content\/uploads\/2016\/10\/CBIC.jpg\"><img loading=\"lazy\" decoding=\"async\" class=\"wp-image-3694\" src=\"http:\/\/www.jornaldaconstrucaocivil.com.br\/wp-content\/uploads\/2016\/10\/CBIC.jpg\" alt=\"cbic\" width=\"357\" height=\"238\" \/><\/a><figcaption id=\"caption-attachment-3694\" class=\"wp-caption-text\"><span style=\"color: #800080;\">Secret\u00e1ria Nacional de Habita\u00e7\u00e3o reafirma compromisso do governo com o fortalecimento do programa &#8211; Cr\u00e9dito da foto: Guilherme Kardel<\/span><\/figcaption><\/figure>\n<p style=\"text-align: justify;\"><span style=\"color: #000000;\"><span style=\"color: #993300;\">Outubro, 2016 &#8211;<\/span> Prestes a iniciar a contrata\u00e7\u00e3o do Programa Minha Casa, Minha Vida 3 (PMCMV) a secret\u00e1ria nacional da habita\u00e7\u00e3o do Minist\u00e9rio das Cidades, Maria Henriqueta Arantes Ferreira Alves, concedeu entrevista ao CBIC MAIS sobre o programa de habita\u00e7\u00e3o mais bem sucedido da hist\u00f3ria do Brasil. Segundo ela, o governo federal tamb\u00e9m decidiu retomar as contrata\u00e7\u00f5es na faixa 01 do programa em 2017.<\/span><\/p>\n<p style=\"text-align: justify;\"><span style=\"color: #000000;\">Uma das mais preparadas e respeitadas t\u00e9cnicas em atividade na constru\u00e7\u00e3o civil, com trajet\u00f3ria reconhecida na formula\u00e7\u00e3o de pol\u00edticas p\u00fablicas voltadas \u00e0 habita\u00e7\u00e3o, a arquiteta e urbanista \u00e9 pioneira e uma das mais importantes especialistas sobre o Fundo de Garantia do Tempo de Servi\u00e7o (FGTS). Henriqueta e integrava o Conselho Curador do FGTS desde 1989, al\u00e9m de membro do Conselho Nacional das Cidades do Minist\u00e9rio das Cidades desde 2003.<\/span><\/p>\n<p style=\"text-align: justify;\"><span style=\"color: #0000ff;\">Fonte: Boletim CBIC\u00a0<\/span><\/p>\n","protected":false},"excerpt":{"rendered":"<p>Habita\u00e7\u00e3o\u00a0 Outubro, 2016 &#8211; Prestes a iniciar a contrata\u00e7\u00e3o do Programa Minha Casa, Minha Vida 3 (PMCMV) a secret\u00e1ria nacional da habita\u00e7\u00e3o do Minist\u00e9rio das Cidades, Maria Henriqueta Arantes Ferreira Alves, concedeu entrevista ao CBIC MAIS sobre o programa de habita\u00e7\u00e3o mais bem sucedido da hist\u00f3ria do Brasil. Segundo ela, o governo federal tamb\u00e9m decidiu [&hellip;]<\/p>\n","protected":false},"author":1,"featured_media":3694,"comment_status":"open","ping_status":"open","sticky":false,"template":"","format":"standard","meta":{"_uag_custom_page_level_css":"","footnotes":""},"categories":[27],"tags":[2029,2793,2826,5020,5554,5729,7280,7844],"class_list":["post-3693","post","type-post","status-publish","format-standard","has-post-thumbnail","hentry","category-acontece","tag-cbic","tag-conselho-nacional-das-cidades-do-ministerio-das-cidades","tag-construcao-civil","tag-fgts","tag-governo-federal","tag-habitacao","tag-maria-henriqueta-arantes-ferreira-alves-secretaria-nacional-da-habitacao-do-ministerio-das-cidades","tag-moradias"],"blocksy_meta":[],"spectra_blocks_featured_image_url":[],"spectra_blocks_author_info":{"display_name":"Jornal da Constru\u00e7\u00e3o Civil","avatar_url":"https:\/\/secure.gravatar.com\/avatar\/973c9774fd44ddaceb026973c4962faa70fc512bc4c9da68e8ebb40fecee6540?s=96&d=mm&r=g","author_link":"https:\/\/construcaocivil.siriusmarketingedesign.com.br\/?author=1","description":"Desde de 2013, levando muitas informa\u00e7\u00f5es, lan\u00e7amentos e produtos de qualidade para toda cadeia produtiva da constru\u00e7\u00e3o. O Futuro da constru\u00e7\u00e3o passa por aqui,"},"uagb_featured_image_src":{"full":false,"thumbnail":false,"medium":false,"medium_large":false,"large":false,"1536x1536":false,"2048x2048":false},"uagb_author_info":{"display_name":"Jornal da Constru\u00e7\u00e3o Civil","author_link":"https:\/\/construcaocivil.siriusmarketingedesign.com.br\/?author=1"},"uagb_comment_info":0,"uagb_excerpt":"Habita\u00e7\u00e3o\u00a0 Outubro, 2016 &#8211; Prestes a iniciar a contrata\u00e7\u00e3o do Programa Minha Casa, Minha Vida 3 (PMCMV) a secret\u00e1ria nacional da habita\u00e7\u00e3o do Minist\u00e9rio das Cidades, Maria Henriqueta Arantes Ferreira Alves, concedeu entrevista ao CBIC MAIS sobre o programa de habita\u00e7\u00e3o mais bem sucedido da hist\u00f3ria do Brasil. Segundo ela, o governo federal tamb\u00e9m decidiu&hellip;","_links":{"self":[{"href":"https:\/\/construcaocivil.siriusmarketingedesign.com.br\/index.php?rest_route=\/wp\/v2\/posts\/3693","targetHints":{"allow":["GET"]}}],"collection":[{"href":"https:\/\/construcaocivil.siriusmarketingedesign.com.br\/index.php?rest_route=\/wp\/v2\/posts"}],"about":[{"href":"https:\/\/construcaocivil.siriusmarketingedesign.com.br\/index.php?rest_route=\/wp\/v2\/types\/post"}],"author":[{"embeddable":true,"href":"https:\/\/construcaocivil.siriusmarketingedesign.com.br\/index.php?rest_route=\/wp\/v2\/users\/1"}],"replies":[{"embeddable":true,"href":"https:\/\/construcaocivil.siriusmarketingedesign.com.br\/index.php?rest_route=%2Fwp%2Fv2%2Fcomments&post=3693"}],"version-history":[{"count":0,"href":"https:\/\/construcaocivil.siriusmarketingedesign.com.br\/index.php?rest_route=\/wp\/v2\/posts\/3693\/revisions"}],"wp:attachment":[{"href":"https:\/\/construcaocivil.siriusmarketingedesign.com.br\/index.php?rest_route=%2Fwp%2Fv2%2Fmedia&parent=3693"}],"wp:term":[{"taxonomy":"category","embeddable":true,"href":"https:\/\/construcaocivil.siriusmarketingedesign.com.br\/index.php?rest_route=%2Fwp%2Fv2%2Fcategories&post=3693"},{"taxonomy":"post_tag","embeddable":true,"href":"https:\/\/construcaocivil.siriusmarketingedesign.com.br\/index.php?rest_route=%2Fwp%2Fv2%2Ftags&post=3693"}],"curies":[{"name":"wp","href":"https:\/\/api.w.org\/{rel}","templated":true}]}}