{"id":3696,"date":"2016-10-10T13:53:37","date_gmt":"2016-10-10T16:53:37","guid":{"rendered":"http:\/\/www.jornaldaconstrucaocivil.com.br\/?p=3696"},"modified":"2016-10-10T13:53:37","modified_gmt":"2016-10-10T16:53:37","slug":"uma-das-lideres-europeias-em-gestao-de-meio-ambiente-industrial-italia-e-destaque-na-18a-edicao-da-fimai-ecomondo-brasil","status":"publish","type":"post","link":"https:\/\/construcaocivil.siriusmarketingedesign.com.br\/?p=3696","title":{"rendered":"Uma das l\u00edderes europeias em gest\u00e3o de meio ambiente industrial, It\u00e1lia \u00e9 destaque na 18\u00aa edi\u00e7\u00e3o da FIMAI Ecomondo Brasil"},"content":{"rendered":"<p><span style=\"color: #993300;\">\u00a0Saneamento e Energia \u00a0<\/span><\/p>\n<p style=\"text-align: justify;\"><span style=\"color: #ff0000;\">Outubro, 2016 &#8211;<\/span> <span style=\"color: #000000;\">Equipamento para tratamento e reuso de \u00e1gua, gera\u00e7\u00e3o de energia a partir do lixo e filtros de fuma\u00e7a s\u00e3o algumas das solu\u00e7\u00f5es tecnol\u00f3gicas presentes no evento, que aconteceu em S\u00e3o Paulo<\/span><\/p>\n<p style=\"text-align: justify;\"><span style=\"color: #000000;\">Considerado um dos tr\u00eas pa\u00edses europeus que mais dominam o setor de gest\u00e3o do meio ambiente industrial, a It\u00e1lia \u00e9 um dos destaques na 18\u00aa edi\u00e7\u00e3o da Feira Internacional do Meio Ambiente (FIMAI), a principal da Am\u00e9rica Latina, que terminou na semanada passada (6\/10) em S\u00e3o Paulo.<\/span><\/p>\n<p style=\"text-align: justify;\"><span style=\"color: #000000;\">A convite da Italian Trade Agency (ITA), cinco empresas do pa\u00eds vieram ao Brasil apresentar solu\u00e7\u00f5es e tecnologias inovadoras para o meio ambiente das cidades e para a sustentabilidade das ind\u00fastrias brasileiras.<\/span><\/p>\n<p style=\"text-align: justify;\"><span style=\"color: #000000;\">O c\u00f4nsul-geral da It\u00e1lia em S\u00e3o Paulo Michele Pala, destacou o grande interesse de empresas italianas pelas feiras brasileiras, especialmente as do segmento industrial. <em>\u201cS\u00e3o Paulo \u00e9 o principal polo da Am\u00e9rica Latina, parada obrigat\u00f3ria para a busca de novos mercados e oportunidades\u201d<\/em>, disse.<\/span><\/p>\n<p style=\"text-align: justify;\"><span style=\"color: #000000;\">Segundo Pala, esta expertise foi adquirida no avan\u00e7o dos programas de reciclagem de lixo e no esfor\u00e7o dos governos em reduzir os aterros sanit\u00e1rios.<em> \u201cAs cidades italianas est\u00e3o acostumadas com a escassez de \u00e1gua e altos custos de energia\u201d<\/em>, afirmou.<\/span><\/p>\n<p style=\"text-align: justify;\"><span style=\"color: #000000;\">Uma das empresas presentes \u00e9 a Area Impianti, que fabrica filtros para termoel\u00e9tricas de carv\u00e3o para a redu\u00e7\u00e3o de emiss\u00e3o de poluentes no ar. A companhia se beneficiou do aumento do uso das termoel\u00e9tricas no pa\u00eds, nos \u00faltimos anos, devido \u00e0 crise do setor hidroel\u00e9trico pela falta de chuvas.<\/span><\/p>\n<p style=\"text-align: justify;\"><span style=\"color: #000000;\"><em>\u201cTratamos a fuma\u00e7a emitida, diminuindo, consideravelmente, os poluentes, que s\u00e3o enviados para a atmosfera\u201d, explicou Carlos Eduardo de Freitas, gerente comercial da empresa, que j\u00e1 instalou dois escrit\u00f3rios em S\u00e3o Paulo em quatro anos. \u201cConseguimos bons neg\u00f3cios no Brasil nestes anos e resolvemos implantar alguns escrit\u00f3rios para facilitar a busca de oportunidades em projetos de sustentabilidade\u201d<\/em>, acrescentou o executivo, de olho tamb\u00e9m nos mercados sul-americanos para sistemas de cogest\u00e3o de produ\u00e7\u00e3o de energia a partir do lixo.<\/span><\/p>\n<p style=\"text-align: justify;\"><span style=\"color: #000000;\">A crescente necessidade de as ind\u00fastrias implantarem sistemas de reuso, dosagens de sust\u00e2ncias qu\u00edmicas poluentes na \u00e1gua utilizada nos processos de produ\u00e7\u00e3o foi a oportunidade de neg\u00f3cios que a Injecta, presente em mais de 80 pa\u00edses, enxergou no Brasil.<\/span><\/p>\n<p style=\"text-align: justify;\"><span style=\"color: #000000;\">A tecnologia \u00e9 utilizada tamb\u00e9m em concession\u00e1rias no processo de tratamento de \u00e1gua e na produ\u00e7\u00e3o de piscicultura, nas dosagens de produtos qu\u00edmicos.<em> \u201cAs empresas est\u00e3o com maior dificuldade de capta\u00e7\u00e3o de \u00e1gua e dos padr\u00f5es ideais\u201d<\/em>, apontou Lorenzo Litigante, executivo t\u00e9cnico de servi\u00e7os da empresa.<em> \u201cTemos pre\u00e7os competitivos at\u00e9 com os dos chineses\u201d.<\/em><\/span><\/p>\n<p style=\"text-align: justify;\"><span style=\"color: #000000;\">Giovanni Curci, representante da Idro Group no Brasil, aposta nos sistemas de tratamento de \u00e1gua para regi\u00f5es ou empresas que tem dificuldade de acesso a isto.<em> \u201cOferecemos tecnologias m\u00f3veis e compactas, ideais para pequenas e m\u00e9dias ind\u00fastrias e comunidades e acreditamos muito neste mercado aqui no Brasil\u201d<\/em>, explicou.<\/span><\/p>\n<p style=\"text-align: justify;\"><span style=\"color: #000000;\">J\u00e1 a Ravagnan acredita na tend\u00eancia do reuso da \u00e1gua a partir da melhoria dos sistemas de tratamento com processos de decanta\u00e7\u00e3o, clarifica\u00e7\u00e3o, resfriamento, dosagem de reagentes qu\u00edmicos para empresas principalmente do setor de siderurgia.<em> \u201cAqui no Brasil nossa expectativa \u00e9 na reutiliza\u00e7\u00e3o e na entrega de \u00e1gua de qualidade\u201d<\/em>, apontou Jo\u00e3o Cotrim, representante da empresa.<\/span><\/p>\n<p style=\"text-align: justify;\"><span style=\"color: #000000;\">J\u00e1 o interesse da SCT (Sorain Cecchini Tecno) \u00e9 o tratamento e reaproveitamento dos aterros sanit\u00e1rios no pa\u00eds a partir de sistemas integrados e automatizados que conseguem tratar 36% dos res\u00edduos s\u00f3lidos destas \u00e1reas. <em>\u201cS\u00e3o lix\u00f5es que se tornaram um verdadeiro problema para as grandes cidades. Por meio da nossa tecnologia, buscamos gerir e minimizar os impactos para o meio ambiente\u201d<\/em>, disse o diretor da empresa Paolo de Pinto, que aproveitou a presen\u00e7a na FIMAI para conhecer melhor o mercado brasileiro. <em>\u201cJ\u00e1 conseguimos contatos bem interessantes e boas perspectivas de neg\u00f3cio\u201d<\/em>.<\/span><\/p>\n<p style=\"text-align: justify;\"><span style=\"color: #0000ff;\"><strong>Sobre a Italian Trade Agency<\/strong><\/span><\/p>\n<p style=\"text-align: justify;\">ITA \u2013 Italian Trade Agency \u2013<span style=\"color: #0000ff;\"> www.ice-sanpaolo.com.br<\/span><\/p>\n","protected":false},"excerpt":{"rendered":"<p>\u00a0Saneamento e Energia \u00a0 Outubro, 2016 &#8211; Equipamento para tratamento e reuso de \u00e1gua, gera\u00e7\u00e3o de energia a partir do lixo e filtros de fuma\u00e7a s\u00e3o algumas das solu\u00e7\u00f5es tecnol\u00f3gicas presentes no evento, que aconteceu em S\u00e3o Paulo Considerado um dos tr\u00eas pa\u00edses europeus que mais dominam o setor de gest\u00e3o do meio ambiente industrial, [&hellip;]<\/p>\n","protected":false},"author":1,"featured_media":0,"comment_status":"open","ping_status":"open","sticky":false,"template":"","format":"standard","meta":{"_uag_custom_page_level_css":"","footnotes":""},"categories":[27],"tags":[861,4288,4651,4940,6429,9462,9904,10309,10593,10679,11222,11373],"class_list":["post-3696","post","type-post","status-publish","format-standard","hentry","category-acontece","tag-area-impianti","tag-energia","tag-ete","tag-feira-internacional-do-meio-ambiente-fimai","tag-italian-trade-agency","tag-producao-de-energia-a-partir-do-lixo","tag-ravagnam","tag-reuso-da-agua","tag-saneamento","tag-sao-paulo-sp","tag-sistemas-de-tratamento","tag-sorain-cecchini-tecno-sct"],"blocksy_meta":[],"spectra_blocks_featured_image_url":null,"spectra_blocks_author_info":{"display_name":"Jornal da Constru\u00e7\u00e3o Civil","avatar_url":"https:\/\/secure.gravatar.com\/avatar\/973c9774fd44ddaceb026973c4962faa70fc512bc4c9da68e8ebb40fecee6540?s=96&d=mm&r=g","author_link":"https:\/\/construcaocivil.siriusmarketingedesign.com.br\/?author=1","description":"Desde de 2013, levando muitas informa\u00e7\u00f5es, lan\u00e7amentos e produtos de qualidade para toda cadeia produtiva da constru\u00e7\u00e3o. O Futuro da constru\u00e7\u00e3o passa por aqui,"},"uagb_featured_image_src":{"full":false,"thumbnail":false,"medium":false,"medium_large":false,"large":false,"1536x1536":false,"2048x2048":false},"uagb_author_info":{"display_name":"Jornal da Constru\u00e7\u00e3o Civil","author_link":"https:\/\/construcaocivil.siriusmarketingedesign.com.br\/?author=1"},"uagb_comment_info":0,"uagb_excerpt":"\u00a0Saneamento e Energia \u00a0 Outubro, 2016 &#8211; Equipamento para tratamento e reuso de \u00e1gua, gera\u00e7\u00e3o de energia a partir do lixo e filtros de fuma\u00e7a s\u00e3o algumas das solu\u00e7\u00f5es tecnol\u00f3gicas presentes no evento, que aconteceu em S\u00e3o Paulo Considerado um dos tr\u00eas pa\u00edses europeus que mais dominam o setor de gest\u00e3o do meio ambiente industrial,&hellip;","_links":{"self":[{"href":"https:\/\/construcaocivil.siriusmarketingedesign.com.br\/index.php?rest_route=\/wp\/v2\/posts\/3696","targetHints":{"allow":["GET"]}}],"collection":[{"href":"https:\/\/construcaocivil.siriusmarketingedesign.com.br\/index.php?rest_route=\/wp\/v2\/posts"}],"about":[{"href":"https:\/\/construcaocivil.siriusmarketingedesign.com.br\/index.php?rest_route=\/wp\/v2\/types\/post"}],"author":[{"embeddable":true,"href":"https:\/\/construcaocivil.siriusmarketingedesign.com.br\/index.php?rest_route=\/wp\/v2\/users\/1"}],"replies":[{"embeddable":true,"href":"https:\/\/construcaocivil.siriusmarketingedesign.com.br\/index.php?rest_route=%2Fwp%2Fv2%2Fcomments&post=3696"}],"version-history":[{"count":0,"href":"https:\/\/construcaocivil.siriusmarketingedesign.com.br\/index.php?rest_route=\/wp\/v2\/posts\/3696\/revisions"}],"wp:attachment":[{"href":"https:\/\/construcaocivil.siriusmarketingedesign.com.br\/index.php?rest_route=%2Fwp%2Fv2%2Fmedia&parent=3696"}],"wp:term":[{"taxonomy":"category","embeddable":true,"href":"https:\/\/construcaocivil.siriusmarketingedesign.com.br\/index.php?rest_route=%2Fwp%2Fv2%2Fcategories&post=3696"},{"taxonomy":"post_tag","embeddable":true,"href":"https:\/\/construcaocivil.siriusmarketingedesign.com.br\/index.php?rest_route=%2Fwp%2Fv2%2Ftags&post=3696"}],"curies":[{"name":"wp","href":"https:\/\/api.w.org\/{rel}","templated":true}]}}