{"id":3706,"date":"2016-10-10T17:04:18","date_gmt":"2016-10-10T20:04:18","guid":{"rendered":"http:\/\/www.jornaldaconstrucaocivil.com.br\/?p=3706"},"modified":"2016-10-10T17:04:18","modified_gmt":"2016-10-10T20:04:18","slug":"danfoss-ministra-palestra-sobre-dispositivos-tecnologicos-no-entrac","status":"publish","type":"post","link":"https:\/\/construcaocivil.siriusmarketingedesign.com.br\/?p=3706","title":{"rendered":"Danfoss ministra palestra sobre dispositivos tecnol\u00f3gicos no ENTRAC"},"content":{"rendered":"<p style=\"text-align: justify;\"><span style=\"color: #0000ff;\">Mercado<\/span><\/p>\n<p style=\"text-align: justify;\"><span style=\"color: #000000;\">L\u00edder global no fornecimento de tecnologias que atendem \u00e0 crescente demanda da cadeia produtiva de alimentos, efici\u00eancia energ\u00e9tica, solu\u00e7\u00f5es favor\u00e1veis ao clima e infraestrutura moderna, a Danfoss participa do Encontro Tecnol\u00f3gico de Refrigera\u00e7\u00e3o e Ar Condicionado (ENTRAC) que acontece nos dias 19 e 20 de outubro no Premier Best Western, em Macei\u00f3 (AL).<\/span><\/p>\n<p style=\"text-align: justify;\"><span style=\"color: #000000;\">Nesta edi\u00e7\u00e3o do ENTRAC ser\u00e3o abordadas as boas pr\u00e1ticas de projeto, instala\u00e7\u00e3o e manuten\u00e7\u00e3o. O engenheiro de vendas Leonardo Prado ministrar\u00e1 a palestra \u201cDispositivos tecnol\u00f3gicos Danfoss para sistemas de HVAC-R\u201d, no dia 19 de outubro, \u00e0s 16h45.<\/span><\/p>\n<p style=\"text-align: justify;\"><span style=\"color: #000000;\">A Danfoss fornece produtos e solu\u00e7\u00f5es, dentre outras aplica\u00e7\u00f5es, para os segmentos de refrigera\u00e7\u00e3o e ar-condicionado. O objetivo destas solu\u00e7\u00f5es \u00e9 proporcionar a redu\u00e7\u00e3o no consumo de energia el\u00e9trica e otimizar os sistemas de climatiza\u00e7\u00e3o em edif\u00edcios comerciais.<\/span><\/p>\n<p><span style=\"color: #000000;\">A palestra \u00e9 gratuita e as inscri\u00e7\u00f5es devem ser feitas no link<\/span> <span style=\"color: #0000ff;\">http:\/\/www.engenhariaearquitetura.com.br\/entrac\/maceio\/.<\/span><\/p>\n<p><span style=\"color: #993300;\">Servi\u00e7o<\/span><\/p>\n<p><span style=\"color: #993300;\">Encontro Tecnol\u00f3gico de Refrigera\u00e7\u00e3o e Ar Condicionado (ENTRAC)<\/span><\/p>\n<p><span style=\"color: #993300;\">Palestra \u201cDispositivos tecnol\u00f3gicos Danfoss para sistemas de HVAC-R\u201d<\/span><\/p>\n<p><span style=\"color: #993300;\">Dia 19 de outubro, \u00e0s 16h45<\/span><\/p>\n<p><span style=\"color: #993300;\">Premier Best Western<\/span><\/p>\n<p><span style=\"color: #993300;\">Avenida Dr. Antonio Gouveia, 925, Paju\u00e7ara, Macei\u00f3 &#8211; AL<\/span><\/p>\n","protected":false},"excerpt":{"rendered":"<p>Mercado L\u00edder global no fornecimento de tecnologias que atendem \u00e0 crescente demanda da cadeia produtiva de alimentos, efici\u00eancia energ\u00e9tica, solu\u00e7\u00f5es favor\u00e1veis ao clima e infraestrutura moderna, a Danfoss participa do Encontro Tecnol\u00f3gico de Refrigera\u00e7\u00e3o e Ar Condicionado (ENTRAC) que acontece nos dias 19 e 20 de outubro no Premier Best Western, em Macei\u00f3 (AL). Nesta [&hellip;]<\/p>\n","protected":false},"author":1,"featured_media":0,"comment_status":"open","ping_status":"open","sticky":false,"template":"","format":"standard","meta":{"_uag_custom_page_level_css":"","footnotes":""},"categories":[33],"tags":[3350,3724,4275,6115,6842,7114,8144,8597],"class_list":["post-3706","post","type-post","status-publish","format-standard","hentry","category-mercado","tag-danfoss","tag-dispositivos-em-tecnologia","tag-encontro-tecnologico-de-refrigeracao-e-ar-condicionado-entrac","tag-infraestrutura-moderna","tag-leonardo-prado-engenherio-de-vendas","tag-maceio-al","tag-nordeste","tag-pajucara"],"blocksy_meta":[],"spectra_blocks_featured_image_url":null,"spectra_blocks_author_info":{"display_name":"Jornal da Constru\u00e7\u00e3o Civil","avatar_url":"https:\/\/secure.gravatar.com\/avatar\/973c9774fd44ddaceb026973c4962faa70fc512bc4c9da68e8ebb40fecee6540?s=96&d=mm&r=g","author_link":"https:\/\/construcaocivil.siriusmarketingedesign.com.br\/?author=1","description":"Desde de 2013, levando muitas informa\u00e7\u00f5es, lan\u00e7amentos e produtos de qualidade para toda cadeia produtiva da constru\u00e7\u00e3o. O Futuro da constru\u00e7\u00e3o passa por aqui,"},"uagb_featured_image_src":{"full":false,"thumbnail":false,"medium":false,"medium_large":false,"large":false,"1536x1536":false,"2048x2048":false},"uagb_author_info":{"display_name":"Jornal da Constru\u00e7\u00e3o Civil","author_link":"https:\/\/construcaocivil.siriusmarketingedesign.com.br\/?author=1"},"uagb_comment_info":0,"uagb_excerpt":"Mercado L\u00edder global no fornecimento de tecnologias que atendem \u00e0 crescente demanda da cadeia produtiva de alimentos, efici\u00eancia energ\u00e9tica, solu\u00e7\u00f5es favor\u00e1veis ao clima e infraestrutura moderna, a Danfoss participa do Encontro Tecnol\u00f3gico de Refrigera\u00e7\u00e3o e Ar Condicionado (ENTRAC) que acontece nos dias 19 e 20 de outubro no Premier Best Western, em Macei\u00f3 (AL). Nesta&hellip;","_links":{"self":[{"href":"https:\/\/construcaocivil.siriusmarketingedesign.com.br\/index.php?rest_route=\/wp\/v2\/posts\/3706","targetHints":{"allow":["GET"]}}],"collection":[{"href":"https:\/\/construcaocivil.siriusmarketingedesign.com.br\/index.php?rest_route=\/wp\/v2\/posts"}],"about":[{"href":"https:\/\/construcaocivil.siriusmarketingedesign.com.br\/index.php?rest_route=\/wp\/v2\/types\/post"}],"author":[{"embeddable":true,"href":"https:\/\/construcaocivil.siriusmarketingedesign.com.br\/index.php?rest_route=\/wp\/v2\/users\/1"}],"replies":[{"embeddable":true,"href":"https:\/\/construcaocivil.siriusmarketingedesign.com.br\/index.php?rest_route=%2Fwp%2Fv2%2Fcomments&post=3706"}],"version-history":[{"count":0,"href":"https:\/\/construcaocivil.siriusmarketingedesign.com.br\/index.php?rest_route=\/wp\/v2\/posts\/3706\/revisions"}],"wp:attachment":[{"href":"https:\/\/construcaocivil.siriusmarketingedesign.com.br\/index.php?rest_route=%2Fwp%2Fv2%2Fmedia&parent=3706"}],"wp:term":[{"taxonomy":"category","embeddable":true,"href":"https:\/\/construcaocivil.siriusmarketingedesign.com.br\/index.php?rest_route=%2Fwp%2Fv2%2Fcategories&post=3706"},{"taxonomy":"post_tag","embeddable":true,"href":"https:\/\/construcaocivil.siriusmarketingedesign.com.br\/index.php?rest_route=%2Fwp%2Fv2%2Ftags&post=3706"}],"curies":[{"name":"wp","href":"https:\/\/api.w.org\/{rel}","templated":true}]}}