{"id":3709,"date":"2016-10-10T19:46:31","date_gmt":"2016-10-10T22:46:31","guid":{"rendered":"http:\/\/www.jornaldaconstrucaocivil.com.br\/?p=3709"},"modified":"2016-10-10T19:46:31","modified_gmt":"2016-10-10T22:46:31","slug":"anadef-em-repudio-a-pec-241","status":"publish","type":"post","link":"https:\/\/construcaocivil.siriusmarketingedesign.com.br\/?p=3709","title":{"rendered":"ANADEF em rep\u00fadio \u00e0 PEC 241"},"content":{"rendered":"<p style=\"text-align: justify;\"><span style=\"color: #993300;\">Corte de Gastos &#8211; PEC 241\u00a0<\/span><\/p>\n<p style=\"text-align: justify;\"><span style=\"color: #0000ff;\"><span style=\"color: #ff0000;\">Outubro, 2016<\/span> &#8211; A Associa\u00e7\u00e3o Nacional dos Defensores P\u00fablicos Federais &#8211; ANADEF<\/span><span style=\"color: #000000;\"> vem a p\u00fablico repudiar a Proposta de Emenda Constitucional 241 que institui um teto para o gasto p\u00fablico federal. Caso seja aprovada, a PEC reduzir\u00e1 os gastos federais em educa\u00e7\u00e3o, sa\u00fade e em programas sociais relevantes, representando um retrocesso na redu\u00e7\u00e3o da desigualdade social no Brasil. Para a ANADEF, isso \u00e9 uma afronta aos direitos e garantias Constitucionais do cidad\u00e3o, em especial da popula\u00e7\u00e3o carente, que necessita desses servi\u00e7os.<\/span><\/p>\n<p style=\"text-align: justify;\"><span style=\"color: #000000;\">A proposta compromete e limita a atua\u00e7\u00e3o da Defensoria P\u00fablica da Uni\u00e3o, pois vai na contram\u00e3o da garantia ao acesso \u00e0 Justi\u00e7a pela popula\u00e7\u00e3o de baixa renda. Na eventualidade da aprova\u00e7\u00e3o, a PEC impedir\u00e1 os avan\u00e7os estabelecidos pela Emenda Constitucional 80, de 2014. A EC 80 conferiu \u00e0 DPU um novo perfil Constitucional, assegurando a presen\u00e7a de defensores p\u00fablicos em todas as unidades jurisdicionais do pa\u00eds no prazo de 8 anos (Artigo 98). Em um quadro de restri\u00e7\u00e3o, n\u00e3o haver\u00e1 a garantia da interioriza\u00e7\u00e3o, do aperfei\u00e7oamento e do avan\u00e7o da atua\u00e7\u00e3o da DPU, que hoje est\u00e1 presente apenas nas capitais.<\/span><\/p>\n<p style=\"text-align: justify;\"><span style=\"color: #000000;\">O projeto colabora para o iminente sucateamento da Defensoria P\u00fablica da Uni\u00e3o, j\u00e1 que a carreira passar\u00e1 por um esvaziamento: dos 620 defensores p\u00fablicos federais em atua\u00e7\u00e3o no pa\u00eds, cerca de 60 devem deixar a DPU at\u00e9 o final do ano motivados pela falta de estrutura e investimentos no \u00f3rg\u00e3o.<\/span><\/p>\n<p style=\"text-align: justify;\"><span style=\"color: #000000;\">Ao provocar forte redu\u00e7\u00e3o dos gastos governamentais em programas para melhoria da qualidade de vida da popula\u00e7\u00e3o, a PEC 241 afronta direitos e garantias do cidad\u00e3o, ferindo princ\u00edpios garantidos pela Constitui\u00e7\u00e3o Federal. A ANADEF refor\u00e7a seu posicionamento contra essa medida exatamente pelo car\u00e1ter de retrocesso que ela embute, repassando para as parcelas menos desfavorecidas da popula\u00e7\u00e3o a pesada conta do ajuste fiscal do or\u00e7amento federal.<\/span><\/p>\n","protected":false},"excerpt":{"rendered":"<p>Corte de Gastos &#8211; PEC 241\u00a0 Outubro, 2016 &#8211; A Associa\u00e7\u00e3o Nacional dos Defensores P\u00fablicos Federais &#8211; ANADEF vem a p\u00fablico repudiar a Proposta de Emenda Constitucional 241 que institui um teto para o gasto p\u00fablico federal. Caso seja aprovada, a PEC reduzir\u00e1 os gastos federais em educa\u00e7\u00e3o, sa\u00fade e em programas sociais relevantes, representando [&hellip;]<\/p>\n","protected":false},"author":1,"featured_media":0,"comment_status":"open","ping_status":"open","sticky":false,"template":"","format":"standard","meta":{"_uag_custom_page_level_css":"","footnotes":""},"categories":[27],"tags":[1048,1569,3105,3198,3217,3407,4149,5554,8749],"class_list":["post-3709","post","type-post","status-publish","format-standard","hentry","category-acontece","tag-associacao-nacional-dos-defensores-publicos-federais-anadef","tag-brasilia","tag-corte-de-gastos","tag-crise","tag-crise-politica","tag-defensoria-publica-da-uniao","tag-emprego","tag-governo-federal","tag-pec-241"],"blocksy_meta":[],"spectra_blocks_featured_image_url":null,"spectra_blocks_author_info":{"display_name":"Jornal da Constru\u00e7\u00e3o Civil","avatar_url":"https:\/\/secure.gravatar.com\/avatar\/973c9774fd44ddaceb026973c4962faa70fc512bc4c9da68e8ebb40fecee6540?s=96&d=mm&r=g","author_link":"https:\/\/construcaocivil.siriusmarketingedesign.com.br\/?author=1","description":"Desde de 2013, levando muitas informa\u00e7\u00f5es, lan\u00e7amentos e produtos de qualidade para toda cadeia produtiva da constru\u00e7\u00e3o. O Futuro da constru\u00e7\u00e3o passa por aqui,"},"uagb_featured_image_src":{"full":false,"thumbnail":false,"medium":false,"medium_large":false,"large":false,"1536x1536":false,"2048x2048":false},"uagb_author_info":{"display_name":"Jornal da Constru\u00e7\u00e3o Civil","author_link":"https:\/\/construcaocivil.siriusmarketingedesign.com.br\/?author=1"},"uagb_comment_info":0,"uagb_excerpt":"Corte de Gastos &#8211; PEC 241\u00a0 Outubro, 2016 &#8211; A Associa\u00e7\u00e3o Nacional dos Defensores P\u00fablicos Federais &#8211; ANADEF vem a p\u00fablico repudiar a Proposta de Emenda Constitucional 241 que institui um teto para o gasto p\u00fablico federal. Caso seja aprovada, a PEC reduzir\u00e1 os gastos federais em educa\u00e7\u00e3o, sa\u00fade e em programas sociais relevantes, representando&hellip;","_links":{"self":[{"href":"https:\/\/construcaocivil.siriusmarketingedesign.com.br\/index.php?rest_route=\/wp\/v2\/posts\/3709","targetHints":{"allow":["GET"]}}],"collection":[{"href":"https:\/\/construcaocivil.siriusmarketingedesign.com.br\/index.php?rest_route=\/wp\/v2\/posts"}],"about":[{"href":"https:\/\/construcaocivil.siriusmarketingedesign.com.br\/index.php?rest_route=\/wp\/v2\/types\/post"}],"author":[{"embeddable":true,"href":"https:\/\/construcaocivil.siriusmarketingedesign.com.br\/index.php?rest_route=\/wp\/v2\/users\/1"}],"replies":[{"embeddable":true,"href":"https:\/\/construcaocivil.siriusmarketingedesign.com.br\/index.php?rest_route=%2Fwp%2Fv2%2Fcomments&post=3709"}],"version-history":[{"count":0,"href":"https:\/\/construcaocivil.siriusmarketingedesign.com.br\/index.php?rest_route=\/wp\/v2\/posts\/3709\/revisions"}],"wp:attachment":[{"href":"https:\/\/construcaocivil.siriusmarketingedesign.com.br\/index.php?rest_route=%2Fwp%2Fv2%2Fmedia&parent=3709"}],"wp:term":[{"taxonomy":"category","embeddable":true,"href":"https:\/\/construcaocivil.siriusmarketingedesign.com.br\/index.php?rest_route=%2Fwp%2Fv2%2Fcategories&post=3709"},{"taxonomy":"post_tag","embeddable":true,"href":"https:\/\/construcaocivil.siriusmarketingedesign.com.br\/index.php?rest_route=%2Fwp%2Fv2%2Ftags&post=3709"}],"curies":[{"name":"wp","href":"https:\/\/api.w.org\/{rel}","templated":true}]}}