{"id":372,"date":"2015-11-12T19:02:30","date_gmt":"2015-11-12T19:02:30","guid":{"rendered":"http:\/\/www.jornaldaconstrucaocivil.com.br\/?p=372"},"modified":"2015-11-12T19:02:30","modified_gmt":"2015-11-12T19:02:30","slug":"simulado-da-defesa-civil-testa-plano-de-contingencia-na-regiao-do-paraiso","status":"publish","type":"post","link":"https:\/\/construcaocivil.siriusmarketingedesign.com.br\/?p=372","title":{"rendered":"SIMULADO DA DEFESA CIVIL TESTA PLANO DE CONTING\u00caNCIA NA REGI\u00c3O DO PARA\u00cdSO"},"content":{"rendered":"<p>A Defesa Civil realizou nesta semana\u00a0no bairro\u00a0Castelo Branco\u00a0um\u00a0teste\u00a0do Plano de Conting\u00eancia que teve como objetivo simular a a\u00e7\u00e3o de v\u00e1rios agentes envolvidos na presta\u00e7\u00e3o de socorro\u00a0e na\u00a0evacua\u00e7\u00e3o do local em situa\u00e7\u00f5es de emerg\u00eancia\u00a0provocadas\u00a0por temporais, deslizamentos\u00a0e soterramentos.<\/p>\n<figure id=\"attachment_373\" aria-describedby=\"caption-attachment-373\" style=\"width: 244px\" class=\"wp-caption alignleft\"><a href=\"http:\/\/www.jornaldaconstrucaocivil.com.br\/wp-content\/uploads\/2015\/11\/Exerc\u00edcio-Simulado-Defesa-Civil-Foto-Marcio-Fabian-50.jpg\"><img loading=\"lazy\" decoding=\"async\" class=\"wp-image-373\" src=\"http:\/\/www.jornaldaconstrucaocivil.com.br\/wp-content\/uploads\/2015\/11\/Exerc\u00edcio-Simulado-Defesa-Civil-Foto-Marcio-Fabian-50-300x199.jpg\" alt=\"Exerc\u00edcio Simulado Defesa Civil    Foto Marcio Fabian (50)\" width=\"244\" height=\"162\" \/><\/a><figcaption id=\"caption-attachment-373\" class=\"wp-caption-text\"><span style=\"color: #800080;\">Exerc\u00edcio Simulado Defesa Civil Foto Marcio Fabian. <\/span><\/figcaption><\/figure>\n<p>A simula\u00e7\u00e3o contou com diversos \u00f3rg\u00e3os da Prefeitura, como Secretarias de Assist\u00eancia Social e Direitos Humanos e de Rela\u00e7\u00f5es Comunit\u00e1rias e Cidadania, Superintend\u00eancia de Transporte e Tr\u00e2nsito e Guarda Municipal. A Academia Militar das Agulhas Negras (AMAN) participou com diversos soldados e tamb\u00e9m um helic\u00f3ptero que simulou o resgate de um ferido na mata. Com ajuda de c\u00e3es farejadores o Corpo de Bombeiros fez a simula\u00e7\u00e3o de busca de uma pessoa soterrada na lama.<\/p>\n<p>Assistentes Sociais conversaram com moradores da Rua Jo\u00e3o Denegri, considerada \u00e1rea de risco pela Defesa Civil e explicaram a import\u00e2ncia da preven\u00e7\u00e3o e os procedimentos a serem adotados em caso de futuros temporais e deslizamentos.<\/p>\n<p>De acordo com Atanagildo Oliveira, diretor da Defesa Civil do Munic\u00edpio, foram mapeadas 35 \u00e1reas de risco em Resende e fazer essas simula\u00e7\u00f5es antes do per\u00edodo de chuva que se inicia em novembro \u00e9 muito importante, al\u00e9m de se verificar a integra\u00e7\u00e3o entre todos os \u00f3rg\u00e3os envolvidos.<\/p>\n<p>&nbsp;<\/p>\n<p>&nbsp;<\/p>\n","protected":false},"excerpt":{"rendered":"<p>A Defesa Civil realizou nesta semana\u00a0no bairro\u00a0Castelo Branco\u00a0um\u00a0teste\u00a0do Plano de Conting\u00eancia que teve como objetivo simular a a\u00e7\u00e3o de v\u00e1rios agentes envolvidos na presta\u00e7\u00e3o de socorro\u00a0e na\u00a0evacua\u00e7\u00e3o do local em situa\u00e7\u00f5es de emerg\u00eancia\u00a0provocadas\u00a0por temporais, deslizamentos\u00a0e soterramentos. A simula\u00e7\u00e3o contou com diversos \u00f3rg\u00e3os da Prefeitura, como Secretarias de Assist\u00eancia Social e Direitos Humanos e de Rela\u00e7\u00f5es [&hellip;]<\/p>\n","protected":false},"author":1,"featured_media":373,"comment_status":"open","ping_status":"open","sticky":false,"template":"","format":"standard","meta":{"_uag_custom_page_level_css":"","footnotes":""},"categories":[37],"tags":[3411,3565,4255,4721,10214,11386],"class_list":["post-372","post","type-post","status-publish","format-standard","has-post-thumbnail","hentry","category-sustentabilidade","tag-defesa-civil","tag-deslizamentos","tag-enchentes","tag-exercicio","tag-resende","tag-soterramento"],"blocksy_meta":[],"spectra_blocks_featured_image_url":[],"spectra_blocks_author_info":{"display_name":"Jornal da Constru\u00e7\u00e3o Civil","avatar_url":"https:\/\/secure.gravatar.com\/avatar\/973c9774fd44ddaceb026973c4962faa70fc512bc4c9da68e8ebb40fecee6540?s=96&d=mm&r=g","author_link":"https:\/\/construcaocivil.siriusmarketingedesign.com.br\/?author=1","description":"Desde de 2013, levando muitas informa\u00e7\u00f5es, lan\u00e7amentos e produtos de qualidade para toda cadeia produtiva da constru\u00e7\u00e3o. O Futuro da constru\u00e7\u00e3o passa por aqui,"},"uagb_featured_image_src":{"full":false,"thumbnail":false,"medium":false,"medium_large":false,"large":false,"1536x1536":false,"2048x2048":false},"uagb_author_info":{"display_name":"Jornal da Constru\u00e7\u00e3o Civil","author_link":"https:\/\/construcaocivil.siriusmarketingedesign.com.br\/?author=1"},"uagb_comment_info":0,"uagb_excerpt":"A Defesa Civil realizou nesta semana\u00a0no bairro\u00a0Castelo Branco\u00a0um\u00a0teste\u00a0do Plano de Conting\u00eancia que teve como objetivo simular a a\u00e7\u00e3o de v\u00e1rios agentes envolvidos na presta\u00e7\u00e3o de socorro\u00a0e na\u00a0evacua\u00e7\u00e3o do local em situa\u00e7\u00f5es de emerg\u00eancia\u00a0provocadas\u00a0por temporais, deslizamentos\u00a0e soterramentos. A simula\u00e7\u00e3o contou com diversos \u00f3rg\u00e3os da Prefeitura, como Secretarias de Assist\u00eancia Social e Direitos Humanos e de Rela\u00e7\u00f5es&hellip;","_links":{"self":[{"href":"https:\/\/construcaocivil.siriusmarketingedesign.com.br\/index.php?rest_route=\/wp\/v2\/posts\/372","targetHints":{"allow":["GET"]}}],"collection":[{"href":"https:\/\/construcaocivil.siriusmarketingedesign.com.br\/index.php?rest_route=\/wp\/v2\/posts"}],"about":[{"href":"https:\/\/construcaocivil.siriusmarketingedesign.com.br\/index.php?rest_route=\/wp\/v2\/types\/post"}],"author":[{"embeddable":true,"href":"https:\/\/construcaocivil.siriusmarketingedesign.com.br\/index.php?rest_route=\/wp\/v2\/users\/1"}],"replies":[{"embeddable":true,"href":"https:\/\/construcaocivil.siriusmarketingedesign.com.br\/index.php?rest_route=%2Fwp%2Fv2%2Fcomments&post=372"}],"version-history":[{"count":0,"href":"https:\/\/construcaocivil.siriusmarketingedesign.com.br\/index.php?rest_route=\/wp\/v2\/posts\/372\/revisions"}],"wp:attachment":[{"href":"https:\/\/construcaocivil.siriusmarketingedesign.com.br\/index.php?rest_route=%2Fwp%2Fv2%2Fmedia&parent=372"}],"wp:term":[{"taxonomy":"category","embeddable":true,"href":"https:\/\/construcaocivil.siriusmarketingedesign.com.br\/index.php?rest_route=%2Fwp%2Fv2%2Fcategories&post=372"},{"taxonomy":"post_tag","embeddable":true,"href":"https:\/\/construcaocivil.siriusmarketingedesign.com.br\/index.php?rest_route=%2Fwp%2Fv2%2Ftags&post=372"}],"curies":[{"name":"wp","href":"https:\/\/api.w.org\/{rel}","templated":true}]}}