{"id":3733,"date":"2016-10-13T21:17:31","date_gmt":"2016-10-14T00:17:31","guid":{"rendered":"http:\/\/www.jornaldaconstrucaocivil.com.br\/?p=3733"},"modified":"2016-10-13T21:17:31","modified_gmt":"2016-10-14T00:17:31","slug":"uso-de-energia-renovavel-podera-ser-obrigatorio-em-construcoes-com-recursos-publicos","status":"publish","type":"post","link":"https:\/\/construcaocivil.siriusmarketingedesign.com.br\/?p=3733","title":{"rendered":"Uso de energia renov\u00e1vel poder\u00e1 ser obrigat\u00f3rio em constru\u00e7\u00f5es com recursos p\u00fablicos"},"content":{"rendered":"<p><span style=\"color: #ff0000;\">Energia Renov\u00e1veis\u00a0<\/span><\/p>\n<p><span style=\"color: #000000;\">O Legislativo pode aprovar uma lei tornando obrigat\u00f3ria a utiliza\u00e7\u00e3o, nas resid\u00eancias e instala\u00e7\u00f5es financiadas com dinheiro p\u00fablico, de equipamentos de gera\u00e7\u00e3o de energia el\u00e9trica renov\u00e1vel. A ideia \u00e9 do senador Telm\u00e1rio Mota (PDT-RR), para quem o poder p\u00fablico deve dar o exemplo na mitiga\u00e7\u00e3o dos impactos ambientais causados pela atividade humana.<\/span><\/p>\n<figure id=\"attachment_3734\" aria-describedby=\"caption-attachment-3734\" style=\"width: 376px\" class=\"wp-caption alignleft\"><a href=\"http:\/\/www.jornaldaconstrucaocivil.com.br\/wp-content\/uploads\/2016\/10\/imagem_materia.jpg\"><img loading=\"lazy\" decoding=\"async\" class=\"wp-image-3734\" src=\"http:\/\/www.jornaldaconstrucaocivil.com.br\/wp-content\/uploads\/2016\/10\/imagem_materia.jpg\" alt=\"imagem_materia\" width=\"376\" height=\"249\" \/><\/a><figcaption id=\"caption-attachment-3734\" class=\"wp-caption-text\"><span style=\"color: #0000ff;\">Instala\u00e7\u00e3o de pain\u00e9is solares em escola municipal de Uberl\u00e2ndia (MG). Foto: Ot\u00e1vio Almeida\/Greenpeace<\/span><\/figcaption><\/figure>\n<p style=\"text-align: justify;\"><span style=\"color: #000000;\">O projeto (PLS 253\/2016) considera resultante de fonte renov\u00e1vel a energia el\u00e9trica gerada a partir de pequenas centrais hidroel\u00e9tricas ou por fonte e\u00f3lica, solar, maremotriz e biomassa. De acordo com a proposta, ser\u00e3o obrigados a utilizar energia com essas caracter\u00edsticas: as edifica\u00e7\u00f5es de pr\u00e9dios p\u00fablicos quando submetidos a reforma; os im\u00f3veis alugados pelo poder p\u00fablico; os im\u00f3veis constru\u00eddos para abrigar \u00f3rg\u00e3os p\u00fablicos; e os im\u00f3veis residenciais novos do programa Minha Casa, Minha Vida.<\/span><\/p>\n<p style=\"text-align: justify;\"><span style=\"color: #000000;\">Em defesa do projeto, Telm\u00e1rio Mota diz que os parlamentares devem procurar mecanismos de incentivo aos investimentos em fontes renov\u00e1veis de energia. Ele lembra que parte relevante do consumo energ\u00e9tico ocorre nos grandes centros urbanos. <\/span><\/p>\n<p style=\"text-align: justify;\"><span style=\"color: #000000;\">E acrescenta:\u00a0<\/span><span style=\"color: #000000;\">\u201cCom a obrigatoriedade de instala\u00e7\u00e3o de equipamentos de gera\u00e7\u00e3o de energia el\u00e9trica diretamente no centro de carga, como \u00e9 o caso do projeto que submeto, procura-se n\u00e3o somente aumentar a oferta de energia, mas tamb\u00e9m evitar as perdas que ocorrem na transmiss\u00e3o de energia el\u00e9trica entre as diferentes regi\u00f5es do Brasil. Ou seja, tem efeito duplamente positivo!\u201d.<\/span><\/p>\n<p><span style=\"color: #000000;\">O projeto est\u00e1 na Comiss\u00e3o de Servi\u00e7os de Infraestrutura (CI) aguardando a indica\u00e7\u00e3o de relator. A proposta ser\u00e1 votada em decis\u00e3o terminativa na comiss\u00e3o. Se aprovada e n\u00e3o houver recurso para vota\u00e7\u00e3o do texto pelo Plen\u00e1rio,\u00a0 seguir\u00e1 para a C\u00e2mara dos Deputados.<\/span><\/p>\n<p><span style=\"color: #993300;\">Fonte: Ag\u00eancia Senado<\/span><\/p>\n<p>&nbsp;<\/p>\n<p>&nbsp;<\/p>\n","protected":false},"excerpt":{"rendered":"<p>Energia Renov\u00e1veis\u00a0 O Legislativo pode aprovar uma lei tornando obrigat\u00f3ria a utiliza\u00e7\u00e3o, nas resid\u00eancias e instala\u00e7\u00f5es financiadas com dinheiro p\u00fablico, de equipamentos de gera\u00e7\u00e3o de energia el\u00e9trica renov\u00e1vel. A ideia \u00e9 do senador Telm\u00e1rio Mota (PDT-RR), para quem o poder p\u00fablico deve dar o exemplo na mitiga\u00e7\u00e3o dos impactos ambientais causados pela atividade humana. O [&hellip;]<\/p>\n","protected":false},"author":1,"featured_media":3734,"comment_status":"open","ping_status":"open","sticky":false,"template":"","format":"standard","meta":{"_uag_custom_page_level_css":"","footnotes":""},"categories":[29],"tags":[50,1436,2495,4324,5158,7279,7692,8393,10867,10871,11291],"class_list":["post-3733","post","type-post","status-publish","format-standard","has-post-thumbnail","hentry","category-energia","tag-pls-2532016","tag-biomassa","tag-comissao-de-servicos-de-infraestrutura-ci","tag-energias-renovaveis","tag-fonte-eolica","tag-maremotriz","tag-minha-casa-minha-vida","tag-obras-publicas","tag-senado-federal","tag-senador-telmario-mota-pdt-rr","tag-solar"],"blocksy_meta":[],"spectra_blocks_featured_image_url":[],"spectra_blocks_author_info":{"display_name":"Jornal da Constru\u00e7\u00e3o Civil","avatar_url":"https:\/\/secure.gravatar.com\/avatar\/973c9774fd44ddaceb026973c4962faa70fc512bc4c9da68e8ebb40fecee6540?s=96&d=mm&r=g","author_link":"https:\/\/construcaocivil.siriusmarketingedesign.com.br\/?author=1","description":"Desde de 2013, levando muitas informa\u00e7\u00f5es, lan\u00e7amentos e produtos de qualidade para toda cadeia produtiva da constru\u00e7\u00e3o. O Futuro da constru\u00e7\u00e3o passa por aqui,"},"uagb_featured_image_src":{"full":false,"thumbnail":false,"medium":false,"medium_large":false,"large":false,"1536x1536":false,"2048x2048":false},"uagb_author_info":{"display_name":"Jornal da Constru\u00e7\u00e3o Civil","author_link":"https:\/\/construcaocivil.siriusmarketingedesign.com.br\/?author=1"},"uagb_comment_info":0,"uagb_excerpt":"Energia Renov\u00e1veis\u00a0 O Legislativo pode aprovar uma lei tornando obrigat\u00f3ria a utiliza\u00e7\u00e3o, nas resid\u00eancias e instala\u00e7\u00f5es financiadas com dinheiro p\u00fablico, de equipamentos de gera\u00e7\u00e3o de energia el\u00e9trica renov\u00e1vel. A ideia \u00e9 do senador Telm\u00e1rio Mota (PDT-RR), para quem o poder p\u00fablico deve dar o exemplo na mitiga\u00e7\u00e3o dos impactos ambientais causados pela atividade humana. O&hellip;","_links":{"self":[{"href":"https:\/\/construcaocivil.siriusmarketingedesign.com.br\/index.php?rest_route=\/wp\/v2\/posts\/3733","targetHints":{"allow":["GET"]}}],"collection":[{"href":"https:\/\/construcaocivil.siriusmarketingedesign.com.br\/index.php?rest_route=\/wp\/v2\/posts"}],"about":[{"href":"https:\/\/construcaocivil.siriusmarketingedesign.com.br\/index.php?rest_route=\/wp\/v2\/types\/post"}],"author":[{"embeddable":true,"href":"https:\/\/construcaocivil.siriusmarketingedesign.com.br\/index.php?rest_route=\/wp\/v2\/users\/1"}],"replies":[{"embeddable":true,"href":"https:\/\/construcaocivil.siriusmarketingedesign.com.br\/index.php?rest_route=%2Fwp%2Fv2%2Fcomments&post=3733"}],"version-history":[{"count":0,"href":"https:\/\/construcaocivil.siriusmarketingedesign.com.br\/index.php?rest_route=\/wp\/v2\/posts\/3733\/revisions"}],"wp:attachment":[{"href":"https:\/\/construcaocivil.siriusmarketingedesign.com.br\/index.php?rest_route=%2Fwp%2Fv2%2Fmedia&parent=3733"}],"wp:term":[{"taxonomy":"category","embeddable":true,"href":"https:\/\/construcaocivil.siriusmarketingedesign.com.br\/index.php?rest_route=%2Fwp%2Fv2%2Fcategories&post=3733"},{"taxonomy":"post_tag","embeddable":true,"href":"https:\/\/construcaocivil.siriusmarketingedesign.com.br\/index.php?rest_route=%2Fwp%2Fv2%2Ftags&post=3733"}],"curies":[{"name":"wp","href":"https:\/\/api.w.org\/{rel}","templated":true}]}}