{"id":3746,"date":"2016-10-14T17:23:57","date_gmt":"2016-10-14T20:23:57","guid":{"rendered":"http:\/\/www.jornaldaconstrucaocivil.com.br\/?p=3746"},"modified":"2016-10-14T17:23:57","modified_gmt":"2016-10-14T20:23:57","slug":"porto-do-acu-participa-da-brics-trade-fair-que-acontece-na-india","status":"publish","type":"post","link":"https:\/\/construcaocivil.siriusmarketingedesign.com.br\/?p=3746","title":{"rendered":"Porto do A\u00e7u participa da BRICS Trade Fair que acontece na \u00cdndia"},"content":{"rendered":"<p style=\"text-align: justify;\"><span style=\"color: #993300;\">Mercado<\/span><\/p>\n<p style=\"text-align: justify;\"><span style=\"color: #000000;\"><span style=\"color: #0000ff;\">Rio, Outubro de 2016<\/span> \u2013 A Prumo Log\u00edstica, empresa que opera e desenvolve o Porto do A\u00e7u, \u00e9 uma das empresas brasileiras que participam da BRICS Trade Fair, que acontece nesta semana em Nova Deli, na \u00cdndia. O objetivo do encontro \u00e9 proporcionar oportunidades de neg\u00f3cios e atrair investimentos para o pa\u00eds.<\/span><\/p>\n<p style=\"text-align: justify;\"><a href=\"http:\/\/www.jornaldaconstrucaocivil.com.br\/wp-content\/uploads\/2016\/10\/BRICS-III.jpg\"><img loading=\"lazy\" decoding=\"async\" class=\"wp-image-3751 alignleft\" src=\"http:\/\/www.jornaldaconstrucaocivil.com.br\/wp-content\/uploads\/2016\/10\/BRICS-III.jpg\" alt=\"brics-iii\" width=\"325\" height=\"275\" \/><\/a><\/p>\n<p style=\"text-align: justify;\"><span style=\"color: #000000;\"><em>\u201cO Porto do A\u00e7u oferece excelentes oportunidades de neg\u00f3cios para as empresas indianas. Al\u00e9m de ter \u00e1rea dispon\u00edvel para a instala\u00e7\u00e3o de ind\u00fastrias, estamos desenvolvendo uma Zona de Processamento de Exporta\u00e7\u00e3o (ZPE) no Porto, que permite a instala\u00e7\u00e3o de empresas com foco principalmente na exporta\u00e7\u00e3o para as Am\u00e9ricas\u201d<\/em>, disse Fernando Schuffner, diretor comercial do Porto do A\u00e7u.<\/span><\/p>\n<p style=\"text-align: justify;\"><span style=\"color: #000000;\">Al\u00e9m da BRICS Trade Fair, as empresas tamb\u00e9m ter\u00e3o agendas espec\u00edficas. A delega\u00e7\u00e3o brasileira, formada por 20 empresas, \u00e9 liderada pela C\u00e2mara de Com\u00e9rcio \u00cdndia \u2013 Brasil (CCIAIB). A miss\u00e3o foi organizada pela APEX (Ag\u00eancia de Promo\u00e7\u00e3o de Exporta\u00e7\u00f5es e Investimentos) e pela CNI (Confedera\u00e7\u00e3o Nacional da Ind\u00fastria).<\/span><\/p>\n<p style=\"text-align: justify;\"><span style=\"color: #000000;\"><em>\u201cNossa expectativa \u00e9 voltar com neg\u00f3cios fechados e aumentarmos os casos de sucesso da rela\u00e7\u00e3o \u00cdndia-Brasil. Temos como um dos focos a atra\u00e7\u00e3o de novos investimentos para o pa\u00eds, estamos com uma delega\u00e7\u00e3o multissetorial que inclui esportes, log\u00edstica, agropecu\u00e1ria, TIC, seguran\u00e7a, tecnologia financeira, aeroespacial, alimentos e bebidas. Com certeza teremos bons resultados\u201d<\/em>, comenta Leonardo Ananda, presidente da C\u00e2mara.<\/span><\/p>\n<p style=\"text-align: justify;\"><span style=\"color: #000000;\">A feira antecede a oitava c\u00fapula do BRICS \u2013 que re\u00fane os pa\u00edses Brasil, R\u00fassia, \u00cdndia, China e \u00c1frica do Sul \u2013 e ser\u00e1 pautada pelo tema \u201cBuilding BRICS &#8211; Innovation for Collaboration\u201d (inova\u00e7\u00e3o para a colabora\u00e7\u00e3o). O foco ser\u00e1 mostrar algumas das melhores tecnologias dispon\u00edveis em todas as na\u00e7\u00f5es do BRICS para trocar experi\u00eancias e fechar parcerias.<\/span><\/p>\n","protected":false},"excerpt":{"rendered":"<p>Mercado Rio, Outubro de 2016 \u2013 A Prumo Log\u00edstica, empresa que opera e desenvolve o Porto do A\u00e7u, \u00e9 uma das empresas brasileiras que participam da BRICS Trade Fair, que acontece nesta semana em Nova Deli, na \u00cdndia. O objetivo do encontro \u00e9 proporcionar oportunidades de neg\u00f3cios e atrair investimentos para o pa\u00eds. \u201cO Porto [&hellip;]<\/p>\n","protected":false},"author":1,"featured_media":0,"comment_status":"open","ping_status":"open","sticky":false,"template":"","format":"standard","meta":{"_uag_custom_page_level_css":"","footnotes":""},"categories":[1],"tags":[],"class_list":["post-3746","post","type-post","status-publish","format-standard","hentry","category-sem-categoria"],"blocksy_meta":[],"spectra_blocks_featured_image_url":null,"spectra_blocks_author_info":{"display_name":"Jornal da Constru\u00e7\u00e3o Civil","avatar_url":"https:\/\/secure.gravatar.com\/avatar\/973c9774fd44ddaceb026973c4962faa70fc512bc4c9da68e8ebb40fecee6540?s=96&d=mm&r=g","author_link":"https:\/\/construcaocivil.siriusmarketingedesign.com.br\/?author=1","description":"Desde de 2013, levando muitas informa\u00e7\u00f5es, lan\u00e7amentos e produtos de qualidade para toda cadeia produtiva da constru\u00e7\u00e3o. O Futuro da constru\u00e7\u00e3o passa por aqui,"},"uagb_featured_image_src":{"full":false,"thumbnail":false,"medium":false,"medium_large":false,"large":false,"1536x1536":false,"2048x2048":false},"uagb_author_info":{"display_name":"Jornal da Constru\u00e7\u00e3o Civil","author_link":"https:\/\/construcaocivil.siriusmarketingedesign.com.br\/?author=1"},"uagb_comment_info":0,"uagb_excerpt":"Mercado Rio, Outubro de 2016 \u2013 A Prumo Log\u00edstica, empresa que opera e desenvolve o Porto do A\u00e7u, \u00e9 uma das empresas brasileiras que participam da BRICS Trade Fair, que acontece nesta semana em Nova Deli, na \u00cdndia. O objetivo do encontro \u00e9 proporcionar oportunidades de neg\u00f3cios e atrair investimentos para o pa\u00eds. \u201cO Porto&hellip;","_links":{"self":[{"href":"https:\/\/construcaocivil.siriusmarketingedesign.com.br\/index.php?rest_route=\/wp\/v2\/posts\/3746","targetHints":{"allow":["GET"]}}],"collection":[{"href":"https:\/\/construcaocivil.siriusmarketingedesign.com.br\/index.php?rest_route=\/wp\/v2\/posts"}],"about":[{"href":"https:\/\/construcaocivil.siriusmarketingedesign.com.br\/index.php?rest_route=\/wp\/v2\/types\/post"}],"author":[{"embeddable":true,"href":"https:\/\/construcaocivil.siriusmarketingedesign.com.br\/index.php?rest_route=\/wp\/v2\/users\/1"}],"replies":[{"embeddable":true,"href":"https:\/\/construcaocivil.siriusmarketingedesign.com.br\/index.php?rest_route=%2Fwp%2Fv2%2Fcomments&post=3746"}],"version-history":[{"count":0,"href":"https:\/\/construcaocivil.siriusmarketingedesign.com.br\/index.php?rest_route=\/wp\/v2\/posts\/3746\/revisions"}],"wp:attachment":[{"href":"https:\/\/construcaocivil.siriusmarketingedesign.com.br\/index.php?rest_route=%2Fwp%2Fv2%2Fmedia&parent=3746"}],"wp:term":[{"taxonomy":"category","embeddable":true,"href":"https:\/\/construcaocivil.siriusmarketingedesign.com.br\/index.php?rest_route=%2Fwp%2Fv2%2Fcategories&post=3746"},{"taxonomy":"post_tag","embeddable":true,"href":"https:\/\/construcaocivil.siriusmarketingedesign.com.br\/index.php?rest_route=%2Fwp%2Fv2%2Ftags&post=3746"}],"curies":[{"name":"wp","href":"https:\/\/api.w.org\/{rel}","templated":true}]}}